{"id":195480,"date":"2019-08-24T15:46:28","date_gmt":"2019-08-24T12:46:28","guid":{"rendered":"http:\/\/www.tvturk.com\/index.php\/cihan-padisahi-fatin-sultan-mehmetin-okulu-acildi\/"},"modified":"2019-08-24T15:46:28","modified_gmt":"2019-08-24T12:46:28","slug":"cihan-padisahi-fatin-sultan-mehmetin-okulu-acildi","status":"publish","type":"post","link":"http:\/\/www.tvturk.com\/index.php\/cihan-padisahi-fatin-sultan-mehmetin-okulu-acildi\/","title":{"rendered":"Cihan Padi\u015fah\u0131 Fatin Sultan Mehmet\u2019in okulu a\u00e7\u0131ld\u0131"},"content":{"rendered":"<p>Edirne\u2019de, restorasyonu tamamlanan Cihan Padi\u015fah\u0131 Fatih Sultan Mehmet\u2019in de e\u011fitim g\u00f6rd\u00fc\u011f\u00fc tarihi Saatli Medrese, K\u00fclt\u00fcr ve Turizm Bakan\u0131 Mehmet Nuri Ersoy\u2019un kat\u0131ld\u0131\u011f\u0131 t\u00f6renle hizmete a\u00e7\u0131ld\u0131.<\/p>\n<p>Osmanl\u0131 D\u00f6nemi\u2019nde, Edirne\u2019deki \u00f6nemli e\u011fitim kurumlar\u0131n\u0131n ba\u015f\u0131nda g\u00f6sterilen ve rivayete g\u00f6re Fatih Sultan Mehmet\u2019in de e\u011fitim ald\u0131\u011f\u0131 Saatli Medrese\u2019nin ihya edilmesinin ard\u0131ndan hizmete a\u00e7\u0131lma t\u00f6reni, K\u00fclt\u00fcr ve Turizm Bakan\u0131 Mehmet Nuri Ersoy\u2019un kat\u0131l\u0131m\u0131yla yap\u0131ld\u0131.<\/p>\n<p>\u201cBu yap\u0131lar\u0131n korunmas\u0131 ve gelecek ku\u015faklara aktar\u0131lmas\u0131 \u00e7ok \u00f6nemlidir\u201d<\/p>\n<p>K\u00fclt\u00fcr ve Turizm Bakan\u0131 Mehmet Nuri Ersoy, a\u00e7\u0131l\u0131\u015f \u00f6ncesi yapt\u0131\u011f\u0131 konu\u015fmas\u0131nda, \u201cAyn\u0131 zamanda birer ilim yuvas\u0131 olan medreseler nice \u0130slam alimleri yeti\u015ftirmi\u015f, cebirden geometriye, t\u0131ptan m\u00fchendisli\u011fe, hukuktan astronomiye Osmanl\u0131\u2019n\u0131n g\u00fcc\u00fcn\u00fc var eden medeni cevheri, adeta nak\u0131\u015f nak\u0131\u015f i\u015flemi\u015flerdir. Hem emanete sahip \u00e7\u0131kmak i\u00e7in, hem de ge\u00e7mi\u015fimizin ilim yuvalar\u0131n\u0131n g\u00fcn\u00fcm\u00fcze rehber olacak birer haf\u0131za g\u00f6revi g\u00f6rmesi a\u00e7\u0131s\u0131ndan bu yap\u0131lar\u0131n korunmas\u0131 ve gelecek ku\u015faklara aktar\u0131lmas\u0131 \u00e7ok \u00f6nemlidir\u201d dedi.<\/p>\n<p>\u201cEski g\u00f6rkemine kavu\u015fturmak i\u00e7in \u00e7ok detayl\u0131 \u00e7al\u0131\u015fmalar yapt\u0131k\u201d<\/p>\n<p>Bakan Ersoy, \u201cSaatli Medrese 1752\u2019de b\u00fcy\u00fck Edirne depremi esnas\u0131nda zarar g\u00f6rm\u00fc\u015ft\u00fc. 1995-2008 y\u0131llar\u0131 aras\u0131nda bir k\u0131s\u0131m onar\u0131m \u00e7al\u0131\u015fmalar\u0131 ger\u00e7ekle\u015ftirildi. Bu d\u00f6nemde bir\u00e7ok odas\u0131 s\u00f6k\u00fclerek yeniden asl\u0131na uygun onar\u0131ld\u0131 ve kur\u015fun kaplama yap\u0131ld\u0131. \u0130kinci restorasyon projesine ise 2016 y\u0131l\u0131nda ba\u015flad\u0131k. Yakla\u015f\u0131k 3,7 milyon lira s\u00f6zle\u015fme bedeli olan bu \u00e7al\u0131\u015fmayla medresemizi tarihi dokusuna ve eski g\u00f6rkemine kavu\u015fturmak i\u00e7in \u00e7ok detayl\u0131 \u00e7al\u0131\u015fmalar yapt\u0131k. \u00c7at\u0131s\u0131ndan taban\u0131na, t\u00fcm h\u00fccre ve dersliklerinden revakl\u0131 avlusuna kadar asl\u0131na uygun \u015fekilde bu miras\u0131 ihya ettik. Duvarlar\u0131ndan s\u00fctunlar\u0131na, onar\u0131m\u0131 m\u00fcmk\u00fcn olan her par\u00e7an\u0131n bak\u0131m\u0131 yap\u0131ld\u0131. Tamamen \u00e7\u00fcr\u00fcm\u00fc\u015f olanlar orijinalinde kullan\u0131lm\u0131\u015f olan \u00f6zg\u00fcn malzemeyle birebir olarak de\u011fi\u015ftirildi. \u00c7evre d\u00fczenlemesi kapsam\u0131nda y\u00fcr\u00fcy\u00fc\u015f yollar\u0131na do\u011fal ta\u015f kaplama yap\u0131ld\u0131, uygun \u015fekilde \u00e7imlendirildi\u201d dedi.<\/p>\n<p>\u201cEdirnelilere g\u00f6n\u00fcl huzuruyla teslim ediyoruz\u201d<\/p>\n<p>Bakan Ersoy, \u201cSaatli Medrese\u2019de de bu bak\u0131\u015f a\u00e7\u0131s\u0131yla \u00e7al\u0131\u015ft\u0131k ve \u015fimdi onun sahibi olan siz sevgili Edirnelilere g\u00f6n\u00fcl huzuruyla teslim ediyoruz. Sizlerden beklentimiz, milli miras\u0131m\u0131z olan bu tarihe, bu dokuya sahip \u00e7\u0131kman\u0131z, koruman\u0131z ve \u00e7ocuklar\u0131m\u0131za ayn\u0131 bilin\u00e7le emanet etmenizdir. Bizim ge\u00e7mi\u015fimiz, \u00e7ocuklar\u0131m\u0131z\u0131n gelece\u011fini in\u015fa etmede \u00e7ok b\u00fcy\u00fck bir g\u00fc\u00e7 olacakt\u0131r. Biz bu fark\u0131ndal\u0131kla \u00e7al\u0131\u015fal\u0131m ve in\u015fallah \u00e7ocuklar\u0131m\u0131z\u0131 da b\u00f6yle yeti\u015ftirelim\u201d dedi.<\/p>\n<p>Saatli Medrese, K\u00fclt\u00fcr ve Turizm Bakan\u0131 Mehmet Nuri Ersoy, Edirne Valisi Ekrem Canalp, AK Parti Edirne Milletvekili Fatma Aksal, Vak\u0131flar Genel M\u00fcd\u00fcr\u00fc Adnan Ertem, Edirne Belediye Ba\u015fkan\u0131 Recep G\u00fcrkan, AK Parti \u0130l Ba\u015fkan\u0131 \u0130lyas Akme\u015fe ve MHP \u0130l Ba\u015fkan\u0131 S\u00fcleyman Ferhato\u011flu ve il protokol\u00fc a\u00e7\u0131l\u0131\u015f kurdelesini kesti.<\/p>\n<p>Bakan Ersoy, Saatli Medrese a\u00e7\u0131l\u0131\u015f\u0131n\u0131n ard\u0131ndan s\u0131ras\u0131yla Selimiye Cami, Ekmek\u00e7izade Kervansaray\u0131 ve Edirne B\u00fcy\u00fck Sinagogu\u2019nu da ziyaret ve incelemelerde bulundu.<\/p>\n<p>Cihan Padi\u015fah\u0131 Fatih Sultan Mehmet\u2019in okulu yeniden ihya edildi<\/p>\n<p>Osmanl\u0131 D\u00f6nemi\u2019nin en \u00f6nemli e\u011fitim kurumlar\u0131 aras\u0131nda g\u00f6sterilen ve Cihan Padi\u015fah\u0131 \u0130stanbul Fatihi Sultan Mehmet Han\u2019\u0131n da e\u011fitim g\u00f6rd\u00fc\u011f\u00fc rivayet edilen Saatli Medrese\u2019de restorasyon \u00e7al\u0131\u015fmalar\u0131nda sona gelindi. Mimar M\u00fcslihittin A\u011fa taraf\u0131ndan tarihi cami \u00dc\u00e7 \u015eerefeli Camisi ile e\u015f zamanl\u0131 olarak yap\u0131lan revakl\u0131 medrese, K\u00fclt\u00fcr ve Turizm Bakan\u0131 Mehmet Nuri Ersoy\u2019un kat\u0131l\u0131m\u0131yla kap\u0131lar\u0131n\u0131 a\u00e7t\u0131.<\/p>\n<p>6 as\u0131r \u00f6nce yap\u0131ld\u0131<\/p>\n<p>\u00dc\u00e7 \u015eerefeli Camisi\u2019nin ve Peykler Medresesi\u2019nin yan\u0131nda bulunan Saatli Medrese, Sultan 2. Murat zaman\u0131nda 1437-1447 y\u0131llar\u0131nda yap\u0131ld\u0131. Avlulu medreseler gurubundan olan medresenin \u00e7evresinde medrese h\u00fccreleri s\u0131raland\u0131. Ayr\u0131ca Fatih Sultan Mehmet\u2019in bu medresede \u00f6\u011frenim g\u00f6rd\u00fc\u011f\u00fcn\u00fc belirten kaynaklar da bulunuyor.<\/p>\n","protected":false},"excerpt":{"rendered":"<p>ED\u0130RNE&#8217;DE, RESTORASYONU TAMAMLANAN C\u0130HAN PAD\u0130\u015eAHI FAT\u0130H SULTAN MEHMET&#8217;\u0130N DE E\u011e\u0130T\u0130M G\u00d6RD\u00dc\u011e\u00dc TAR\u0130H\u0130 SAATL\u0130 MEDRESE, K\u00dcLT\u00dcR VE TUR\u0130ZM BAKANI MEHMET NUR\u0130 ERSOY\u2019UN KATILDI\u011eI T\u00d6RENLE H\u0130ZMETE A\u00c7ILDI.<\/p>\n","protected":false},"author":1,"featured_media":195481,"comment_status":"closed","ping_status":"open","sticky":false,"template":"","format":"standard","meta":{"jetpack_post_was_ever_published":false,"_jetpack_newsletter_access":"","_jetpack_dont_email_post_to_subs":false,"_jetpack_newsletter_tier_id":0,"_jetpack_memberships_contains_paywalled_content":false,"_jetpack_memberships_contains_paid_content":false,"footnotes":"","jetpack_publicize_message":"","jetpack_publicize_feature_enabled":true,"jetpack_social_post_already_shared":true,"jetpack_social_options":{"image_generator_settings":{"template":"highway","default_image_id":0,"font":"","enabled":false},"version":2}},"categories":[1],"tags":[45872,288,49092,18162,2055,48955,3231],"class_list":["post-195480","post","type-post","status-publish","format-standard","has-post-thumbnail","hentry","category-genel","tag-cihan","tag-acildi","tag-fatin","tag-mehmetin","tag-okulu","tag-padisahi","tag-sultan"],"jetpack_publicize_connections":[],"jetpack_featured_media_url":"https:\/\/i0.wp.com\/www.tvturk.com\/wp-content\/uploads\/2019\/08\/cihan-padisahi-fatin-sultan-mehmetin-okulu-acildi_d924899.jpg?fit=1000%2C666","jetpack_sharing_enabled":true,"jetpack_shortlink":"https:\/\/wp.me\/paKIfm-OQU","_links":{"self":[{"href":"http:\/\/www.tvturk.com\/index.php\/wp-json\/wp\/v2\/posts\/195480","targetHints":{"allow":["GET"]}}],"collection":[{"href":"http:\/\/www.tvturk.com\/index.php\/wp-json\/wp\/v2\/posts"}],"about":[{"href":"http:\/\/www.tvturk.com\/index.php\/wp-json\/wp\/v2\/types\/post"}],"author":[{"embeddable":true,"href":"http:\/\/www.tvturk.com\/index.php\/wp-json\/wp\/v2\/users\/1"}],"replies":[{"embeddable":true,"href":"http:\/\/www.tvturk.com\/index.php\/wp-json\/wp\/v2\/comments?post=195480"}],"version-history":[{"count":0,"href":"http:\/\/www.tvturk.com\/index.php\/wp-json\/wp\/v2\/posts\/195480\/revisions"}],"wp:featuredmedia":[{"embeddable":true,"href":"http:\/\/www.tvturk.com\/index.php\/wp-json\/wp\/v2\/media\/195481"}],"wp:attachment":[{"href":"http:\/\/www.tvturk.com\/index.php\/wp-json\/wp\/v2\/media?parent=195480"}],"wp:term":[{"taxonomy":"category","embeddable":true,"href":"http:\/\/www.tvturk.com\/index.php\/wp-json\/wp\/v2\/categories?post=195480"},{"taxonomy":"post_tag","embeddable":true,"href":"http:\/\/www.tvturk.com\/index.php\/wp-json\/wp\/v2\/tags?post=195480"}],"curies":[{"name":"wp","href":"https:\/\/api.w.org\/{rel}","templated":true}]}}