{"id":195494,"date":"2019-08-24T16:01:55","date_gmt":"2019-08-24T13:01:55","guid":{"rendered":"http:\/\/www.tvturk.com\/index.php\/ermeni-vakfi-kozandaki-tarihi-manastirin-iadesi-icin-dava-acti\/"},"modified":"2019-08-24T16:01:55","modified_gmt":"2019-08-24T13:01:55","slug":"ermeni-vakfi-kozandaki-tarihi-manastirin-iadesi-icin-dava-acti","status":"publish","type":"post","link":"http:\/\/www.tvturk.com\/index.php\/ermeni-vakfi-kozandaki-tarihi-manastirin-iadesi-icin-dava-acti\/","title":{"rendered":"Ermeni Vakf\u0131, Kozan\u2019daki tarihi manast\u0131r\u0131n iadesi i\u00e7in dava a\u00e7t\u0131"},"content":{"rendered":"<p>Merkezi L\u00fcbnan\u2019da bulunan Ermeni Vakf\u0131 taraf\u0131ndan Adana\u2019n\u0131n Kozan il\u00e7esindeki tarihi Kozan Kalesi eteklerinde bulunan Sis Manast\u0131r\u0131\u2019n\u0131n tapusunun kendilerine verilmesi i\u00e7in Kozan 2. Asliye Hukuk Mahkemesine tapu iptal ve tescil davas\u0131 a\u00e7\u0131ld\u0131.<\/p>\n<p>2 Haziran 1920 y\u0131l\u0131nda Kozan\u2019\u0131n d\u00fc\u015fman i\u015fgalinden kurtulu\u015funun ard\u0131ndan b\u00f6lgeyi terk eden Ermenilerin, bug\u00fcn Adana\u2019n\u0131n Kozan il\u00e7esindeki atalar\u0131na ait oldu\u011funu iddia ettikleri Kozan Kalesi eteklerinde bulunan tarihi Sis Manast\u0131r\u0131\u2019n\u0131 geri almak i\u00e7in Kozan 2. Asliye Hukuk Mahkemesine tapu iptal ve tescil davas\u0131 a\u00e7t\u0131klar\u0131 kaydedildi.<\/p>\n<p>Ge\u00e7mi\u015f y\u0131llarda yine tarihi manast\u0131r\u0131n Ermenilere iadesi i\u00e7in Kilikya Ermeni Katolikoslu\u011fu taraf\u0131ndan 28 May\u0131s 2015 tarihinde \u00f6nce Anayasa Mahkemesi Ba\u015fkanl\u0131\u011f\u0131\u2019na ba\u015fvurulmu\u015f, Anayasa Mahkemesi\u2019ne yap\u0131lan ba\u015fvurunun reddedilmesinin ard\u0131ndan buradan olumsuz yan\u0131t alan Ermeniler davay\u0131 Avrupa \u0130nsan Haklar\u0131 Mahkemesi\u2019ne g\u00f6t\u00fcrm\u00fc\u015ft\u00fc.<\/p>\n<p>Ermeni Kilisesi\u2019nin ba\u015fl\u0131ca d\u00f6rt ruhani merkezlerinden biri olan Kilikya Ermeni Katolikoslu\u011fu, Adana\u2019n\u0131n Kozan (Sis) il\u00e7esinde bulunan manast\u0131r ve tarihi Sis Ermeni Katolikoslu\u011fu\u2019nun bulundu\u011fu arazinin iadesine ili\u015fkin Avrupa \u0130nsan Haklar\u0131 Mahkemesi\u2019ne (A\u0130HM) ba\u015fvurmu\u015flard\u0131.<\/p>\n<p>Ermeni Vakf\u0131 avukatlar\u0131 taraf\u0131ndan aradan ge\u00e7en uzun zaman diliminin ard\u0131ndan yeniden Kozan 2. Asliye Hukuk Mahkemesine ba\u015fvurularak tarihi manast\u0131r\u0131n tapu iptal ve tescili i\u00e7in dava a\u00e7t\u0131klar\u0131 kaydedildi.<\/p>\n","protected":false},"excerpt":{"rendered":"<p>MERKEZ\u0130 L\u00dcBNAN\u2019DA BULUNAN ERMEN\u0130 VAKFI TARAFINDAN ADANA\u2019NIN KOZAN \u0130L\u00c7ES\u0130NDEK\u0130 TAR\u0130H\u0130 KOZAN KALES\u0130 ETEKLER\u0130NDE BULUNAN S\u0130S MANASTIRI\u2019NIN TAPUSUNUN KEND\u0130LER\u0130NE VER\u0130LMES\u0130 \u0130\u00c7\u0130N KOZAN 2. ASL\u0130YE HUKUKMAHSEMES\u0130NE TAPU \u0130PTAL VE TESC\u0130L DAVASI A\u00c7ILDI.<\/p>\n","protected":false},"author":1,"featured_media":195495,"comment_status":"closed","ping_status":"open","sticky":false,"template":"","format":"standard","meta":{"jetpack_post_was_ever_published":false,"_jetpack_newsletter_access":"","_jetpack_dont_email_post_to_subs":false,"_jetpack_newsletter_tier_id":0,"_jetpack_memberships_contains_paywalled_content":false,"_jetpack_memberships_contains_paid_content":false,"footnotes":"","jetpack_publicize_message":"","jetpack_publicize_feature_enabled":true,"jetpack_social_post_already_shared":true,"jetpack_social_options":{"image_generator_settings":{"template":"highway","default_image_id":0,"font":"","enabled":false},"version":2}},"categories":[1],"tags":[1494,14678,959,14494,44,49094,49095,800,6604],"class_list":["post-195494","post","type-post","status-publish","format-standard","has-post-thumbnail","hentry","category-genel","tag-acti","tag-dava","tag-ermeni","tag-iadesi","tag-icin","tag-kozandaki","tag-manastirin","tag-tarihi","tag-vakfi"],"jetpack_publicize_connections":[],"jetpack_featured_media_url":"https:\/\/i0.wp.com\/www.tvturk.com\/wp-content\/uploads\/2019\/08\/ermeni-vakfi-kozandaki-tarihi-manastirin-iadesi-icin-dava-acti_c1b9512.jpg?fit=1000%2C662","jetpack_sharing_enabled":true,"jetpack_shortlink":"https:\/\/wp.me\/paKIfm-OR8","_links":{"self":[{"href":"http:\/\/www.tvturk.com\/index.php\/wp-json\/wp\/v2\/posts\/195494","targetHints":{"allow":["GET"]}}],"collection":[{"href":"http:\/\/www.tvturk.com\/index.php\/wp-json\/wp\/v2\/posts"}],"about":[{"href":"http:\/\/www.tvturk.com\/index.php\/wp-json\/wp\/v2\/types\/post"}],"author":[{"embeddable":true,"href":"http:\/\/www.tvturk.com\/index.php\/wp-json\/wp\/v2\/users\/1"}],"replies":[{"embeddable":true,"href":"http:\/\/www.tvturk.com\/index.php\/wp-json\/wp\/v2\/comments?post=195494"}],"version-history":[{"count":0,"href":"http:\/\/www.tvturk.com\/index.php\/wp-json\/wp\/v2\/posts\/195494\/revisions"}],"wp:featuredmedia":[{"embeddable":true,"href":"http:\/\/www.tvturk.com\/index.php\/wp-json\/wp\/v2\/media\/195495"}],"wp:attachment":[{"href":"http:\/\/www.tvturk.com\/index.php\/wp-json\/wp\/v2\/media?parent=195494"}],"wp:term":[{"taxonomy":"category","embeddable":true,"href":"http:\/\/www.tvturk.com\/index.php\/wp-json\/wp\/v2\/categories?post=195494"},{"taxonomy":"post_tag","embeddable":true,"href":"http:\/\/www.tvturk.com\/index.php\/wp-json\/wp\/v2\/tags?post=195494"}],"curies":[{"name":"wp","href":"https:\/\/api.w.org\/{rel}","templated":true}]}}