{"id":195500,"date":"2019-08-24T16:16:04","date_gmt":"2019-08-24T13:16:04","guid":{"rendered":"http:\/\/www.tvturk.com\/index.php\/g7-fransada-basliyor\/"},"modified":"2019-08-24T16:16:04","modified_gmt":"2019-08-24T13:16:04","slug":"g7-fransada-basliyor","status":"publish","type":"post","link":"http:\/\/www.tvturk.com\/index.php\/g7-fransada-basliyor\/","title":{"rendered":"G7 Fransa\u2019da ba\u015fl\u0131yor"},"content":{"rendered":"<p>D\u00fcnyan\u0131n en b\u00fcy\u00fck 7 ekonomisinin liderleri bir araya geldi\u011fi G7 zirvesinde ticaret sava\u015flar\u0131, Amazon Ormanlar\u0131ndaki yang\u0131nlar, k\u00fcresel \u0131s\u0131nma, \u0130ran\u2019\u0131n n\u00fckleer enerji program\u0131 ve uluslararas\u0131 g\u00fcvenlik gibi konular masaya yat\u0131r\u0131lacak.<\/p>\n<p>Fransa\u2019n\u0131n Biarritz \u015fehrinde toplanan d\u00fcnyan\u0131n en b\u00fcy\u00fck 7 ekonomisinin lirleri, G7 zirvesinde bir araya gelerek, grubun i\u00e7inde anla\u015fmazl\u0131\u011fa sebep olan k\u00fcresel sorunlar\u0131 g\u00f6r\u00fc\u015fecek.  Zirveye ev sahipli\u011fi yapan Fransa Cumhurba\u015fkan\u0131 Emmanuel Macron, \u0130ngiltere, Kanada, Almanya, \u0130talya, Japonya ve ABD liderlerini a\u011f\u0131rlayarak ticaret sava\u015flar\u0131, k\u00fcresel \u0131s\u0131nma, \u0130ran\u2019\u0131n n\u00fckleer enerji program\u0131, uluslararas\u0131 g\u00fcvenlik, gelir e\u015fitsizli\u011fi ve Amazon Ormanlar\u0131ndaki yang\u0131nlar hakk\u0131nda g\u00f6r\u00fc\u015fmeler ger\u00e7ekle\u015ftirecek. Macron ayn\u0131 zamanda Asyal\u0131, Afrikal\u0131 ve Latin Amerikal\u0131 baz\u0131 liderleri de zirveye \u00e7a\u011f\u0131rarak verilecek kararlarda pay sahibi olma \u00e7a\u011fr\u0131s\u0131nda bulunmu\u015f ve ortak bir m\u00fccadele g\u00f6sterilmesi gerekti\u011fini s\u00f6ylemi\u015fti. Zirve i\u00e7in Fransa\u2019ya gelen ABD Ba\u015fkan\u0131 Donald Trump, Fransa Cumhurba\u015fkan\u0131 MAcron ile bir araya gelerek zirvenin g\u00fcndemi hakk\u0131nda \u00f6n g\u00f6r\u00fc\u015fmede bulundu.<\/p>\n<p>Ancak Avrupa Konseyi Ba\u015fkan\u0131 Donald Tusk, Macron\u2019un \u00e7a\u011fr\u0131s\u0131na karamsar bakarak, G7 \u00fclkeleri aras\u0131ndaki \u201cmanas\u0131z anla\u015fmazl\u0131klar\u0131\u201d k\u0131nayan ortak bir zemin bulman\u0131n zor olaca\u011f\u0131n\u0131 kabul etti. Tusk zirve \u00f6ncesi gazetecilere verdi\u011fi deme\u00e7te, \u201cBu, \u00f6zg\u00fcr d\u00fcnyan\u0131n ve liderlerinin birlik ve beraberli\u011finin zor bir s\u0131nav\u0131 olacak bir ba\u015fka G7 zirvesi. Hepimiz i\u00e7in ortak bir dil bulmak gittik\u00e7e zorla\u015f\u0131yor ve d\u00fcnya bizim i\u015fbirli\u011fimize daha \u00e7ok ihtiya\u00e7 duyuyor, daha az de\u011fil. Bu, politik toplulu\u011fumuzu restore etmek i\u00e7in son f\u0131rsat olabilir\u201d dedi.<\/p>\n","protected":false},"excerpt":{"rendered":"<p>D\u00dcNYANIN EN B\u00dcY\u00dcK 7 EKONOM\u0130S\u0130N\u0130N L\u0130DERLER\u0130 B\u0130R ARAYA GELD\u0130\u011e\u0130 G7 Z\u0130RVES\u0130NDE T\u0130CARET SAVA\u015eLARI, AMAZON ORMANLARINDAK\u0130 YANGINLAR, K\u00dcRESEL ISINMA, \u0130RAN\u2019IN N\u00dcKLEER ENERJ\u0130 PROGRAMI VE ULUSLARARASI G\u00dcVENL\u0130K G\u0130B\u0130 KONULAR MASAYA YATIRILACAK.<\/p>\n","protected":false},"author":1,"featured_media":195501,"comment_status":"closed","ping_status":"open","sticky":false,"template":"","format":"standard","meta":{"jetpack_post_was_ever_published":false,"_jetpack_newsletter_access":"","_jetpack_dont_email_post_to_subs":false,"_jetpack_newsletter_tier_id":0,"_jetpack_memberships_contains_paywalled_content":false,"_jetpack_memberships_contains_paid_content":false,"footnotes":"","jetpack_publicize_message":"","jetpack_publicize_feature_enabled":true,"jetpack_social_post_already_shared":true,"jetpack_social_options":{"image_generator_settings":{"template":"highway","default_image_id":0,"font":"","enabled":false},"version":2}},"categories":[10],"tags":[1647,901],"class_list":["post-195500","post","type-post","status-publish","format-standard","has-post-thumbnail","hentry","category-dunya","tag-basliyor","tag-fransada"],"jetpack_publicize_connections":[],"jetpack_featured_media_url":"https:\/\/i0.wp.com\/www.tvturk.com\/wp-content\/uploads\/2019\/08\/g7-fransada-basliyor_0380ca3.jpg?fit=1000%2C666","jetpack_sharing_enabled":true,"jetpack_shortlink":"https:\/\/wp.me\/paKIfm-ORe","_links":{"self":[{"href":"http:\/\/www.tvturk.com\/index.php\/wp-json\/wp\/v2\/posts\/195500","targetHints":{"allow":["GET"]}}],"collection":[{"href":"http:\/\/www.tvturk.com\/index.php\/wp-json\/wp\/v2\/posts"}],"about":[{"href":"http:\/\/www.tvturk.com\/index.php\/wp-json\/wp\/v2\/types\/post"}],"author":[{"embeddable":true,"href":"http:\/\/www.tvturk.com\/index.php\/wp-json\/wp\/v2\/users\/1"}],"replies":[{"embeddable":true,"href":"http:\/\/www.tvturk.com\/index.php\/wp-json\/wp\/v2\/comments?post=195500"}],"version-history":[{"count":0,"href":"http:\/\/www.tvturk.com\/index.php\/wp-json\/wp\/v2\/posts\/195500\/revisions"}],"wp:featuredmedia":[{"embeddable":true,"href":"http:\/\/www.tvturk.com\/index.php\/wp-json\/wp\/v2\/media\/195501"}],"wp:attachment":[{"href":"http:\/\/www.tvturk.com\/index.php\/wp-json\/wp\/v2\/media?parent=195500"}],"wp:term":[{"taxonomy":"category","embeddable":true,"href":"http:\/\/www.tvturk.com\/index.php\/wp-json\/wp\/v2\/categories?post=195500"},{"taxonomy":"post_tag","embeddable":true,"href":"http:\/\/www.tvturk.com\/index.php\/wp-json\/wp\/v2\/tags?post=195500"}],"curies":[{"name":"wp","href":"https:\/\/api.w.org\/{rel}","templated":true}]}}