{"id":195515,"date":"2019-08-24T17:16:29","date_gmt":"2019-08-24T14:16:29","guid":{"rendered":"http:\/\/www.tvturk.com\/?p=195515"},"modified":"2019-08-24T19:47:38","modified_gmt":"2019-08-24T16:47:38","slug":"kurban-bayrami-ve-yine-sozde-hayvan-severlerin-getirdigi-elestirel-yaklasim","status":"publish","type":"post","link":"http:\/\/www.tvturk.com\/index.php\/kurban-bayrami-ve-yine-sozde-hayvan-severlerin-getirdigi-elestirel-yaklasim\/","title":{"rendered":"KURBAN BAYRAMI ve Y\u0130NE S\u00d6ZDE HAYVAN SEVERLER\u0130N GET\u0130RD\u0130\u011e\u0130 ELE\u015eT\u0130REL YAKLA\u015eIM"},"content":{"rendered":"\n<p>Eski\u00a0 i\u015f yerimde bir g\u00fcn benden bir hayli ya\u015fl\u0131 ve entelekt\u00fcel ama dine biraz mesafeli arkada\u015f\u0131m heyecanla odama dald\u0131. \u2018\u2019Bak Zuhuri Kur\u2019an da yer alan tufan olay\u0131 hitit tabletlerinde de ge\u00e7iyor, bunu al\u0131p kutsal kitaba koymu\u015flar\u2019\u2019 dedi. Bakt\u0131m yaz\u0131ya , yaz\u0131 \u00fclkemizin yeti\u015ftirdi\u011fi me\u015fhur Hititolog Mualla Ey\u00fcpo\u011flu han\u0131mefendiye ait. Tebess\u00fcm ederek muhatab\u0131m\u0131n heyecanl\u0131 y\u00fcz\u00fcne bakt\u0131m ve \u2018\u2019 X. A\u011fbiy bu senin iddian\u0131 do\u011frulamaz Kur\u2019an-\u0131 \u00a0\u00a0do\u011frular\u2019\u2019 dedim. \u2018\u2019nas\u0131l yani\u2019\u2019 dedi. Ben de \u2018\u2019Demek ki kutsal kitab\u0131m\u0131zda yaz\u0131lan bu olay do\u011fruymu\u015f ve kitab\u0131m\u0131zda do\u011fru \u015feyler yazm\u0131\u015f. \u0130nanc\u0131m\u0131 daha da kuvvetlendirdin. Te\u015fekk\u00fcr ederim\u2019\u2019 dedim. Ge\u00e7mi\u015fte olan \u00f6nemli, toplumu derinden etkileyen bir olay o toplumun haf\u0131zas\u0131na kaz\u0131n\u0131r ve nesiller boyu aktar\u0131l\u0131r. Hz. Nuh\u2019un ya\u015fad\u0131\u011f\u0131 tufan olay\u0131 da \u00f6yle. Y\u00fczy\u0131llar boyu toplumdan topluma aktar\u0131lm\u0131\u015f ve Hititlerin tabletlerine dahi yans\u0131t\u0131lm\u0131\u015f. <\/p>\n\n\n\n<p>Benzeri iddiay\u0131 pop\u00fcler sosyolo\u011fumuz Ertu\u011frul \u00d6zk\u00f6k\u2019te\nsayfas\u0131na ta\u015f\u0131m\u0131\u015f. Ne yazm\u0131\u015f: \u0130nanc\u0131 i\u00e7in hayvan kurban etme gelene\u011fini\nM\u00fcsl\u00fcmanlar icat etmedi.Troya\u2019da sava\u015fanlar ara verince kurban keserlerdi.En\nilkel topluluklarda da uygulan\u0131yordu.Ama d\u00fcnyadaki inan\u00e7lar\u0131n \u00e7ok b\u00fcy\u00fck b\u00f6l\u00fcm\u00fc\nhayvan kurban etme gelene\u011finden vazge\u00e7ti.Bir M\u00fcsl\u00fcmanlar hari\u00e7.\u00d6teki inan\u00e7lar\nvazge\u00e7erken, M\u00fcsl\u00fcmanlar niye vazge\u00e7medi? Diye soruyor.<\/p>\n\n\n\n<p>Evet vazge\u00e7medik bu &nbsp;en ilkel toplumlarda uygulanan bu adetten. Unuttuklar\u0131\n\u015funlar; \u0130slam inan\u0131\u015f\u0131na g\u00f6re t\u00fcm varola gelmi\u015f peygamberler \u0130slamidir. \u00c7\u00fcnk\u00fc\ntek kaynakdan geliyorlar. A zaman\u0131nda farkl\u0131 B zaman\u0131nda tam tersi olmaz.\nSonradan toplumlarda sapmalar , bozulmalar ya\u015fanm\u0131\u015fd\u0131r. Bu toplumlar\u0131n\nbaz\u0131lar\u0131&nbsp; Allah\u2019\u0131n buyruklar\u0131n\u0131\nunuttuklar\u0131 gibi dini uygulamalarda da sapk\u0131nl\u0131\u011fa giderek insan\u0131 dahi kurban\netmeye ba\u015flam\u0131\u015flard\u0131r. 2010 Y\u0131l\u0131nda gitti\u011fim \u00dcrd\u00fcn\u2019de Petra tarihi mekan\u0131nda\n(Musa Vadisi de denilmekde) Nebatilerin insan\u0131 tanr\u0131ya kurban etmek i\u00e7in\nyapt\u0131klar\u0131 sunaklar\u0131 da g\u00f6rm\u00fc\u015fd\u00fcm. Hz. \u0130brahimle birlikte Kurban\u0131n nas\u0131l\nolaca\u011f\u0131, nas\u0131l kesilece\u011fi tekrar g\u00f6sterilerek toplumun haf\u0131zas\u0131 tekrar\ng\u00fcncellenmi\u015fdir. Bizim dinimizde de Hac mevsiminde Hz. Adem ve Hz.\u0130brahim&#8217;in\nba\u015f\u0131ndan ge\u00e7enleri sembolize eden bir uygulamalar zinciri vard\u0131r( Arafat\u2019a\n\u00e7\u0131k\u0131p dua etmek,Safa-Merve aras\u0131 se\u011firtmek, 7 kez Tavaf etmek, \u015feytan\u0131 \/asl\u0131nda\ninsan i\u00e7ineki &nbsp;70&#8217;e yak\u0131n k\u00f6t\u00fc hasleti\nta\u015flamak, kurban kesmek vb). <\/p>\n\n\n\n<p>&nbsp;Bizim inanc\u0131m\u0131za g\u00f6re\n\u0130lkel diye tabir edilen kabilelerden \u00f6nce Hz. Adem yarad\u0131lm\u0131\u015fd\u0131r. Ve ilk kurban\nolay\u0131da -malum- o\u011fullar\u0131 Habil ile Kabil aras\u0131nda tart\u0131\u015fma konusu olmu\u015fdur. &nbsp;E\u011fer di\u011fer dinler vazge\u00e7mi\u015fse &nbsp;O onlar\u0131 ilgilendirir. \u0130slam inan\u0131\u015f\u0131na g\u00f6re\nzaten o dinler asl\u0131na uygun kalsa idi \u0130slamla bir farkl\u0131l\u0131\u011f\u0131 kalmazd\u0131.<\/p>\n\n\n\n<p>\u0130slama g\u00f6re Kurban olay\u0131n\u0131&nbsp;\ninceliyecek olursak;<\/p>\n\n\n\n<p>Kevser Suresi 2.ayetinde \u2018\u2019 Art\u0131k namaz k\u0131l Rabbine ve\nkurban kes sen\u2019\u2019 &nbsp;emrinin bir ba\u015fka\nmanaya da gelme ihtimaline kar\u015f\u0131, alimlerin \u00e7o\u011fu kurban\u0131n kesin bir farz\nolmad\u0131\u011f\u0131 kanaatine varm\u0131\u015flard\u0131r. Hanefiler&nbsp;\nbu emrin, kesin yap\u0131lmas\u0131 gereken bir talep&nbsp; oldu\u011funu, ancak bu farkl\u0131 yorum ihtimaline\nbakarak buna inanmayan\u0131n dinden \u00e7\u0131kmayaca\u011f\u0131 kanaatine varm\u0131\u015flar. Hanef\u00eeler\n\u201cfarz\u201d de\u011fil de \u201cvacip\u201d kavram\u0131n\u0131 kullan\u0131rlar. Bu sebeple kurban Hanefilere\ng\u00f6re vaciptir.<\/p>\n\n\n\n<p>\u015eafiilere g\u00f6re ise kurban s\u00fcnnettir, ama s\u0131radan bir s\u00fcnnet\nde\u011fildir. Yap\u0131lmas\u0131 gereken bir s\u00fcnnettir, yani \u201cs\u00fcnneti laz\u0131me\u201d dir.<\/p>\n\n\n\n<p>M\u00fcslim \u015f\u00f6yle nakletmi\u015ftir. \u201cAllah Rasul\u00fc Medine\u2019de kurban\nbayram namaz\u0131n\u0131 k\u0131ld\u0131rm\u0131\u015ft\u0131. Baz\u0131 insanlar acele davran\u0131p kurbanlar\u0131n\u0131\nkestiler. Hz. Peygamber\u2019in kesti\u011fini zannetmi\u015flerdi. Bunun \u00fczerine Hz.\nPeygamber (sav) kendinden \u00f6nce kesenlerin tekrar kurbanlar\u0131n\u0131 kesmelerini\nemretti. E\u011fer kurban sadece isteyenlerin kesecekleri bir ibadet olsayd\u0131,\nonlar\u0131n iade etmelerini emretmezdi.\u201d<\/p>\n\n\n\n<p>Sonu\u00e7: Hanef\u00eelere g\u00f6re kurban kesmek vaciptir, kesmeyen\ng\u00fcnahkar olur. \u015eafi\u00eelere g\u00f6re kesmek s\u00fcnnettir, kesmeyen g\u00fcnahkar olmaz.<\/p>\n\n\n\n<p>Biz bu rit\u00fcelleri inanc\u0131m\u0131z gere\u011fi yap\u0131yoruz. Ama baz\u0131lar\u0131na\nne oluyor nas\u0131l oluyorsa -s\u00f6zde hayvanlar\u0131 koruma ad\u0131na- kurallar\u0131n ya sa\u00e7ma\noldugunu veya art\u0131k ge\u00e7ersiz oldugunu veya Kuran&#8217;da yazmad\u0131\u011f\u0131n\u0131 belirtiyorlar. Bu\nele\u015ftiriyi yapanlar\u0131n \u00e7o\u011fu lokantalarda kebab yemiyor mu? deri ceket giymiyor\nmu? deri ayakkab\u0131 giymiyor mu? 3-5 milyon kazanaca\u011f\u0131m diye \u00e7evreyi kirleten\nfabrikalar\u0131 a\u00e7\u0131p karbon sal\u0131n\u0131m\u0131na neden olmuyor mu?&nbsp; Egzost gaz\u0131yla havay\u0131 kirleterek &nbsp;do\u011fadaki yarat\u0131klara zarar vermiyor mu? <\/p>\n\n\n\n<p>Bir bayan arkada\u015f vard\u0131 , sosyal medyada &nbsp;O &nbsp;da\nyazm\u0131\u015f; hayvanlar\u0131 neden kurban ediyorsunuz diye. \u00c7ok iyi hat\u0131rlar\u0131m bagaj\u0131nda\n20 \u00e7ift -\u00e7o\u011fuda deriden- ayakkab\u0131s\u0131 vard\u0131. Kebabc\u0131 ziyaretlerini de burda\nde\u011finmiyeyim. <\/p>\n\n\n\n<p>Bence ak\u0131ll\u0131ca bir ele\u015ftiri yap\u0131lacak ise: <\/p>\n\n\n\n<p>1. Kurbanlar\u0131n etleri t\u00fcm d\u00fcnyadaki M\u00fcsl\u00fcman n\u00fcfusa sahip\n\u00fclkeler aras\u0131nda yap\u0131lacak bir organizasyonla gelir adaletsizli\u011fi ve s\u00f6m\u00fcr\u00fc\nd\u00fczenleri veya sava\u015flar nedeniyle a\u00e7l\u0131ktan \u00f6lmek \u00fczere olan insanlara neden\nula\u015ft\u0131r\u0131lam\u0131yor <\/p>\n\n\n\n<p>2. Kesilen etler neden piknik alanlar\u0131na meze &nbsp;oluyor ?<\/p>\n\n\n\n<p>3. Kurban kesilirken hijyene, at\u0131\u011fa dikkat ediliyor mu?\nNeden kurban kesimi sonras\u0131 \u00e7o\u011fu sokaklar\u0131m\u0131za girilemez, deniz k\u0131y\u0131lar\u0131m\u0131zda\ny\u00fcz\u00fclemez hale geliyor?<\/p>\n\n\n\n<p>&nbsp;4. Hayvanlar\u0131\nkeserken hassasiyet g\u00f6steriliyor mu? <\/p>\n\n\n\n<p>5. Kurbanlar g\u00fcvenilir b\u00fcy\u00fck kurumlar vas\u0131tas\u0131yla \u00fclke\ni\u00e7inde de fakirlere da\u011f\u0131t\u0131m\u0131 neden sa\u011flanam\u0131yor gibi konularda \u015fikayetci\nolsalar , \u00e7\u00f6z\u00fcm \u00f6nerileri getirseler daha makul ve anla\u015f\u0131l\u0131r olur. <\/p>\n\n\n\n<p>Yoksa s\u00f6yleyenleri hep artniyetli olarak &nbsp;anlamaya devam edece\u011fiz. Burdan asl\u0131nda kas\u0131dlar\u0131\n&nbsp;\u015fu; \u0130slam\u0131n y\u00fcce kitab\u0131nda ge\u00e7en,\nhadislere yans\u0131yan bu adet asl\u0131nda ilkel toplumlardan bir al\u0131nt\u0131d\u0131r. K\u0131saca\n\u0130slam&nbsp; bu toplumlar\u0131 taklid etmi\u015f ve\ngayri \u0130slami bir inan\u0131\u015f\u0131 kendine maletmi\u015fdir. Bence herkes kendi i\u015fine ve kendi\ninan\u00e7 d\u00fcnyas\u0131na baks\u0131n. Ge\u00e7mi\u015f bayram\u0131n\u0131z\u0131 kutlar\u0131m<\/p>\n","protected":false},"excerpt":{"rendered":"<p>Eski\u00a0 i\u015f yerimde bir g\u00fcn benden bir hayli ya\u015fl\u0131 ve entelekt\u00fcel ama dine biraz mesafeli arkada\u015f\u0131m heyecanla odama dald\u0131. \u2018\u2019Bak Zuhuri Kur\u2019an da yer alan tufan olay\u0131 hitit tabletlerinde de ge\u00e7iyor, bunu al\u0131p kutsal kitaba koymu\u015flar\u2019\u2019 dedi. Bakt\u0131m yaz\u0131ya , yaz\u0131 \u00fclkemizin yeti\u015ftirdi\u011fi me\u015fhur Hititolog Mualla Ey\u00fcpo\u011flu han\u0131mefendiye ait. Tebess\u00fcm ederek muhatab\u0131m\u0131n heyecanl\u0131 y\u00fcz\u00fcne bakt\u0131m [&hellip;]<\/p>\n","protected":false},"author":11,"featured_media":195581,"comment_status":"closed","ping_status":"closed","sticky":false,"template":"","format":"standard","meta":{"jetpack_post_was_ever_published":false,"_jetpack_newsletter_access":"","_jetpack_dont_email_post_to_subs":false,"_jetpack_newsletter_tier_id":0,"_jetpack_memberships_contains_paywalled_content":false,"_jetpack_memberships_contains_paid_content":false,"footnotes":"","jetpack_publicize_message":"","jetpack_publicize_feature_enabled":true,"jetpack_social_post_already_shared":true,"jetpack_social_options":{"image_generator_settings":{"template":"highway","default_image_id":0,"font":"","enabled":false},"version":2}},"categories":[8,5,646],"tags":[],"class_list":["post-195515","post","type-post","status-publish","format-standard","has-post-thumbnail","hentry","category-analiz","category-gundem","category-kose-yazilari"],"jetpack_publicize_connections":[],"jetpack_featured_media_url":"https:\/\/i0.wp.com\/www.tvturk.com\/wp-content\/uploads\/2019\/08\/bull.jpg?fit=3472%2C2314","jetpack_sharing_enabled":true,"jetpack_shortlink":"https:\/\/wp.me\/paKIfm-ORt","_links":{"self":[{"href":"http:\/\/www.tvturk.com\/index.php\/wp-json\/wp\/v2\/posts\/195515","targetHints":{"allow":["GET"]}}],"collection":[{"href":"http:\/\/www.tvturk.com\/index.php\/wp-json\/wp\/v2\/posts"}],"about":[{"href":"http:\/\/www.tvturk.com\/index.php\/wp-json\/wp\/v2\/types\/post"}],"author":[{"embeddable":true,"href":"http:\/\/www.tvturk.com\/index.php\/wp-json\/wp\/v2\/users\/11"}],"replies":[{"embeddable":true,"href":"http:\/\/www.tvturk.com\/index.php\/wp-json\/wp\/v2\/comments?post=195515"}],"version-history":[{"count":1,"href":"http:\/\/www.tvturk.com\/index.php\/wp-json\/wp\/v2\/posts\/195515\/revisions"}],"predecessor-version":[{"id":195529,"href":"http:\/\/www.tvturk.com\/index.php\/wp-json\/wp\/v2\/posts\/195515\/revisions\/195529"}],"wp:featuredmedia":[{"embeddable":true,"href":"http:\/\/www.tvturk.com\/index.php\/wp-json\/wp\/v2\/media\/195581"}],"wp:attachment":[{"href":"http:\/\/www.tvturk.com\/index.php\/wp-json\/wp\/v2\/media?parent=195515"}],"wp:term":[{"taxonomy":"category","embeddable":true,"href":"http:\/\/www.tvturk.com\/index.php\/wp-json\/wp\/v2\/categories?post=195515"},{"taxonomy":"post_tag","embeddable":true,"href":"http:\/\/www.tvturk.com\/index.php\/wp-json\/wp\/v2\/tags?post=195515"}],"curies":[{"name":"wp","href":"https:\/\/api.w.org\/{rel}","templated":true}]}}