{"id":195530,"date":"2019-08-24T17:16:32","date_gmt":"2019-08-24T14:16:32","guid":{"rendered":"http:\/\/www.tvturk.com\/index.php\/karadeniz-sahil-yolunda-kurek-cektiler\/"},"modified":"2019-08-24T17:16:32","modified_gmt":"2019-08-24T14:16:32","slug":"karadeniz-sahil-yolunda-kurek-cektiler","status":"publish","type":"post","link":"http:\/\/www.tvturk.com\/index.php\/karadeniz-sahil-yolunda-kurek-cektiler\/","title":{"rendered":"Karadeniz Sahil Yolu\u2019nda k\u00fcrek \u00e7ektiler"},"content":{"rendered":"<p>Sel felaketine maruz kalan Samsun\u2019un Terme il\u00e7esinde Karadeniz Sahil Yolu\u2019nda vatanda\u015flar\u0131n tekne ile k\u00fcrek \u00e7ekerek ilerlemesi tarihi bir g\u00f6r\u00fcnt\u00fcy\u00fc ortaya \u00e7\u0131kard\u0131.<\/p>\n<p>Bir g\u00fcnde metre kareye d\u00fc\u015fen 201 kilo ya\u011fmur sel felaketine yol a\u00e7t\u0131. Sa\u011fanak sonucu Samsun\u2019un Sal\u0131pazar\u0131 ve Terme il\u00e7eleri sele teslim oldu. Selde iki ki\u015fi hayat\u0131n\u0131 kaybederken, iki il\u00e7ede b\u00fcy\u00fck \u00e7apta maddi zarar meydana geldi.<\/p>\n<p>Selde Karadeniz f\u0131kras\u0131n\u0131 aratmayan g\u00f6r\u00fcnt\u00fcler de ortaya \u00e7\u0131kt\u0131. Terme il\u00e7esinde sel sular\u0131yla dolan Karadeniz Sahil Yolu\u2019nda baz\u0131 vatanda\u015flar\u0131 ula\u015f\u0131m\u0131 tekne ile sa\u011flad\u0131. G\u00f6renleri \u015fa\u015fk\u0131na \u00e7eviren g\u00f6r\u00fcnt\u00fc, yoldan ge\u00e7en s\u00fcr\u00fcc\u00fcler taraf\u0131ndan cep telefonlar\u0131 kameralar\u0131yla anbean kaydedildi. Yolda hem ara\u00e7lar hem de teknenin seyir etmesi tarihi bir g\u00f6r\u00fcnt\u00fcy\u00fc ortaya \u00e7\u0131kard\u0131. Bu g\u00f6r\u00fcnt\u00fcler yoldan ge\u00e7enleri hem g\u00fcld\u00fcrd\u00fc hem de d\u00fc\u015f\u00fcnd\u00fcrd\u00fc.<\/p>\n<p>Ara\u00e7lar\u0131yla yoldan ge\u00e7en s\u00fcr\u00fcc\u00fcler, kara yolunda tekne ile k\u00fcrek \u00e7eken vatanda\u015flar\u0131 el sallayarak selamlad\u0131.<\/p>\n","protected":false},"excerpt":{"rendered":"<p>SEL FELAKET\u0130NE MARUZ KALAN SAMSUN\u2019UN TERME \u0130L\u00c7ES\u0130NDE KARADEN\u0130Z SAH\u0130L YOLU\u2019NDA VATANDA\u015eLARIN TEKNE \u0130LE K\u00dcREK \u00c7EKEREK \u0130LERLEMES\u0130 TAR\u0130H\u0130 B\u0130R G\u00d6R\u00dcNT\u00dcY\u00dc ORTAYA \u00c7IKARDI.<\/p>\n","protected":false},"author":1,"featured_media":195531,"comment_status":"closed","ping_status":"open","sticky":false,"template":"","format":"standard","meta":{"jetpack_post_was_ever_published":false,"_jetpack_newsletter_access":"","_jetpack_dont_email_post_to_subs":false,"_jetpack_newsletter_tier_id":0,"_jetpack_memberships_contains_paywalled_content":false,"_jetpack_memberships_contains_paid_content":false,"footnotes":"","jetpack_publicize_message":"","jetpack_publicize_feature_enabled":true,"jetpack_social_post_already_shared":true,"jetpack_social_options":{"image_generator_settings":{"template":"highway","default_image_id":0,"font":"","enabled":false},"version":2}},"categories":[1],"tags":[4471,4220,22055,8591,1464],"class_list":["post-195530","post","type-post","status-publish","format-standard","has-post-thumbnail","hentry","category-genel","tag-cektiler","tag-karadeniz","tag-kurek","tag-sahil","tag-yolunda"],"jetpack_publicize_connections":[],"jetpack_featured_media_url":"https:\/\/i0.wp.com\/www.tvturk.com\/wp-content\/uploads\/2019\/08\/karadeniz-sahil-yolunda-kurek-cektiler_b2a746e.jpg?fit=1000%2C569","jetpack_sharing_enabled":true,"jetpack_shortlink":"https:\/\/wp.me\/paKIfm-ORI","_links":{"self":[{"href":"http:\/\/www.tvturk.com\/index.php\/wp-json\/wp\/v2\/posts\/195530","targetHints":{"allow":["GET"]}}],"collection":[{"href":"http:\/\/www.tvturk.com\/index.php\/wp-json\/wp\/v2\/posts"}],"about":[{"href":"http:\/\/www.tvturk.com\/index.php\/wp-json\/wp\/v2\/types\/post"}],"author":[{"embeddable":true,"href":"http:\/\/www.tvturk.com\/index.php\/wp-json\/wp\/v2\/users\/1"}],"replies":[{"embeddable":true,"href":"http:\/\/www.tvturk.com\/index.php\/wp-json\/wp\/v2\/comments?post=195530"}],"version-history":[{"count":0,"href":"http:\/\/www.tvturk.com\/index.php\/wp-json\/wp\/v2\/posts\/195530\/revisions"}],"wp:featuredmedia":[{"embeddable":true,"href":"http:\/\/www.tvturk.com\/index.php\/wp-json\/wp\/v2\/media\/195531"}],"wp:attachment":[{"href":"http:\/\/www.tvturk.com\/index.php\/wp-json\/wp\/v2\/media?parent=195530"}],"wp:term":[{"taxonomy":"category","embeddable":true,"href":"http:\/\/www.tvturk.com\/index.php\/wp-json\/wp\/v2\/categories?post=195530"},{"taxonomy":"post_tag","embeddable":true,"href":"http:\/\/www.tvturk.com\/index.php\/wp-json\/wp\/v2\/tags?post=195530"}],"curies":[{"name":"wp","href":"https:\/\/api.w.org\/{rel}","templated":true}]}}