{"id":195532,"date":"2019-08-24T17:16:37","date_gmt":"2019-08-24T14:16:37","guid":{"rendered":"http:\/\/www.tvturk.com\/index.php\/down-sendromlu-gelinin-duslerini-susleyen-dugun-gercek-oldu\/"},"modified":"2019-08-24T17:16:37","modified_gmt":"2019-08-24T14:16:37","slug":"down-sendromlu-gelinin-duslerini-susleyen-dugun-gercek-oldu","status":"publish","type":"post","link":"http:\/\/www.tvturk.com\/index.php\/down-sendromlu-gelinin-duslerini-susleyen-dugun-gercek-oldu\/","title":{"rendered":"Down sendromlu gelinin d\u00fc\u015flerini s\u00fcsleyen d\u00fc\u011f\u00fcn ger\u00e7ek oldu"},"content":{"rendered":"<p>Eski\u015fehir\u2019de ya\u015fayan 36 ya\u015f\u0131ndaki down sendromlu Canan D\u00fczenli\u2019nin y\u0131llard\u0131r isteyip,-hayallerini kurdu\u011fu d\u00fc\u011f\u00fcn ge\u00e7ek oldu. Annesi ve ablalar\u0131n\u0131n d\u00fczenledi\u011fi temsili d\u00fc\u011f\u00fcnle beyaz gelinli\u011fini giyen down sendromlu gelin, aile ve akrabalar\u0131yla doyas\u0131ya e\u011flenirken, ilk dans\u0131n\u0131 da Odunpazar\u0131 Belediyesi Ba\u015fkan\u0131 Kaz\u0131m Kurt ile yapt\u0131.<\/p>\n<p>Down sendromlu Canan D\u00fczenli, uzun y\u0131llard\u0131r hayalini kurdu\u011fu d\u00fc\u011f\u00fcn\u00fc ailesiyle payla\u015ft\u0131. D\u00fc\u015flerini s\u00fcsleyen bu iste\u011fin artmas\u0131yla, aile \u00fcyeleri de bu duruma kay\u0131ts\u0131z kalmad\u0131. D\u00fc\u011f\u00fcn i\u00e7in giri\u015fimlerde bulunan aile, \u00f6nce Tepeba\u015f\u0131 Belediyesi Ba\u015fkan\u0131 Ahmet Ata\u00e7 ile g\u00f6r\u00fc\u015ferek, \u00c7aml\u0131ca Deneyimli Kafede yer ayarland\u0131. Daha sonra davetiye bast\u0131r\u0131l\u0131p, aile dostlar\u0131 ve akrabalara da\u011f\u0131t\u0131larak d\u00fc\u011f\u00fcn \u00e7a\u011fr\u0131s\u0131nda bulunuldu.<\/p>\n<p>D\u00fc\u011f\u00fcn g\u00fcn\u00fc Canan D\u00fczenli, sabah saatlerinde beyaz gelinli\u011fi giydirilerek kuaf\u00f6re g\u00f6t\u00fcr\u00fcld\u00fc. Burada son haz\u0131rl\u0131klar\u0131 yap\u0131lan \u00e7i\u00e7e\u011fi burnunda gelin, ard\u0131ndan annesi ve ablalar\u0131 e\u015fli\u011finde d\u00fc\u011f\u00fcn\u00fcn ger\u00e7ekle\u015fece\u011fi yere getirildi. Burada salona giri\u015f yapan D\u00fczenli, ilk dans\u0131n\u0131 Odunpazar\u0131 Belediye Ba\u015fkan\u0131 Kaz\u0131m Kurt ile yapt\u0131. Ba\u015fkan Kurt\u2019la dans eden down sendromlu gelinin mutlulu\u011fu adeta g\u00f6zlerinden okundu. Ailesi ve yak\u0131nlar\u0131yla g\u00f6nl\u00fcnce e\u011flenen D\u00fczenli, neredeyse yerinde oturmayarak s\u00fcrekli oynad\u0131. D\u00fc\u011f\u00fcn sonunda hayallerini ger\u00e7e\u011fe d\u00f6n\u00fc\u015ft\u00fcren gelin Canan D\u00fczenli, elindeki \u00e7i\u00e7e\u011fini de salonda bulunan bek\u00e2r gen\u00e7 k\u0131zlara att\u0131.<\/p>\n<p>\u201cB\u00f6yle bir d\u00fc\u011f\u00fcn\u00fc her \u015feyden \u00e7ok istiyordum\u201d<\/p>\n<p>Hayallerini ger\u00e7ekle\u015ftiren down sendromlu Canan D\u00fczenli, duygular\u0131ndan bahsederek, \u201cB\u00f6yle bir d\u00fc\u011f\u00fcn\u00fc her \u015feyden \u00e7ok istiyordum. Belediye ba\u015fkan\u0131yla dans ettim. Her \u015fey i\u00e7in \u00e7ok \u00e7ok te\u015fekk\u00fcr ederim. \u00c7ok mutluyum\u201d ifadelerini kulland\u0131.<\/p>\n<p>\u201cCanan senelerdir hayal ediyordu\u201d<\/p>\n<p>K\u0131z\u0131n\u0131n senelerdir d\u00fc\u011f\u00fcn hayali oldu\u011fundan bahseden anne Bahriye D\u00fczenli, \u201cAnne olarak \u00e7ok mutlu oldum. Her \u015fey i\u00e7in \u00e7ok te\u015fekk\u00fcrler. Canan senelerdir hayal ediyordu, hayalimiz ger\u00e7ekle\u015fti. \u00c7ok sa\u011f olun\u201d \u015feklinde konu\u015ftu.<\/p>\n<p>\u201cBiz aile olarak organize etmeye \u00e7al\u0131\u015ft\u0131k\u201d<\/p>\n<p>Karde\u015finin gelinlik hayalinden s\u00fcrekli bahsetti\u011fini s\u00f6yleyen abla Nurcan Toku\u015flu, \u201cHayallerini s\u00fcrekli dile getiriyordu. Biz de bu hayalini \u00e7ok istedi\u011finin kanaatine vard\u0131k. Dolay\u0131s\u0131yla bir giri\u015fimde bulunal\u0131m dedik ve bu kafeyle ilgili Tepeba\u015f\u0131 Belediyesi Ba\u015fkan\u0131 Ahmet Ata\u00e7 ile g\u00f6r\u00fc\u015ft\u00fck. O da sa\u011f olsun \u00e7ok b\u00fcy\u00fck destek oldu bize. Geri kalan\u0131n\u0131 da biz aile olarak organize etmeye \u00e7al\u0131\u015ft\u0131k\u201d diye belirtti.<\/p>\n<p>\u201cCanan gibi bir k\u0131z\u0131m\u0131z oldu\u011fu i\u00e7in \u00e7ok mutluyum\u201d<\/p>\n<p>\u00c7i\u00e7e\u011fi burnunda gelinin ilk dans\u0131n\u0131 belediye ba\u015fkan\u0131yla yapmas\u0131na \u00f6n ayak olan Canan D\u00fczenli\u2019nin eni\u015ftesi B\u00fclent Toku\u015flu da, \u201c\u00d6ncelikle Canan gibi bir k\u0131z\u0131m\u0131z oldu\u011fu i\u00e7in \u00e7ok mutluyum. \u00c7ok g\u00fczel bir ailesi var, ailesi ona destek oluyor ve hep birlikte k\u0131z\u0131m\u0131z\u0131n hayalini ger\u00e7ekle\u015ftirmi\u015f olduk. Bu konuda da bize destek veren \u00f6zellikle Ahmet Ata\u00e7 ba\u015fkan\u0131m\u0131za te\u015fekk\u00fcrlerimizi sunuyoruz. B\u00f6yle g\u00fczel bir organizasyonda bize yard\u0131mc\u0131 oldu ve k\u0131z\u0131m\u0131z\u0131n hayallerine dokunmam\u0131za f\u0131rsat tan\u0131d\u0131. D\u00fc\u011f\u00fcne davetlilerinden Odunpazar\u0131 Belediye Ba\u015fkan\u0131 Kaz\u0131m Kurt\u2019a k\u0131z\u0131m\u0131zla ilk dans\u0131 yapmas\u0131 i\u00e7in ricada bulundum. Kendisi \u2019k\u0131l\u0131k k\u0131yafet olarak \u00e7ok uygun de\u011filim\u2019 dedi, ben de \u2019k\u0131z\u0131m\u0131zla ilk dans\u0131 sizin yapman\u0131z\u0131 istiyoruz\u2019 dedik. O da sa\u011f olsun k\u0131rmad\u0131 bizi\u201d dedi.<\/p>\n<p>D\u00fc\u011f\u00fcn, gelin ve kat\u0131l\u0131mc\u0131lar\u0131n dans ve e\u011flenceleri ile devam etti.<\/p>\n","protected":false},"excerpt":{"rendered":"<p>GEL\u0130N CANAN D\u00dcZENL\u0130<\/p>\n","protected":false},"author":1,"featured_media":195533,"comment_status":"closed","ping_status":"open","sticky":false,"template":"","format":"standard","meta":{"jetpack_post_was_ever_published":false,"_jetpack_newsletter_access":"","_jetpack_dont_email_post_to_subs":false,"_jetpack_newsletter_tier_id":0,"_jetpack_memberships_contains_paywalled_content":false,"_jetpack_memberships_contains_paid_content":false,"footnotes":"","jetpack_publicize_message":"","jetpack_publicize_feature_enabled":true,"jetpack_social_post_already_shared":true,"jetpack_social_options":{"image_generator_settings":{"template":"highway","default_image_id":0,"font":"","enabled":false},"version":2}},"categories":[1],"tags":[13074,3605,49105,29930,1871,77,13783,34781],"class_list":["post-195532","post","type-post","status-publish","format-standard","has-post-thumbnail","hentry","category-genel","tag-down","tag-dugun","tag-duslerini","tag-gelinin","tag-gercek","tag-oldu","tag-sendromlu","tag-susleyen"],"jetpack_publicize_connections":[],"jetpack_featured_media_url":"https:\/\/i0.wp.com\/www.tvturk.com\/wp-content\/uploads\/2019\/08\/down-sendromlu-gelinin-duslerini-susleyen-dugun-gercek-oldu_c6d3e05.jpg?fit=1000%2C773","jetpack_sharing_enabled":true,"jetpack_shortlink":"https:\/\/wp.me\/paKIfm-ORK","_links":{"self":[{"href":"http:\/\/www.tvturk.com\/index.php\/wp-json\/wp\/v2\/posts\/195532","targetHints":{"allow":["GET"]}}],"collection":[{"href":"http:\/\/www.tvturk.com\/index.php\/wp-json\/wp\/v2\/posts"}],"about":[{"href":"http:\/\/www.tvturk.com\/index.php\/wp-json\/wp\/v2\/types\/post"}],"author":[{"embeddable":true,"href":"http:\/\/www.tvturk.com\/index.php\/wp-json\/wp\/v2\/users\/1"}],"replies":[{"embeddable":true,"href":"http:\/\/www.tvturk.com\/index.php\/wp-json\/wp\/v2\/comments?post=195532"}],"version-history":[{"count":0,"href":"http:\/\/www.tvturk.com\/index.php\/wp-json\/wp\/v2\/posts\/195532\/revisions"}],"wp:featuredmedia":[{"embeddable":true,"href":"http:\/\/www.tvturk.com\/index.php\/wp-json\/wp\/v2\/media\/195533"}],"wp:attachment":[{"href":"http:\/\/www.tvturk.com\/index.php\/wp-json\/wp\/v2\/media?parent=195532"}],"wp:term":[{"taxonomy":"category","embeddable":true,"href":"http:\/\/www.tvturk.com\/index.php\/wp-json\/wp\/v2\/categories?post=195532"},{"taxonomy":"post_tag","embeddable":true,"href":"http:\/\/www.tvturk.com\/index.php\/wp-json\/wp\/v2\/tags?post=195532"}],"curies":[{"name":"wp","href":"https:\/\/api.w.org\/{rel}","templated":true}]}}