{"id":195541,"date":"2019-08-24T18:16:31","date_gmt":"2019-08-24T15:16:31","guid":{"rendered":"http:\/\/www.tvturk.com\/index.php\/dunyanin-en-uzun-ikinci-magarasini-sel-vurdu\/"},"modified":"2019-08-24T18:16:31","modified_gmt":"2019-08-24T15:16:31","slug":"dunyanin-en-uzun-ikinci-magarasini-sel-vurdu","status":"publish","type":"post","link":"http:\/\/www.tvturk.com\/index.php\/dunyanin-en-uzun-ikinci-magarasini-sel-vurdu\/","title":{"rendered":"D\u00fcnyan\u0131n en uzun ikinci ma\u011faras\u0131n\u0131 sel vurdu"},"content":{"rendered":"<p>D\u00fcnyan\u0131n en uzun ikinci ma\u011faras\u0131 olarak bilinen \u00c7al Ma\u011faras\u0131\u2019n\u0131 sel vurdu.<\/p>\n<p>Do\u011fu Karadeniz B\u00f6lgesi\u2019nde son g\u00fcnlerde etkili olan ya\u011f\u0131\u015flar \u00f6nemli turizm merkezlerinden biri olan \u00c7al Ma\u011faras\u0131\u2019n\u0131 etkiledi. Trabzon\u2019un D\u00fczk\u00f6y il\u00e7esine ba\u011fl\u0131 \u00c7alk\u00f6y\u2019de bulunan ve d\u00fcnyan\u0131n en uzun ikinci ma\u011faras\u0131 olarak kabul edilen \u00c7al Ma\u011faras\u0131\u2019n\u0131n \u00fcst k\u0131sm\u0131nda bulunan \u015felale ya\u011fmur sular\u0131n\u0131n etkisiyle ta\u015ft\u0131. Ta\u015fan sular ma\u011faran\u0131n giri\u015fini bir s\u00fcre engellerken, o esnada i\u00e7eride bulunan turistler tedbir ama\u00e7l\u0131 bekletildi. Daha sonra sular\u0131n \u00e7ekilmesiyle ma\u011faran\u0131n giri\u015fi eski haline kavu\u015furken, daha \u00f6nceki y\u0131llarda da benzer sel ya\u015fanm\u0131\u015ft\u0131.<\/p>\n","protected":false},"excerpt":{"rendered":"<p>D\u00dcNYANIN EN UZUN \u0130K\u0130NC\u0130 MA\u011eARASI OLARAK B\u0130L\u0130NEN \u00c7AL MA\u011eARASI\u2019NI SEL VURDU.<\/p>\n","protected":false},"author":1,"featured_media":195542,"comment_status":"closed","ping_status":"open","sticky":false,"template":"","format":"standard","meta":{"jetpack_post_was_ever_published":false,"_jetpack_newsletter_access":"","_jetpack_dont_email_post_to_subs":false,"_jetpack_newsletter_tier_id":0,"_jetpack_memberships_contains_paywalled_content":false,"_jetpack_memberships_contains_paid_content":false,"footnotes":"","jetpack_publicize_message":"","jetpack_publicize_feature_enabled":true,"jetpack_social_post_already_shared":true,"jetpack_social_options":{"image_generator_settings":{"template":"highway","default_image_id":0,"font":"","enabled":false},"version":2}},"categories":[1],"tags":[695,1197,2087,49106,482,2180],"class_list":["post-195541","post","type-post","status-publish","format-standard","has-post-thumbnail","hentry","category-genel","tag-sel","tag-dunyanin","tag-ikinci","tag-magarasini","tag-uzun","tag-vurdu"],"jetpack_publicize_connections":[],"jetpack_featured_media_url":"https:\/\/i0.wp.com\/www.tvturk.com\/wp-content\/uploads\/2019\/08\/dunyanin-en-uzun-ikinci-magarasini-sel-vurdu_e8fc195.jpg?fit=717%2C747","jetpack_sharing_enabled":true,"jetpack_shortlink":"https:\/\/wp.me\/paKIfm-ORT","_links":{"self":[{"href":"http:\/\/www.tvturk.com\/index.php\/wp-json\/wp\/v2\/posts\/195541","targetHints":{"allow":["GET"]}}],"collection":[{"href":"http:\/\/www.tvturk.com\/index.php\/wp-json\/wp\/v2\/posts"}],"about":[{"href":"http:\/\/www.tvturk.com\/index.php\/wp-json\/wp\/v2\/types\/post"}],"author":[{"embeddable":true,"href":"http:\/\/www.tvturk.com\/index.php\/wp-json\/wp\/v2\/users\/1"}],"replies":[{"embeddable":true,"href":"http:\/\/www.tvturk.com\/index.php\/wp-json\/wp\/v2\/comments?post=195541"}],"version-history":[{"count":0,"href":"http:\/\/www.tvturk.com\/index.php\/wp-json\/wp\/v2\/posts\/195541\/revisions"}],"wp:featuredmedia":[{"embeddable":true,"href":"http:\/\/www.tvturk.com\/index.php\/wp-json\/wp\/v2\/media\/195542"}],"wp:attachment":[{"href":"http:\/\/www.tvturk.com\/index.php\/wp-json\/wp\/v2\/media?parent=195541"}],"wp:term":[{"taxonomy":"category","embeddable":true,"href":"http:\/\/www.tvturk.com\/index.php\/wp-json\/wp\/v2\/categories?post=195541"},{"taxonomy":"post_tag","embeddable":true,"href":"http:\/\/www.tvturk.com\/index.php\/wp-json\/wp\/v2\/tags?post=195541"}],"curies":[{"name":"wp","href":"https:\/\/api.w.org\/{rel}","templated":true}]}}