{"id":195543,"date":"2019-08-24T18:16:35","date_gmt":"2019-08-24T15:16:35","guid":{"rendered":"http:\/\/www.tvturk.com\/index.php\/otomobil-fiyatina-guvercin\/"},"modified":"2019-08-24T18:16:35","modified_gmt":"2019-08-24T15:16:35","slug":"otomobil-fiyatina-guvercin","status":"publish","type":"post","link":"http:\/\/www.tvturk.com\/index.php\/otomobil-fiyatina-guvercin\/","title":{"rendered":"Otomobil fiyat\u0131na g\u00fcvercin"},"content":{"rendered":"<p>T\u00fcrkiye\u2019nin \u00e7e\u015fitli illerinden gelen \u015eebap g\u00fcvercinlerinin sergisine Hollanda, Almanya, Suudi Arabistan gibi \u00fclkelerden merakl\u0131lar\u0131 geldi.<\/p>\n<p>T\u00fcrkiye \u015eebap G\u00fcvercin Federasyonu ve Ad\u0131yaman Ku\u015f Sevenler Derne\u011fi organizasyonunda ger\u00e7ekle\u015ftirilen \u2018Masa \u00dcst\u00fc \u015eebap Sergisi\u2019 etkinli\u011fine T\u00fcrkiye\u2019nin bir \u00e7ok ilinden y\u00fczlerce ki\u015fi ve yurt d\u0131\u015f\u0131ndan ku\u015f sevenler kat\u0131ld\u0131. K\u00fcrenk, Siyah, Miski, Arap, \u00c7akmakl\u0131 ve Mavi (g\u00f6k) t\u00fcr\u00fc \u015eebap g\u00fcvercinler g\u00f6r\u00fcc\u00fcye \u00e7\u0131kt\u0131. Ortaya kurulan masa \u00fczerinde bir manken edas\u0131yla s\u00fcz\u00fclen birbirinden g\u00fczel g\u00fcvercinlerin fiyatlar\u0131 da dudak u\u00e7uklatt\u0131. \u015eebap g\u00fcvercinlerin fiyat\u0131n\u0131n bin liradan 100 bin liraya kadar \u00e7\u0131kt\u0131\u011f\u0131 g\u00f6r\u00fcld\u00fc.<\/p>\n<p>Serginin a\u00e7\u0131l\u0131\u015f\u0131na kat\u0131lan ve bir konu\u015fma yapan Ad\u0131yaman Belediye Ba\u015fkan\u0131 S\u00fcleyman K\u0131l\u0131n\u00e7, hayvan sevgisiyle insan sevgisinin ba\u011flant\u0131l\u0131 oldu\u011funu dile getirerek, \u201cSon g\u00fcnlerde g\u00fcndemde kad\u0131nlar\u0131m\u0131za y\u00f6nelik \u00e7ok ciddi \u015fiddet olaylar\u0131 var. Ben eminim ki hayvanlar\u0131 seven bir insan, kad\u0131n \u015fiddeti uygulayamaz. O insan hayvan sever olsayd\u0131 bu cinayeti i\u015fleyemezdi. Hayvan\u0131 sevmeyen insan, insanlar\u0131 da sevemez\u201d dedi.<\/p>\n<p>T\u00fcrkiye \u015eebap G\u00fcvercin Federasyonu Ba\u015fkan\u0131 Mustafa Kale ise konu\u015fmas\u0131nda, Ad\u0131yaman\u2019\u0131n \u015eebap g\u00fcvercini camias\u0131 i\u00e7in \u00f6nemli oldu\u011funu ve sergilenen ku\u015flar\u0131n birbirinden g\u00fczel oldu\u011funu s\u00f6yledi.<\/p>\n<p>Ad\u0131yaman Ku\u015f Sevenler Derne\u011fi Ba\u015fkan\u0131 Nizamettin Fidanc\u0131, turizm el\u00e7ili\u011fi yapt\u0131klar\u0131n\u0131 belirterek, \u201cAd\u0131yaman\u2019da \u015eebap g\u00fcvercin sergisi yapmaktay\u0131z. \u015eebap ku\u015flar\u0131 g\u00fczellik bak\u0131m\u0131ndan \u00f6nem ta\u015f\u0131yor. G\u00fcvercinlerimiz bir manken gibi masada izlettiriliyor. G\u00fcvercinlerimizin \u00fczerinde etiket fiyat\u0131 yok ama bin TL\u2019den 100 bin TL\u2019ye kadar verilen fiyatlar\u0131 var\u201d diye konu\u015ftu.<\/p>\n<p>Suudi Arabistandan gelen Medeni \u015eerfi ise, T\u00fcrkiye\u2019deki ku\u015flar\u0131n iyi oldu\u011funu duydu\u011funu ve Ad\u0131yaman\u2019da sergilenen ku\u015flar\u0131n \u00e7ok g\u00fczel oldu\u011funu s\u00f6yledi. \u2018Masa \u00dcst\u00fc \u015eebap Sergisinin\u2019 ard\u0131ndan T\u00fcrkiye \u015eebap G\u00fcvercin Federasyonu se\u00e7imlerinin de yap\u0131laca\u011f\u0131 \u00f6\u011frenildi.<\/p>\n","protected":false},"excerpt":{"rendered":"<p>K\u00dcRENK, S\u0130YAH, M\u0130SK\u0130, ARAP, \u00c7AKMAKLI VE MAV\u0130 (G\u00d6K) T\u00dcR\u00dc \u015eEBAP G\u00dcVERC\u0130NLER G\u00d6R\u00dcC\u00dcYE \u00c7IKTI.<\/p>\n","protected":false},"author":1,"featured_media":195544,"comment_status":"closed","ping_status":"open","sticky":false,"template":"","format":"standard","meta":{"jetpack_post_was_ever_published":false,"_jetpack_newsletter_access":"","_jetpack_dont_email_post_to_subs":false,"_jetpack_newsletter_tier_id":0,"_jetpack_memberships_contains_paywalled_content":false,"_jetpack_memberships_contains_paid_content":false,"footnotes":"","jetpack_publicize_message":"","jetpack_publicize_feature_enabled":true,"jetpack_social_post_already_shared":true,"jetpack_social_options":{"image_generator_settings":{"template":"highway","default_image_id":0,"font":"","enabled":false},"version":2}},"categories":[1],"tags":[18056,7580,2873],"class_list":["post-195543","post","type-post","status-publish","format-standard","has-post-thumbnail","hentry","category-genel","tag-fiyatina","tag-guvercin","tag-otomobil"],"jetpack_publicize_connections":[],"jetpack_featured_media_url":"https:\/\/i0.wp.com\/www.tvturk.com\/wp-content\/uploads\/2019\/08\/otomobil-fiyatina-guvercin_3b1625c.jpg?fit=1000%2C620","jetpack_sharing_enabled":true,"jetpack_shortlink":"https:\/\/wp.me\/paKIfm-ORV","_links":{"self":[{"href":"http:\/\/www.tvturk.com\/index.php\/wp-json\/wp\/v2\/posts\/195543","targetHints":{"allow":["GET"]}}],"collection":[{"href":"http:\/\/www.tvturk.com\/index.php\/wp-json\/wp\/v2\/posts"}],"about":[{"href":"http:\/\/www.tvturk.com\/index.php\/wp-json\/wp\/v2\/types\/post"}],"author":[{"embeddable":true,"href":"http:\/\/www.tvturk.com\/index.php\/wp-json\/wp\/v2\/users\/1"}],"replies":[{"embeddable":true,"href":"http:\/\/www.tvturk.com\/index.php\/wp-json\/wp\/v2\/comments?post=195543"}],"version-history":[{"count":0,"href":"http:\/\/www.tvturk.com\/index.php\/wp-json\/wp\/v2\/posts\/195543\/revisions"}],"wp:featuredmedia":[{"embeddable":true,"href":"http:\/\/www.tvturk.com\/index.php\/wp-json\/wp\/v2\/media\/195544"}],"wp:attachment":[{"href":"http:\/\/www.tvturk.com\/index.php\/wp-json\/wp\/v2\/media?parent=195543"}],"wp:term":[{"taxonomy":"category","embeddable":true,"href":"http:\/\/www.tvturk.com\/index.php\/wp-json\/wp\/v2\/categories?post=195543"},{"taxonomy":"post_tag","embeddable":true,"href":"http:\/\/www.tvturk.com\/index.php\/wp-json\/wp\/v2\/tags?post=195543"}],"curies":[{"name":"wp","href":"https:\/\/api.w.org\/{rel}","templated":true}]}}