{"id":195551,"date":"2019-08-24T18:31:49","date_gmt":"2019-08-24T15:31:49","guid":{"rendered":"http:\/\/www.tvturk.com\/index.php\/karadenizlinin-findigini-karadeniz-yuttu\/"},"modified":"2019-08-24T18:31:49","modified_gmt":"2019-08-24T15:31:49","slug":"karadenizlinin-findigini-karadeniz-yuttu","status":"publish","type":"post","link":"http:\/\/www.tvturk.com\/index.php\/karadenizlinin-findigini-karadeniz-yuttu\/","title":{"rendered":"Karadenizlinin f\u0131nd\u0131\u011f\u0131n\u0131 Karadeniz yuttu"},"content":{"rendered":"<p>Ordu\u2019nun \u00dcnye, Samsun\u2019un Sal\u0131pazar\u0131 ve Terme il\u00e7elerinde meydana gelen sel felaketinde y\u00fcksek kesimlerden gelen sel sular\u0131 tonlarca f\u0131nd\u0131\u011f\u0131 denize d\u00f6kt\u00fc.<\/p>\n<p>Son iki g\u00fcnd\u00fcr a\u015f\u0131r\u0131 ya\u011f\u0131\u015flar Ordu ve Samsun\u2019u etkisi alt\u0131na ald\u0131. Samsun\u2019un Terme ve Sal\u0131pazar\u0131 il\u00e7eleri ile Ordu\u2019nun \u00dcnye il\u00e7esi y\u00fcksek kesimlerden gelen sel sular\u0131n\u0131n etkisiyle f\u0131nd\u0131k bah\u00e7elerindeki harman\u0131 da denize d\u00f6kt\u00fc.<\/p>\n<p>Terme ve \u00dcnye\u2019nin s\u0131n\u0131r\u0131 olan Ak\u00e7ay mevkisi deresinden akan tonlarca f\u0131nd\u0131k sahil \u015feridinde par\u00e7a par\u00e7a adac\u0131klar olu\u015fturdu. \u0130l\u00e7enin y\u00fcksek yerlerinden de g\u00f6r\u00fclen denizin i\u00e7indeki f\u0131nd\u0131klar ise 50 tona yak\u0131n oldu\u011fu s\u00f6yleniyor.<\/p>\n<p>Kendi f\u0131nd\u0131\u011f\u0131n\u0131n da sele gitti\u011fini s\u00f6yleyen \u00e7ift\u00e7i Yusuf \u00c7oban, &#8220;Yakla\u015f\u0131k bir haftad\u0131r ya\u011fan ya\u011fmurdan dolay\u0131 son iki g\u00fcnd\u00fcr \u015fiddetini artt\u0131rd\u0131. Tabii, ya\u011fmurun etkisiyle beraber Akku\u015f \u00c7ayba\u015f\u0131 ve \u0130kizce ile Samsun\u2019un Sal\u0131pazar\u0131 ve Terme il\u00e7esinde gelen sel sular\u0131 benimde f\u0131nd\u0131\u011f\u0131m olmak \u00fczere denize d\u00f6kt\u00fc. Selden dolay\u0131 baya\u011f\u0131 zarar g\u00f6ren \u00e7ift\u00e7ilerimiz var. Ka\u00e7 tanedir bilemeyiz ancak zarar \u00e7ok b\u00fcy\u00fck oldu\u011funu biliyoruz. Yukar\u0131 kesimlerde f\u0131nd\u0131klar bir haftad\u0131r toplanamad\u0131\u011f\u0131 i\u00e7in dibine inmi\u015f. A\u015f\u0131r\u0131 sel ile birlikte ne kadar f\u0131nd\u0131k varsa denize akt\u0131. Benim kendi bah\u00e7emde de zarar\u0131m var. Benim de f\u0131nd\u0131\u011f\u0131n bir b\u00f6l\u00fcm\u00fc sel sular\u0131yla beraber denize bo\u015fald\u0131&#8221; dedi.<\/p>\n","protected":false},"excerpt":{"rendered":"<p>YUSUF \u00c7OBAN, &#8220;BEN\u0130M DE FINDI\u011eIN B\u0130R B\u00d6L\u00dcM\u00dc SEL SULARIYLA BERABER DEN\u0130ZE BO\u015eALDI&#8221; DED\u0130.<\/p>\n","protected":false},"author":1,"featured_media":195552,"comment_status":"closed","ping_status":"open","sticky":false,"template":"","format":"standard","meta":{"jetpack_post_was_ever_published":false,"_jetpack_newsletter_access":"","_jetpack_dont_email_post_to_subs":false,"_jetpack_newsletter_tier_id":0,"_jetpack_memberships_contains_paywalled_content":false,"_jetpack_memberships_contains_paid_content":false,"footnotes":"","jetpack_publicize_message":"","jetpack_publicize_feature_enabled":true,"jetpack_social_post_already_shared":true,"jetpack_social_options":{"image_generator_settings":{"template":"highway","default_image_id":0,"font":"","enabled":false},"version":2}},"categories":[1],"tags":[26432,4220,18576,14255],"class_list":["post-195551","post","type-post","status-publish","format-standard","has-post-thumbnail","hentry","category-genel","tag-findigini","tag-karadeniz","tag-karadenizlinin","tag-yuttu"],"jetpack_publicize_connections":[],"jetpack_featured_media_url":"https:\/\/i0.wp.com\/www.tvturk.com\/wp-content\/uploads\/2019\/08\/karadenizlinin-findigini-karadeniz-yuttu_1d7f5a6.jpg?fit=1000%2C666","jetpack_sharing_enabled":true,"jetpack_shortlink":"https:\/\/wp.me\/paKIfm-OS3","_links":{"self":[{"href":"http:\/\/www.tvturk.com\/index.php\/wp-json\/wp\/v2\/posts\/195551","targetHints":{"allow":["GET"]}}],"collection":[{"href":"http:\/\/www.tvturk.com\/index.php\/wp-json\/wp\/v2\/posts"}],"about":[{"href":"http:\/\/www.tvturk.com\/index.php\/wp-json\/wp\/v2\/types\/post"}],"author":[{"embeddable":true,"href":"http:\/\/www.tvturk.com\/index.php\/wp-json\/wp\/v2\/users\/1"}],"replies":[{"embeddable":true,"href":"http:\/\/www.tvturk.com\/index.php\/wp-json\/wp\/v2\/comments?post=195551"}],"version-history":[{"count":0,"href":"http:\/\/www.tvturk.com\/index.php\/wp-json\/wp\/v2\/posts\/195551\/revisions"}],"wp:featuredmedia":[{"embeddable":true,"href":"http:\/\/www.tvturk.com\/index.php\/wp-json\/wp\/v2\/media\/195552"}],"wp:attachment":[{"href":"http:\/\/www.tvturk.com\/index.php\/wp-json\/wp\/v2\/media?parent=195551"}],"wp:term":[{"taxonomy":"category","embeddable":true,"href":"http:\/\/www.tvturk.com\/index.php\/wp-json\/wp\/v2\/categories?post=195551"},{"taxonomy":"post_tag","embeddable":true,"href":"http:\/\/www.tvturk.com\/index.php\/wp-json\/wp\/v2\/tags?post=195551"}],"curies":[{"name":"wp","href":"https:\/\/api.w.org\/{rel}","templated":true}]}}