{"id":195559,"date":"2019-08-24T19:01:43","date_gmt":"2019-08-24T16:01:43","guid":{"rendered":"http:\/\/www.tvturk.com\/index.php\/ayvalikta-kara-fatma-konferansi\/"},"modified":"2019-08-24T19:01:43","modified_gmt":"2019-08-24T16:01:43","slug":"ayvalikta-kara-fatma-konferansi","status":"publish","type":"post","link":"http:\/\/www.tvturk.com\/index.php\/ayvalikta-kara-fatma-konferansi\/","title":{"rendered":"Ayval\u0131k\u2019ta \u201cKara Fatma\u201d konferans\u0131"},"content":{"rendered":"<p>Bal\u0131kesir\u2019in Ayval\u0131k il\u00e7esinde, ara\u015ft\u0131rmac\u0131 yazar Mehmet Da\u011f\u0131stanl\u0131 taraf\u0131ndan Milli M\u00fccadele kahramanlar\u0131ndan Kara Fatma anlat\u0131ld\u0131.<\/p>\n<p>Milli M\u00fccadele\u2019yi ara\u015ft\u0131ran, bu topraklar\u0131n vatan olmas\u0131nda emekleri ge\u00e7en, kanlar\u0131n\u0131 d\u00f6ken, \u015fehit olan, gazi olan vatanseverlerin hayatlar\u0131n\u0131 romanla\u015ft\u0131ran ara\u015ft\u0131rmac\u0131 yazar Mehmet Da\u011f\u0131stanl\u0131, bu sefer de Ayval\u0131k Belediyesi\u2019nin katk\u0131lar\u0131yla Badavut\u2019ta konferans verdi. Da\u011f\u0131stanl\u0131; Kocaeli, Bursa, Bal\u0131kesir, \u0130zmir\u2019in d\u00fc\u015fman i\u015fgalinden kurtulu\u015funda milisleriyle g\u00f6rev alan, fakat sonradan ad\u0131 unutulanlar listesine ge\u00e7en Erzurumlu \u00dcste\u011fmen Kara Fatma\u2019n\u0131n destanla\u015fan hayat hik\u00e2yesini slayt e\u015fli\u011finde anlatt\u0131.<\/p>\n<p>Yo\u011fun ilgi g\u00f6ren konferansta; seyirciler aras\u0131nda Bursa\u2019n\u0131n eski valilerinden Orhan Ta\u015fanlar, Ayval\u0131k\u2019ta tiyatro dersleri veren, oyuncu, y\u00f6netmen Y\u0131ld\u0131r\u0131m Y\u0131lmazer, \u015fair G\u00fcven K\u0131rma, e\u011fitimciler, i\u015f insanlar\u0131, tatil yapmaya gelenler ve Badavut sakinleri yer ald\u0131. Konferansta Milli M\u00fccadeleye kat\u0131lan g\u00fcn\u00fcm\u00fczde isimleri unutulmaya y\u00fcz tutan Halime \u00c7avu\u015f, Ay\u015fe \u00c7avu\u015f, K\u0131lavuz Hatice, G\u00f6rdesli Makbule, \u00c7ete Ay\u015fe, Emir Ay\u015fe Efe, \u00c7al\u0131rcal\u0131 Mehmet Efe, Y\u00f6r\u00fck Ali Efe, Demirci Mehmet Efe, Seyit Onba\u015f\u0131 tek tek an\u0131ld\u0131.<\/p>\n<p>As\u0131l ismi Fatma Seher olan yi\u011fit direni\u015f\u00e7inin e\u015fi Y\u00fczba\u015f\u0131 Ezde\u015fin Bey\u2019in Sar\u0131kam\u0131\u015f\u2019ta \u015fehit oldu\u011funu anlatan Mehmet Da\u011f\u0131stanl\u0131, \u201c\u0130stanbul \u0130ngilizler taraf\u0131ndan i\u015fgal edilince, o g\u00fcn\u00fcn zor \u015fartlar\u0131nda Sivas\u2019a gider. Mustafa Kemal Pa\u015fa Sivasta\u2019d\u0131r ve kongre haz\u0131rl\u0131\u011f\u0131 yapmaktad\u0131r. Fatma Seher, Pa\u015fa ile g\u00f6r\u00fc\u015f\u00fcr ve g\u00f6rev ister. Pa\u015fa, Fatma Seher\u2019in bu korkusuz, cesur, g\u00f6z\u00fc kara olu\u015fundan dolay\u0131 ona \u2018Kara Fatma\u2019 diye hitap eder ve bir pusula yazarak \u0130stanbul\u2019a g\u00f6nderir. Kara Fatma o\u011flu Seyfettin, 12 ya\u015flar\u0131ndaki evlatl\u0131\u011f\u0131 Fatma; karde\u015fleri Mehmet \u00c7avu\u015f, Deli S\u00fclo; arkada\u015flar\u0131 Laz Tahsin, Topkap\u0131l\u0131 Pire Mehmet, Zeynep, Ay\u015fe isimli milisleriyle 480 ki\u015fiyi bulan m\u00fcfrezesini kurar ve b\u00f6lgede sivil halka kan kusturan Rum ve Ermeni \u00e7etelerle \u00e7at\u0131\u015fmaya girer.\u201d dedi.<\/p>\n<p>Da\u011f\u0131stanl\u0131, Kara Fatma\u2019n\u0131n Anadolu\u2019ya silah sevk\u0131yat\u0131 yapt\u0131\u011f\u0131n\u0131, yakaland\u0131\u011f\u0131n\u0131, 19 g\u00fcn esir kald\u0131\u011f\u0131n\u0131, i\u015fkence g\u00f6rd\u00fc\u011f\u00fcn\u00fc, ama konu\u015fmad\u0131\u011f\u0131n\u0131, \u00f6ld\u00fc diye b\u0131rak\u0131ld\u0131\u011f\u0131n\u0131 anlatarak, \u201cAncak Kara Fatma, daha sonra intikam\u0131n\u0131 alm\u0131\u015ft\u0131r. 25 Yunan subay\u0131n\u0131 esir alm\u0131\u015f, ikinci esaretinde Yunan Generali Trikopis ile kar\u015f\u0131la\u015fm\u0131\u015f, \u00fcn\u00fcn\u00fcn b\u00fct\u00fcn Anadolu\u2019da ve Yunan askerleri aras\u0131nda duyulmu\u015ftur. Evlatl\u0131\u011f\u0131 Fatma\u2019n\u0131n parmaklar\u0131n\u0131 \u015farapnelin par\u00e7alam\u0131\u015f, kendisi de g\u00f6\u011fs\u00fcnden ve v\u00fccudunun her yerinden yara alm\u0131\u015ft\u0131r\u201d ifadelerini kulland\u0131.<\/p>\n<p>Da\u011f\u0131stanl\u0131, Kara Fatma\u2019n\u0131n milli m\u00fccadele y\u0131llar\u0131nda d\u00fczenli ordu kurulduktan sonra b\u00f6l\u00fck komutan\u0131 oldu\u011funu ve Balkan, Sakarya, \u0130n\u00f6n\u00fc, Dumlup\u0131nar, Ba\u015fkomutanl\u0131k Muharebeleri\u2019ne kat\u0131ld\u0131\u011f\u0131n\u0131 anlatt\u0131.<\/p>\n<p>Cumhuriyet kurulduktan sonra k\u00f6\u015fesine \u00e7ekilen Kara Fatma\u2019n\u0131n, kendisine lay\u0131k g\u00f6r\u00fclen \u0130stiklal madalyas\u0131n\u0131 al\u0131p g\u00f6\u011fs\u00fcne takt\u0131\u011f\u0131n\u0131, ancak yapt\u0131\u011f\u0131 hizmetlerden dolay\u0131 ba\u011flanan emekli maa\u015f\u0131n\u0131, &#8220;Ben, b\u00fct\u00fcn m\u00fccadeleleri vatan\u0131m ve milletim i\u00e7in yapt\u0131m, bir beklentim yok&#8221; diyerek  maa\u015f\u0131 K\u0131z\u0131lay\u2019a ba\u011f\u0131\u015flad\u0131\u011f\u0131n\u0131 kaydeden Mehmet Da\u011f\u0131stanl\u0131, \u201cHayat\u0131n\u0131n son g\u00fcnleri yaln\u0131zl\u0131k, yoksulluk i\u00e7inde ge\u00e7en \u00dcste\u011fmen Kara Fatma, bir ara Beyo\u011flu\u2019nda Rus manast\u0131r\u0131 denilen yerde kal\u0131r. 1954 y\u0131l\u0131nda TBMM kendisine emekli maa\u015f\u0131 ba\u011flar. Hastad\u0131r, hastal\u0131\u011f\u0131 artar. Darulaceze\u2019ye kald\u0131r\u0131l\u0131r. 1955 y\u0131l\u0131 Temmuz ay\u0131nda rahmetli olur\u201d diye konu\u015ftu.<\/p>\n","protected":false},"excerpt":{"rendered":"<p>ARA\u015eTIRMACI-YAZAR MEHMET DA\u011eSITANLI M\u0130LL\u0130 M\u00dcCADELEN\u0130N KAHRAMAN \u0130SM\u0130 &#8220;KARA FATMA&#8221;YI ANLATTI<\/p>\n","protected":false},"author":1,"featured_media":195560,"comment_status":"closed","ping_status":"open","sticky":false,"template":"","format":"standard","meta":{"jetpack_post_was_ever_published":false,"_jetpack_newsletter_access":"","_jetpack_dont_email_post_to_subs":false,"_jetpack_newsletter_tier_id":0,"_jetpack_memberships_contains_paywalled_content":false,"_jetpack_memberships_contains_paid_content":false,"footnotes":"","jetpack_publicize_message":"","jetpack_publicize_feature_enabled":true,"jetpack_social_post_already_shared":true,"jetpack_social_options":{"image_generator_settings":{"template":"highway","default_image_id":0,"font":"","enabled":false},"version":2}},"categories":[1],"tags":[929,2580,2053,351],"class_list":["post-195559","post","type-post","status-publish","format-standard","has-post-thumbnail","hentry","category-genel","tag-ayvalikta","tag-fatma","tag-kara","tag-konferansi"],"jetpack_publicize_connections":[],"jetpack_featured_media_url":"https:\/\/i0.wp.com\/www.tvturk.com\/wp-content\/uploads\/2019\/08\/ayvalikta-kara-fatma-konferansi_5179677.jpg?fit=1000%2C750","jetpack_sharing_enabled":true,"jetpack_shortlink":"https:\/\/wp.me\/paKIfm-OSb","_links":{"self":[{"href":"http:\/\/www.tvturk.com\/index.php\/wp-json\/wp\/v2\/posts\/195559","targetHints":{"allow":["GET"]}}],"collection":[{"href":"http:\/\/www.tvturk.com\/index.php\/wp-json\/wp\/v2\/posts"}],"about":[{"href":"http:\/\/www.tvturk.com\/index.php\/wp-json\/wp\/v2\/types\/post"}],"author":[{"embeddable":true,"href":"http:\/\/www.tvturk.com\/index.php\/wp-json\/wp\/v2\/users\/1"}],"replies":[{"embeddable":true,"href":"http:\/\/www.tvturk.com\/index.php\/wp-json\/wp\/v2\/comments?post=195559"}],"version-history":[{"count":0,"href":"http:\/\/www.tvturk.com\/index.php\/wp-json\/wp\/v2\/posts\/195559\/revisions"}],"wp:featuredmedia":[{"embeddable":true,"href":"http:\/\/www.tvturk.com\/index.php\/wp-json\/wp\/v2\/media\/195560"}],"wp:attachment":[{"href":"http:\/\/www.tvturk.com\/index.php\/wp-json\/wp\/v2\/media?parent=195559"}],"wp:term":[{"taxonomy":"category","embeddable":true,"href":"http:\/\/www.tvturk.com\/index.php\/wp-json\/wp\/v2\/categories?post=195559"},{"taxonomy":"post_tag","embeddable":true,"href":"http:\/\/www.tvturk.com\/index.php\/wp-json\/wp\/v2\/tags?post=195559"}],"curies":[{"name":"wp","href":"https:\/\/api.w.org\/{rel}","templated":true}]}}