{"id":195595,"date":"2019-08-24T21:46:29","date_gmt":"2019-08-24T18:46:29","guid":{"rendered":"http:\/\/www.tvturk.com\/index.php\/geleneksel-yayladagi-festivali-basladi\/"},"modified":"2019-08-24T21:46:29","modified_gmt":"2019-08-24T18:46:29","slug":"geleneksel-yayladagi-festivali-basladi","status":"publish","type":"post","link":"http:\/\/www.tvturk.com\/index.php\/geleneksel-yayladagi-festivali-basladi\/","title":{"rendered":"Geleneksel Yaylada\u011f\u0131 Festivali ba\u015flad\u0131"},"content":{"rendered":"<p>Hatay\u2019\u0131n Yaylada\u011f\u0131 il\u00e7esinde her y\u0131l d\u00fczenlenen 19. Geleneksel Yaylada\u011f\u0131 Aba G\u00fcre\u015fi K\u00fclt\u00fcr ve Sanat Festivali \u00e7e\u015fitli etkinliklerle ba\u015flad\u0131. Kent meydan\u0131nda 7 pare top at\u0131\u015f\u0131yla ba\u015flayan festivalde Atat\u00fcrk An\u0131t\u0131\u2019na \u00e7elenk sunuldu. T\u00f6renin ard\u0131ndan festival y\u00fcr\u00fcy\u00fc\u015f\u00fc ve wos wos turlar\u0131 ger\u00e7ekle\u015ftirildi.<\/p>\n<p>Festivalin ilerleyen saatlerinde en g\u00fczel teke, lokum ile yo\u011furt yeme ve atletizm yar\u0131\u015fmalar\u0131 ger\u00e7ekle\u015fti. Yar\u0131\u015fmalarda dereceye girenlerin \u00f6d\u00fclleri Yaylada\u011f\u0131 Belediyesi Ba\u015fkan\u0131 Mustafa Say\u0131n taraf\u0131ndan verildi.<\/p>\n<p>Ba\u015fkan Say\u0131n yapt\u0131\u011f\u0131 a\u00e7\u0131klamada, festivalin yar\u0131n Devrent mesire alan\u0131nda geleneksel spor dallar\u0131ndan olan aba g\u00fcre\u015fi m\u00fcsabakalar\u0131 ile son bulaca\u011f\u0131n\u0131 s\u00f6yledi. Bu y\u0131l Yaylada\u011f\u0131nda ilklerin ya\u015fanaca\u011f\u0131n\u0131 belirten Say\u0131n, \u2019\u2019Belki de d\u00fcnyada ilk kez bir han\u0131mefendi g\u00fcre\u015f a\u011fas\u0131 olarak yar\u0131n ki etkinlikte yer alacak,ben bu ba\u011flamda Hatay\u0131m\u0131z ve t\u00fcm illerimizdeki g\u00fcre\u015fseverleri yar\u0131n ki m\u00fcsabakalara davet ediyor, t\u00fcm sporculara ba\u015far\u0131lar diliyorum\u2019\u2019 dedi.<\/p>\n<p>Festivalin, ak\u015fam H\u00fck\u00fcmet Kona\u011f\u0131 \u00f6n\u00fcndeki Halk konserinin ard\u0131ndan, 25 A\u011fustos Pazar g\u00fcn\u00fc saat 10.00\u2019da Yaylada\u011f\u0131 Devrent Mesire Alan\u0131\u2019nda ba\u015flayacak olan aba g\u00fcre\u015fi m\u00fcsabakalar\u0131 ile devam edece\u011fi \u00f6\u011frenildi.<\/p>\n","protected":false},"excerpt":{"rendered":"<p>HATAY\u2019IN YAYLADA\u011eI \u0130L\u00c7ES\u0130NDE HER YIL D\u00dcZENLENEN 19. GELENEKSEL YAYLADA\u011eI ABA G\u00dcRE\u015e\u0130 K\u00dcLT\u00dcR VE SANAT FEST\u0130VAL\u0130 \u00c7E\u015e\u0130TL\u0130 ETK\u0130NL\u0130KLERLE BA\u015eLADI.<\/p>\n","protected":false},"author":1,"featured_media":195596,"comment_status":"closed","ping_status":"open","sticky":false,"template":"","format":"standard","meta":{"jetpack_post_was_ever_published":false,"_jetpack_newsletter_access":"","_jetpack_dont_email_post_to_subs":false,"_jetpack_newsletter_tier_id":0,"_jetpack_memberships_contains_paywalled_content":false,"_jetpack_memberships_contains_paid_content":false,"footnotes":"","jetpack_publicize_message":"","jetpack_publicize_feature_enabled":true,"jetpack_social_post_already_shared":true,"jetpack_social_options":{"image_generator_settings":{"template":"highway","default_image_id":0,"font":"","enabled":false},"version":2}},"categories":[1],"tags":[21344,55,3400,7470],"class_list":["post-195595","post","type-post","status-publish","format-standard","has-post-thumbnail","hentry","category-genel","tag-yayladagi","tag-basladi","tag-festivali","tag-geleneksel"],"jetpack_publicize_connections":[],"jetpack_featured_media_url":"https:\/\/i0.wp.com\/www.tvturk.com\/wp-content\/uploads\/2019\/08\/geleneksel-yayladagi-festivali-basladi_e29e6da.jpg?fit=1000%2C666","jetpack_sharing_enabled":true,"jetpack_shortlink":"https:\/\/wp.me\/paKIfm-OSL","_links":{"self":[{"href":"http:\/\/www.tvturk.com\/index.php\/wp-json\/wp\/v2\/posts\/195595","targetHints":{"allow":["GET"]}}],"collection":[{"href":"http:\/\/www.tvturk.com\/index.php\/wp-json\/wp\/v2\/posts"}],"about":[{"href":"http:\/\/www.tvturk.com\/index.php\/wp-json\/wp\/v2\/types\/post"}],"author":[{"embeddable":true,"href":"http:\/\/www.tvturk.com\/index.php\/wp-json\/wp\/v2\/users\/1"}],"replies":[{"embeddable":true,"href":"http:\/\/www.tvturk.com\/index.php\/wp-json\/wp\/v2\/comments?post=195595"}],"version-history":[{"count":0,"href":"http:\/\/www.tvturk.com\/index.php\/wp-json\/wp\/v2\/posts\/195595\/revisions"}],"wp:featuredmedia":[{"embeddable":true,"href":"http:\/\/www.tvturk.com\/index.php\/wp-json\/wp\/v2\/media\/195596"}],"wp:attachment":[{"href":"http:\/\/www.tvturk.com\/index.php\/wp-json\/wp\/v2\/media?parent=195595"}],"wp:term":[{"taxonomy":"category","embeddable":true,"href":"http:\/\/www.tvturk.com\/index.php\/wp-json\/wp\/v2\/categories?post=195595"},{"taxonomy":"post_tag","embeddable":true,"href":"http:\/\/www.tvturk.com\/index.php\/wp-json\/wp\/v2\/tags?post=195595"}],"curies":[{"name":"wp","href":"https:\/\/api.w.org\/{rel}","templated":true}]}}