{"id":195597,"date":"2019-08-24T21:46:33","date_gmt":"2019-08-24T18:46:33","guid":{"rendered":"http:\/\/www.tvturk.com\/index.php\/isiklar-jandarma-meslek-yuksekokulu-969-ogrencisini-torenle-mezun-etti\/"},"modified":"2019-08-24T21:46:33","modified_gmt":"2019-08-24T18:46:33","slug":"isiklar-jandarma-meslek-yuksekokulu-969-ogrencisini-torenle-mezun-etti","status":"publish","type":"post","link":"http:\/\/www.tvturk.com\/index.php\/isiklar-jandarma-meslek-yuksekokulu-969-ogrencisini-torenle-mezun-etti\/","title":{"rendered":"I\u015f\u0131klar Jandarma Meslek Y\u00fcksekokulu 969 \u00f6\u011frencisini t\u00f6renle mezun etti"},"content":{"rendered":"<p>Bursa\u2019da tarihi I\u015f\u0131klar Jandarma Meslek Y\u00fcksekokulu 969 \u00f6\u011frencisinin d\u00fczenledi\u011fi geni\u015f kapsaml\u0131 t\u00f6renle mezun etti. T\u00f6renin ard\u0131ndan mezun olan \u00f6\u011frenciler ve aileleri sevin\u00e7 g\u00f6zya\u015flar\u0131 d\u00f6kt\u00fc.<\/p>\n<p>T\u00f6ren, Bursa I\u015f\u0131klar Jandarma Astsubay Meslek Y\u00fcksekokulu Komutanl\u0131\u011f\u0131\u2019nda ger\u00e7ekle\u015fti. Jandarma ve Sahil G\u00fcvenlik Akademisi\u2019nin (JSGA) e\u011fitim ve \u00f6\u011fretimlerinin ba\u015far\u0131yla tamamlayan 969 ASEM \u00f6\u011frencisi mezun olma sevinci ya\u015fad\u0131. T\u00f6rene Bursa Valisi Yakut Canbolat ve komutanlar\u0131n yan\u0131 s\u0131ra 3000\u2019e yak\u0131n say\u0131da \u00f6\u011frenci yak\u0131n\u0131 kat\u0131ld\u0131.<\/p>\n<p>Konu\u015fmalardan \u00f6nce d\u00f6nem birincisi \u00f6\u011frenci taraf\u0131ndan ya\u015f k\u00fct\u00fc\u011f\u00fcne plaket \u00e7ak\u0131ld\u0131. Ard\u0131ndan dereceye giren ve di\u011fer mezunlara diplomalar\u0131 verildi. Mezunlar\u0131n t\u00f6ren ge\u00e7i\u015fi ve al\u00e7aktan u\u00e7an helikopterin seyircileri selamlamas\u0131 ise b\u00fcy\u00fck ilgi \u00e7ekti.<\/p>\n<p>T\u00f6rende konu\u015fan Vali Yakup Canbolat, \u201cUnutmay\u0131n\u0131z ki bu halk, bu topraklar, bu \u015fanl\u0131 tarihimizin gazi ve \u015fehitleri sizlerden onurlu, gururlu ve \u015fuurlu bireyler olman\u0131z\u0131 istemektedir. Her biriniz h\u0131zla de\u011fi\u015fen ve geli\u015fen d\u00fcnyada ba\u015far\u0131s\u0131n\u0131 her ge\u00e7en g\u00fcn artt\u0131ran te\u015fkilat\u0131n\u0131z\u0131n y\u00fcz ak\u0131 olun. Sizin hedefiniz memleketin birli\u011fi, karde\u015fli\u011fi ve selameti olacakt\u0131r. En \u00f6nemli yol g\u00fczerg\u00e2h\u0131n\u0131z bu olacakt\u0131r. Mensubu olmakla \u015feref duyaca\u011f\u0131n\u0131z jandarma te\u015fkilat\u0131n\u0131n temeli bu milletin g\u00fcven harc\u0131yla kar\u0131lm\u0131\u015ft\u0131r. Bu g\u00fcvene helal getirecek b\u00fct\u00fcn davran\u0131\u015flardan uzak durunuz. Halk\u0131m\u0131z\u0131n sizin \u015fahs\u0131n\u0131zda devletimize duydu\u011fu g\u00fcvenin zedelenmemesine \u00f6zen g\u00f6sterin. En \u00f6nemlisi akl\u0131n\u0131z\u0131 ve vicdan\u0131n\u0131z\u0131 hi\u00e7bir oda\u011f\u0131n emrine de\u011fil sadece ve sadece y\u00fcce milletimizin emrine amade edin. Vatanda\u015f\u0131m\u0131z rahat uykusunu uyuyacaksa sizin uyan\u0131k oldu\u011funuza g\u00fcvendi\u011fi i\u00e7indir. Yolunuz baht\u0131n\u0131z a\u00e7\u0131k olsun\u201d \u015feklinde konu\u015ftu.<\/p>\n<p>Konu\u015fmac\u0131lardan Korgeneral J. ON. K. Yard\u0131mc\u0131s\u0131 Ali \u00c7ardak\u00e7\u0131 ise I\u015f\u0131klar Meslek Y\u00fcksekokulu\u2019nun tarihinden bahsederek, \u201c15 Temmuz 2016 tarihinde \u00fclkemiz emsali g\u00f6r\u00fclmemi\u015f bir ihanete u\u011frad\u0131. Hamdolsun ki birka\u00e7 k\u00fc\u00e7\u00fck hadise hari\u00e7 g\u00fczide jandarma te\u015fkilat\u0131 bu ihanete ortak olmad\u0131. Bilakis b\u00fcy\u00fck oranda kar\u015f\u0131 duru\u015f sergileyerek bu ihanete kar\u015f\u0131 ciddi bir m\u00fccadele ortaya koymu\u015ftur. Darbeye kar\u0131\u015fmasa da ter\u00f6r \u00f6rg\u00fct\u00fc \u00fcyesi oldu\u011fu tespit edilen personele i\u015flem yap\u0131ld\u0131. Bu \u015fah\u0131slar Jandarma Genel Komutanl\u0131\u011f\u0131 b\u00fcnyesinden \u00e7\u0131kar\u0131ld\u0131 ve halende \u00e7\u0131kar\u0131lmaya devam ediyor. Bu olay\u0131n ard\u0131ndan jandarma te\u015fkilat\u0131n\u0131n b\u00fcy\u00fck bir zafiyet i\u00e7erisine girece\u011finin d\u00fc\u015f\u00fcnenlerin aksine Jandarma Genel Komutanl\u0131\u011f\u0131 s\u00fcratle kendi akademisini kurdu. Bu kapsamda Bursa I\u015f\u0131klar kamp\u00fcs\u00fcn\u00fc h\u0131zl\u0131ca yeniden aya\u011fa kald\u0131rarak, Astsubay Meslek Y\u00fcksekokulu olarak a\u00e7m\u0131\u015f e\u011fitim ve \u00f6\u011fretim faaliyetlerine ba\u015flam\u0131\u015ft\u0131r.&#8221;<\/p>\n<p>S\u00f6zlerine devam eden \u00c7ardak\u00e7\u0131, &#8220;Bursa I\u015f\u0131klar Jandarma Meslek Y\u00fcksekokulu, millete a\u015fk ve sadakatle hizmet eden, feragat ve fedak\u00e2rl\u0131k \u00f6rne\u011fi jandarma te\u015fkilat\u0131n\u0131n gelece\u011fini y\u00f6n verecek ve \u00f6nemli g\u00f6revleri icra edecek lider ve komutanlar\u0131n\u0131 yeti\u015ftirmek gibi onurlu bir g\u00f6revi ta\u015f\u0131maktad\u0131r.  Ve bu g\u00f6revin tarihi sorumlulu\u011funu \u00fcstlenen, gerek fiziki gerekse e\u011fitim, \u00f6\u011fretim altyap\u0131s\u0131n\u0131 h\u0131zl\u0131ca tamamlayarak tam bir ilim ve irfan yuvas\u0131na d\u00f6n\u00fc\u015fm\u00fc\u015ft\u00fcr. Bug\u00fcn burada mezun olarak aram\u0131za kat\u0131lan gen\u00e7 arkada\u015flar\u0131m\u0131z ile hedeflerimize ad\u0131m ad\u0131m yakla\u015ft\u0131\u011f\u0131m\u0131z\u0131 memnuniyetle g\u00f6rmekteyim. Kar\u015f\u0131n\u0131zda duran inan\u00e7l\u0131, heyecanl\u0131, vakur ve g\u00f6revine haz\u0131r olarak bekleyen bu gen\u00e7 astsubaylar\u0131m\u0131z\u0131n k\u0131t\u2019alarda kendilerine verilen g\u00f6revi yapmaya haz\u0131r olduklar\u0131n\u0131 g\u00f6zlerinden okuyabiliyorum\u201d dedi.<\/p>\n<p>T\u00f6renin ard\u0131ndan seyirciler, mezun olan yak\u0131nlar\u0131na ko\u015farak mezuniyetlerini kutlad\u0131. O anlarda \u00f6\u011frenciler ve aileler sevin\u00e7 g\u00f6zya\u015flar\u0131 d\u00f6kt\u00fc.<\/p>\n","protected":false},"excerpt":{"rendered":"<p>BURSA&#8217;DA TAR\u0130H\u0130 I\u015eIKLAR JANDARMA MESLEK Y\u00dcKSEKOKULU 969 \u00d6\u011eRENC\u0130S\u0130N\u0130N D\u00dcZENLED\u0130\u011e\u0130 GEN\u0130\u015e KAPSAMLI T\u00d6RENLE MEZUN ETT\u0130. T\u00d6REN\u0130N ARDINDAN MEZUN OLAN \u00d6\u011eRENC\u0130LER VE A\u0130LELER\u0130 SEV\u0130N\u00c7 G\u00d6ZYA\u015eLARI D\u00d6KT\u00dc.<\/p>\n","protected":false},"author":1,"featured_media":195598,"comment_status":"closed","ping_status":"open","sticky":false,"template":"","format":"standard","meta":{"jetpack_post_was_ever_published":false,"_jetpack_newsletter_access":"","_jetpack_dont_email_post_to_subs":false,"_jetpack_newsletter_tier_id":0,"_jetpack_memberships_contains_paywalled_content":false,"_jetpack_memberships_contains_paid_content":false,"footnotes":"","jetpack_publicize_message":"","jetpack_publicize_feature_enabled":true,"jetpack_social_post_already_shared":true,"jetpack_social_options":{"image_generator_settings":{"template":"highway","default_image_id":0,"font":"","enabled":false},"version":2}},"categories":[1],"tags":[49116,207,30608,942,4030,8906,22207,7667,9705],"class_list":["post-195597","post","type-post","status-publish","format-standard","has-post-thumbnail","hentry","category-genel","tag-49116","tag-etti","tag-isiklar","tag-jandarma","tag-meslek","tag-mezun","tag-ogrencisini","tag-torenle","tag-yuksekokulu"],"jetpack_publicize_connections":[],"jetpack_featured_media_url":"https:\/\/i0.wp.com\/www.tvturk.com\/wp-content\/uploads\/2019\/08\/isiklar-jandarma-meslek-yuksekokulu-969-ogrencisini-torenle-mezun-etti_cbbf4cc.jpg?fit=1000%2C562","jetpack_sharing_enabled":true,"jetpack_shortlink":"https:\/\/wp.me\/paKIfm-OSN","_links":{"self":[{"href":"http:\/\/www.tvturk.com\/index.php\/wp-json\/wp\/v2\/posts\/195597","targetHints":{"allow":["GET"]}}],"collection":[{"href":"http:\/\/www.tvturk.com\/index.php\/wp-json\/wp\/v2\/posts"}],"about":[{"href":"http:\/\/www.tvturk.com\/index.php\/wp-json\/wp\/v2\/types\/post"}],"author":[{"embeddable":true,"href":"http:\/\/www.tvturk.com\/index.php\/wp-json\/wp\/v2\/users\/1"}],"replies":[{"embeddable":true,"href":"http:\/\/www.tvturk.com\/index.php\/wp-json\/wp\/v2\/comments?post=195597"}],"version-history":[{"count":0,"href":"http:\/\/www.tvturk.com\/index.php\/wp-json\/wp\/v2\/posts\/195597\/revisions"}],"wp:featuredmedia":[{"embeddable":true,"href":"http:\/\/www.tvturk.com\/index.php\/wp-json\/wp\/v2\/media\/195598"}],"wp:attachment":[{"href":"http:\/\/www.tvturk.com\/index.php\/wp-json\/wp\/v2\/media?parent=195597"}],"wp:term":[{"taxonomy":"category","embeddable":true,"href":"http:\/\/www.tvturk.com\/index.php\/wp-json\/wp\/v2\/categories?post=195597"},{"taxonomy":"post_tag","embeddable":true,"href":"http:\/\/www.tvturk.com\/index.php\/wp-json\/wp\/v2\/tags?post=195597"}],"curies":[{"name":"wp","href":"https:\/\/api.w.org\/{rel}","templated":true}]}}