{"id":195599,"date":"2019-08-24T22:01:25","date_gmt":"2019-08-24T19:01:25","guid":{"rendered":"http:\/\/www.tvturk.com\/index.php\/dunya-liderleri-g7-zirvesi-icin-bir-araya-geldi\/"},"modified":"2019-08-24T22:01:25","modified_gmt":"2019-08-24T19:01:25","slug":"dunya-liderleri-g7-zirvesi-icin-bir-araya-geldi","status":"publish","type":"post","link":"http:\/\/www.tvturk.com\/index.php\/dunya-liderleri-g7-zirvesi-icin-bir-araya-geldi\/","title":{"rendered":"D\u00fcnya liderleri G7 Zirvesi i\u00e7in bir araya geldi"},"content":{"rendered":"<p>D\u00fcnyan\u0131n en b\u00fcy\u00fck 7 ekonomisinin kat\u0131l\u0131m\u0131 ile ger\u00e7ekle\u015fen G7 Zirvesi g\u00f6r\u00fc\u015fmeleri Fransa\u2019n\u0131n g\u00fcneyindeki Biarritz kasabas\u0131nda d\u00fcnya liderlerinin kat\u0131l\u0131m\u0131 ile ba\u015flad\u0131.<\/p>\n<p>D\u00fcnyan\u0131n en b\u00fcy\u00fck 7 ekonomisinin kat\u0131l\u0131m\u0131 ile ger\u00e7ekle\u015fen 45\u2019inci G7 Zirvesi g\u00f6r\u00fc\u015fmeleri Fransa\u2019n\u0131n Nouvelle-Aquitaine b\u00f6lgesinde yer alan  sahil kasabas\u0131 Biarritz\u2019de ba\u015flad\u0131. Zirvenin a\u00e7\u0131l\u0131\u015f t\u00f6reni i\u00e7in G7 grubunu olu\u015fturan Almanya, ABD, Birle\u015fik Krall\u0131k, Fransa, \u0130talya, Japonya ve Kanada\u2019n\u0131n liderleri ile Avrupa Birli\u011fi (AB) Konseyi Ba\u015fkan\u0131 Donald Tusk bir araya geldi. Zirve\u2019ye ev sahipli\u011fi yapan Fransa Cumhurba\u015fkan\u0131 Emmanuel Macron e\u015fi Brigitte Macron ile birlikte ilk olarak Avrupa Birli\u011fi (AB) Konseyi Ba\u015fkan\u0131 Donald Tusk ve e\u015fini kar\u015f\u0131lad\u0131. Fransa lideri ve e\u015fi daha sonra ise s\u0131ras\u0131 ile \u0130talya Ba\u015fbakan\u0131 Giuseppe Conte\u2019yi, \u0130ngiltere\u2019nin yeni Ba\u015fbakan\u0131 Boris Johnson\u2019\u0131, Kanada Ba\u015fbakan\u0131 Justin Trudeau\u2019yu, Japonya Ba\u015fbakan\u0131 \u015einzo Abe ve e\u015fini,  Almanya Ba\u015fbakan\u0131 Angela Merkel\u2019i son olarak ise ABD Ba\u015fkan\u0131 Donald Trump ve e\u015fi  Melania Trump\u2019\u0131 kar\u015f\u0131lad\u0131. Macron ve e\u015fi liderler ve e\u015flerine zirvenin ger\u00e7ekle\u015ftirilece\u011fi yeri gezdirerek foto\u011fraf \u00e7ekiminde bulundu.<\/p>\n<p>Zirve protestolar\u0131n g\u00f6lgesinde ba\u015flad\u0131<\/p>\n<p>D\u00fcnya liderleri ba\u015fta k\u00fcrsel ekonomik \u00e7alkalanmalar ve iklim de\u011fi\u015fikli\u011fi olmak \u00fczere pek \u00e7ok konuyu masaya yat\u0131rmak amac\u0131 ile G7 Zirvesine ba\u015flarken zirvenin ger\u00e7ekle\u015ftirildi\u011fi Biarritz\u2019de kasabas\u0131 yak\u0131nlar\u0131nda binlerce vatanda\u015f bir araya geldi. Protestocular G7 liderlerine \u00fclkelerinin ilkim ve ekonomi politikalar\u0131n\u0131 de\u011fi\u015fmeleri y\u00f6n\u00fcnde \u00e7a\u011fr\u0131da bulundu. Zirvenin g\u00fcvenli\u011fi i\u00e7in ise \u00fcst d\u00fczey g\u00fcvenlik \u00f6nemleri al\u0131nd\u0131.<\/p>\n<p>Zirve 4 ana g\u00fcndem maddesine odaklanacak<\/p>\n<p>G-7\u2019nin resmi a\u00e7\u0131l\u0131\u015f\u0131ndan birka\u00e7 saat \u00f6nce d\u00fczenlenen \u00e7al\u0131\u015fma yeme\u011finden sonra a\u00e7\u0131klamalar yapan Fransa Cumhurba\u015fkan\u0131 Emmanuel Macron, G7 Zirvesi\u2019nin d\u00f6rt ana tema \u00fczerine odakland\u0131\u011f\u0131n\u0131 a\u00e7\u0131klam\u0131\u015ft\u0131. Macron bu ana maddeleri ise \u201cD\u00fcnyada istikrar ve bar\u0131\u015f\u201d, \u201cD\u00fcnya ekonomisine a\u011f\u0131rl\u0131k veren belirsizlikler\u201d, \u201cSosyal ve k\u00fclt\u00fcrel e\u015fitsizlik\u201d, \u201c\u0130klim de\u011fi\u015fikli\u011fi ve \u00e7e\u015fitlilik\u201d \u015feklinde s\u0131ralam\u0131\u015ft\u0131.<\/p>\n<p>\u201cAmazon ormanlar\u0131n\u0131n savunmas\u0131nda k\u00fcresel bir hareket ba\u015flatmal\u0131y\u0131z\u201d<\/p>\n<p>Macron ge\u00e7ti\u011fimiz g\u00fcn yapt\u0131\u011f\u0131 a\u00e7\u0131klamada, h\u00fck\u00fcmetinin AB ile G\u00fcney Amerika Ortak Pazar\u0131 (Mercosur) aras\u0131ndaki ticaret anla\u015fmas\u0131n\u0131 reddedece\u011fini ve Brezilya h\u00fck\u00fcmetinin Amazon krizi kar\u015f\u0131s\u0131nda davran\u0131\u015flar\u0131n\u0131 protesto edece\u011fini a\u00e7\u0131klam\u0131\u015ft\u0131. Bug\u00fcn yapt\u0131\u011f\u0131 a\u00e7\u0131klamada ise Macron \u00fcslubunu biraz daha yumu\u015fatarak, \u201cAmazon ormanlar\u0131n\u0131n savunmas\u0131nda k\u00fcresel bir hareket ba\u015flatmal\u0131y\u0131z. Brezilya\u2019ya yard\u0131m etmek ve bu k\u00fcresel ekolojik \u00e7e\u015fitlilik hazinesinin yeniden a\u011fa\u00e7land\u0131r\u0131lmas\u0131na yat\u0131r\u0131m yapmak i\u00e7in harekete ge\u00e7meliyiz\u201d dedi.<\/p>\n<p>Macron d\u00fcn yapt\u0131\u011f\u0131 a\u00e7\u0131klamada ise, d\u00fcnyadaki Amazon yang\u0131n\u0131 krizi hakk\u0131nda, &#8220;Evimiz yan\u0131yor. Oksijenimizin y\u00fczde 20\u2019sini \u00fcreten Amazon ya\u011fmur ormanlar\u0131 yan\u0131yor. Bu durum uluslararas\u0131 bir krizdir&#8221; ifadelerini kullanm\u0131\u015f ve meselenin yar\u0131n yap\u0131lmas\u0131 planlanan G7 Zirvesi\u2019nin ana g\u00fcndem maddelerinden bir tanesi olmas\u0131n\u0131 \u00f6nermi\u015fti.<\/p>\n","protected":false},"excerpt":{"rendered":"<p>D\u00dcNYANIN EN B\u00dcY\u00dcK 7 EKONOM\u0130S\u0130N\u0130N KATILIMI \u0130LE GER\u00c7EKLE\u015eEN G7 Z\u0130RVES\u0130 G\u00d6R\u00dc\u015eMELER\u0130 FRANSA\u2019NIN G\u00dcNEY\u0130NDEK\u0130 B\u0130ARR\u0130TZ KASABASINDA D\u00dcNYA L\u0130DERLER\u0130N\u0130N KATILIMI \u0130LE BA\u015eLADI.<\/p>\n","protected":false},"author":1,"featured_media":195600,"comment_status":"closed","ping_status":"open","sticky":false,"template":"","format":"standard","meta":{"jetpack_post_was_ever_published":false,"_jetpack_newsletter_access":"","_jetpack_dont_email_post_to_subs":false,"_jetpack_newsletter_tier_id":0,"_jetpack_memberships_contains_paywalled_content":false,"_jetpack_memberships_contains_paid_content":false,"footnotes":"","jetpack_publicize_message":"","jetpack_publicize_feature_enabled":true,"jetpack_social_post_already_shared":true,"jetpack_social_options":{"image_generator_settings":{"template":"highway","default_image_id":0,"font":"","enabled":false},"version":2}},"categories":[10],"tags":[349,126,125,127,44,7010,411],"class_list":["post-195599","post","type-post","status-publish","format-standard","has-post-thumbnail","hentry","category-dunya","tag-dunya","tag-araya","tag-bir","tag-geldi","tag-icin","tag-liderleri","tag-zirvesi"],"jetpack_publicize_connections":[],"jetpack_featured_media_url":"https:\/\/i0.wp.com\/www.tvturk.com\/wp-content\/uploads\/2019\/08\/dunya-liderleri-g7-zirvesi-icin-bir-araya-geldi_d7b4576.jpg?fit=1000%2C666","jetpack_sharing_enabled":true,"jetpack_shortlink":"https:\/\/wp.me\/paKIfm-OSP","_links":{"self":[{"href":"http:\/\/www.tvturk.com\/index.php\/wp-json\/wp\/v2\/posts\/195599","targetHints":{"allow":["GET"]}}],"collection":[{"href":"http:\/\/www.tvturk.com\/index.php\/wp-json\/wp\/v2\/posts"}],"about":[{"href":"http:\/\/www.tvturk.com\/index.php\/wp-json\/wp\/v2\/types\/post"}],"author":[{"embeddable":true,"href":"http:\/\/www.tvturk.com\/index.php\/wp-json\/wp\/v2\/users\/1"}],"replies":[{"embeddable":true,"href":"http:\/\/www.tvturk.com\/index.php\/wp-json\/wp\/v2\/comments?post=195599"}],"version-history":[{"count":0,"href":"http:\/\/www.tvturk.com\/index.php\/wp-json\/wp\/v2\/posts\/195599\/revisions"}],"wp:featuredmedia":[{"embeddable":true,"href":"http:\/\/www.tvturk.com\/index.php\/wp-json\/wp\/v2\/media\/195600"}],"wp:attachment":[{"href":"http:\/\/www.tvturk.com\/index.php\/wp-json\/wp\/v2\/media?parent=195599"}],"wp:term":[{"taxonomy":"category","embeddable":true,"href":"http:\/\/www.tvturk.com\/index.php\/wp-json\/wp\/v2\/categories?post=195599"},{"taxonomy":"post_tag","embeddable":true,"href":"http:\/\/www.tvturk.com\/index.php\/wp-json\/wp\/v2\/tags?post=195599"}],"curies":[{"name":"wp","href":"https:\/\/api.w.org\/{rel}","templated":true}]}}