{"id":195607,"date":"2019-08-24T22:17:20","date_gmt":"2019-08-24T19:17:20","guid":{"rendered":"http:\/\/www.tvturk.com\/index.php\/emre-belozoglu-basaksehir-takim-fotografinda-yer-aldi\/"},"modified":"2019-08-24T22:17:20","modified_gmt":"2019-08-24T19:17:20","slug":"emre-belozoglu-basaksehir-takim-fotografinda-yer-aldi","status":"publish","type":"post","link":"http:\/\/www.tvturk.com\/index.php\/emre-belozoglu-basaksehir-takim-fotografinda-yer-aldi\/","title":{"rendered":"Emre Bel\u00f6zo\u011flu, Ba\u015fak\u015fehir tak\u0131m foto\u011fraf\u0131nda yer ald\u0131"},"content":{"rendered":"<p>Fenerbah\u00e7e kaptan\u0131 Emre Bel\u00f6zo\u011flu\u2019na ma\u00e7 \u00f6ncesi Ba\u015fak\u015fehirli bir k\u0131z taraftar \u00e7i\u00e7ek verdi. \u00d6te yandan Bel\u00f6zo\u011flu, Arda Turan\u2019\u0131n daveti ile Ba\u015fak\u015fehirli oyuncular\u0131n tak\u0131m foto\u011fraf\u0131nda yer ald\u0131.<\/p>\n<p>Fenerbah\u00e7e Kaptan\u0131 Emre Bel\u00f6zo\u011flu\u2019na eski tak\u0131m\u0131 Medipol Ba\u015fak\u015fehir\u2019den b\u00fcy\u00fck sevgi g\u00f6sterilerinde bulunuldu. Ma\u00e7 \u00f6ncesi Medipol Ba\u015fak\u015fehir Ba\u015fkan\u0131 G\u00f6ksel G\u00fcm\u00fc\u015fda\u011f\u2019\u0131n k\u0131z\u0131 ile Bel\u00f6zo\u011flu\u2019nun o\u011flu sahaya \u00e7\u0131kt\u0131. G\u00fcm\u00fc\u015fda\u011f\u2019\u0131n k\u0131z\u0131, tecr\u00fcbeli oyuncuya \u00e7i\u00e7ek vererek, \u201cEmre abi sen Fenerbah\u00e7eli\u2019sin ama o\u011flun \u00d6mer Ba\u015fak\u015fehirli\u201d dedi. \u00d6te yandan Arda Turan\u2019\u0131n daveti \u00fczerine Bel\u00f6zo\u011flu, Ba\u015fak\u015fehir tak\u0131m foto\u011fraf\u0131nda yer ald\u0131 ve objektiflere poz verdi.<\/p>\n","protected":false},"excerpt":{"rendered":"<p>EMRE BEL\u00d6ZO\u011eLU, ARDA TURAN\u2019IN DAVET\u0130 \u0130LE BA\u015eAK\u015eEH\u0130RL\u0130 OYUNCULARIN TAKIM FOTO\u011eRAFINDA YER ALDI.<\/p>\n","protected":false},"author":1,"featured_media":195608,"comment_status":"closed","ping_status":"open","sticky":false,"template":"","format":"standard","meta":{"jetpack_post_was_ever_published":false,"_jetpack_newsletter_access":"","_jetpack_dont_email_post_to_subs":false,"_jetpack_newsletter_tier_id":0,"_jetpack_memberships_contains_paywalled_content":false,"_jetpack_memberships_contains_paid_content":false,"footnotes":"","jetpack_publicize_message":"","jetpack_publicize_feature_enabled":true,"jetpack_social_post_already_shared":true,"jetpack_social_options":{"image_generator_settings":{"template":"highway","default_image_id":0,"font":"","enabled":false},"version":2}},"categories":[657],"tags":[6004,1075,37175,6360,42597,6670,4243],"class_list":["post-195607","post","type-post","status-publish","format-standard","has-post-thumbnail","hentry","category-spor","tag-basaksehir","tag-aldi","tag-belozoglu","tag-emre","tag-fotografinda","tag-takim","tag-yer"],"jetpack_publicize_connections":[],"jetpack_featured_media_url":"https:\/\/i0.wp.com\/www.tvturk.com\/wp-content\/uploads\/2019\/08\/emre-belozoglu-basaksehir-takim-fotografinda-yer-aldi_b2a746e.jpg?fit=1000%2C617","jetpack_sharing_enabled":true,"jetpack_shortlink":"https:\/\/wp.me\/paKIfm-OSX","_links":{"self":[{"href":"http:\/\/www.tvturk.com\/index.php\/wp-json\/wp\/v2\/posts\/195607","targetHints":{"allow":["GET"]}}],"collection":[{"href":"http:\/\/www.tvturk.com\/index.php\/wp-json\/wp\/v2\/posts"}],"about":[{"href":"http:\/\/www.tvturk.com\/index.php\/wp-json\/wp\/v2\/types\/post"}],"author":[{"embeddable":true,"href":"http:\/\/www.tvturk.com\/index.php\/wp-json\/wp\/v2\/users\/1"}],"replies":[{"embeddable":true,"href":"http:\/\/www.tvturk.com\/index.php\/wp-json\/wp\/v2\/comments?post=195607"}],"version-history":[{"count":0,"href":"http:\/\/www.tvturk.com\/index.php\/wp-json\/wp\/v2\/posts\/195607\/revisions"}],"wp:featuredmedia":[{"embeddable":true,"href":"http:\/\/www.tvturk.com\/index.php\/wp-json\/wp\/v2\/media\/195608"}],"wp:attachment":[{"href":"http:\/\/www.tvturk.com\/index.php\/wp-json\/wp\/v2\/media?parent=195607"}],"wp:term":[{"taxonomy":"category","embeddable":true,"href":"http:\/\/www.tvturk.com\/index.php\/wp-json\/wp\/v2\/categories?post=195607"},{"taxonomy":"post_tag","embeddable":true,"href":"http:\/\/www.tvturk.com\/index.php\/wp-json\/wp\/v2\/tags?post=195607"}],"curies":[{"name":"wp","href":"https:\/\/api.w.org\/{rel}","templated":true}]}}