{"id":195613,"date":"2019-08-24T22:31:50","date_gmt":"2019-08-24T19:31:50","guid":{"rendered":"http:\/\/www.tvturk.com\/index.php\/mansur-yavas-alkan-ciftinin-nikah-sahidi-oldu\/"},"modified":"2019-08-24T22:31:50","modified_gmt":"2019-08-24T19:31:50","slug":"mansur-yavas-alkan-ciftinin-nikah-sahidi-oldu","status":"publish","type":"post","link":"http:\/\/www.tvturk.com\/index.php\/mansur-yavas-alkan-ciftinin-nikah-sahidi-oldu\/","title":{"rendered":"Mansur Yava\u015f, Alkan \u00e7iftinin nikah \u015fahidi oldu"},"content":{"rendered":"<p>\u0130\u015f adam\u0131 ve siyaset\u00e7i Veysel Alkan\u2019\u0131n o\u011flu Sad\u0131k Alkan ile e\u015fi Zeynep Alkan\u2019\u0131n d\u00fc\u011f\u00fcn\u00fcne Ankara B\u00fcy\u00fck\u015fehir Belediye Ba\u015fkan\u0131 Mansur Yava\u015f\u2019ta kat\u0131ld\u0131. Nikah \u015fahidi olan Yava\u015f, gen\u00e7 \u00e7ifte mutluluklar diledi.<\/p>\n<p>\u0130\u015f adam\u0131 ve siyaset\u00e7i Veysel Alkan\u2019\u0131n o\u011flu Sad\u0131k Alkan ve e\u015fi Zeynep Alkan, Etimesgut Turgut Ata K\u00fclt\u00fcr Merkezi\u2019nde d\u00fcnya evine girdi. D\u00fc\u011f\u00fcne, Ankara B\u00fcy\u00fck\u015fehir Belediye Ba\u015fkan\u0131 Mansur Yava\u015f\u2019ta kat\u0131ld\u0131. Alkan \u00e7iftinin mutlu g\u00fcnlerinde yanlar\u0131nda olan ve nikah \u015fahidi olan Yava\u015f, gen\u00e7 \u00e7ifte mutluluklar diledi.<\/p>\n","protected":false},"excerpt":{"rendered":"<p>\u0130\u015e ADAMI VE S\u0130YASET\u00c7\u0130 VEYSEL ALKAN\u2019IN O\u011eLU SADIK ALKAN \u0130LE E\u015e\u0130 ZEYNEP ALKAN\u2019IN D\u00dc\u011e\u00dcN\u00dcNE ANKARA B\u00dcY\u00dcK\u015eEH\u0130R BELED\u0130YE BA\u015eKANI MANSUR YAVA\u015e DA KATILDI.<\/p>\n","protected":false},"author":1,"featured_media":195614,"comment_status":"closed","ping_status":"open","sticky":false,"template":"","format":"standard","meta":{"jetpack_post_was_ever_published":false,"_jetpack_newsletter_access":"","_jetpack_dont_email_post_to_subs":false,"_jetpack_newsletter_tier_id":0,"_jetpack_memberships_contains_paywalled_content":false,"_jetpack_memberships_contains_paid_content":false,"footnotes":"","jetpack_publicize_message":"","jetpack_publicize_feature_enabled":true,"jetpack_social_post_already_shared":true,"jetpack_social_options":{"image_generator_settings":{"template":"highway","default_image_id":0,"font":"","enabled":false},"version":2}},"categories":[1],"tags":[14458,17020,16884,12384,77,21374,16885],"class_list":["post-195613","post","type-post","status-publish","format-standard","has-post-thumbnail","hentry","category-genel","tag-alkan","tag-ciftinin","tag-mansur","tag-nikah","tag-oldu","tag-sahidi","tag-yavas"],"jetpack_publicize_connections":[],"jetpack_featured_media_url":"https:\/\/i0.wp.com\/www.tvturk.com\/wp-content\/uploads\/2019\/08\/mansur-yavas-alkan-ciftinin-nikah-sahidi-oldu_1af0cb3.jpg?fit=1000%2C750","jetpack_sharing_enabled":true,"jetpack_shortlink":"https:\/\/wp.me\/paKIfm-OT3","_links":{"self":[{"href":"http:\/\/www.tvturk.com\/index.php\/wp-json\/wp\/v2\/posts\/195613","targetHints":{"allow":["GET"]}}],"collection":[{"href":"http:\/\/www.tvturk.com\/index.php\/wp-json\/wp\/v2\/posts"}],"about":[{"href":"http:\/\/www.tvturk.com\/index.php\/wp-json\/wp\/v2\/types\/post"}],"author":[{"embeddable":true,"href":"http:\/\/www.tvturk.com\/index.php\/wp-json\/wp\/v2\/users\/1"}],"replies":[{"embeddable":true,"href":"http:\/\/www.tvturk.com\/index.php\/wp-json\/wp\/v2\/comments?post=195613"}],"version-history":[{"count":0,"href":"http:\/\/www.tvturk.com\/index.php\/wp-json\/wp\/v2\/posts\/195613\/revisions"}],"wp:featuredmedia":[{"embeddable":true,"href":"http:\/\/www.tvturk.com\/index.php\/wp-json\/wp\/v2\/media\/195614"}],"wp:attachment":[{"href":"http:\/\/www.tvturk.com\/index.php\/wp-json\/wp\/v2\/media?parent=195613"}],"wp:term":[{"taxonomy":"category","embeddable":true,"href":"http:\/\/www.tvturk.com\/index.php\/wp-json\/wp\/v2\/categories?post=195613"},{"taxonomy":"post_tag","embeddable":true,"href":"http:\/\/www.tvturk.com\/index.php\/wp-json\/wp\/v2\/tags?post=195613"}],"curies":[{"name":"wp","href":"https:\/\/api.w.org\/{rel}","templated":true}]}}