{"id":195623,"date":"2019-08-24T22:46:42","date_gmt":"2019-08-24T19:46:42","guid":{"rendered":"http:\/\/www.tvturk.com\/index.php\/bir-market-calisanin-kadin-is-arkadasina-saldirdigi-anlar-kamerada\/"},"modified":"2019-08-24T22:46:42","modified_gmt":"2019-08-24T19:46:42","slug":"bir-market-calisanin-kadin-is-arkadasina-saldirdigi-anlar-kamerada","status":"publish","type":"post","link":"http:\/\/www.tvturk.com\/index.php\/bir-market-calisanin-kadin-is-arkadasina-saldirdigi-anlar-kamerada\/","title":{"rendered":"Bir market \u00e7al\u0131\u015fan\u0131n kad\u0131n i\u015f arkada\u015f\u0131na sald\u0131rd\u0131\u011f\u0131 anlar kamerada"},"content":{"rendered":"<p>Beylikd\u00fcz\u00fc\u2019nde bir market \u00e7al\u0131\u015fan\u0131, kad\u0131n i\u015f arkada\u015f\u0131n\u0131n bo\u011faz\u0131n\u0131 s\u0131k\u0131p yere att\u0131, ard\u0131ndan da tekmeleyerek darp etti. \u015e\u00fcphelinin i\u015f arkada\u015f\u0131n\u0131 darp etti\u011fi o anlar ise saniye saniye i\u015fyeri kameras\u0131na yans\u0131d\u0131.<\/p>\n<p>Olay, Beylikd\u00fcz\u00fc\u2019nde bulunan bir markette 7 Temmuz g\u00fcn\u00fc saat 11.30 s\u0131ralar\u0131nda ya\u015fand\u0131. Bir market \u00e7al\u0131\u015fan\u0131 ile ayn\u0131 markette \u00e7al\u0131\u015fan Azime T. aras\u0131nda hen\u00fcz bilinmeyen bir nedenle tart\u0131\u015fma \u00e7\u0131kt\u0131. Tart\u0131\u015fma sonras\u0131nda Azime T. ayn\u0131 markette \u00e7al\u0131\u015fan erkek taraf\u0131ndan sald\u0131r\u0131ya u\u011frad\u0131. Azime T\u2019nin bo\u011faz\u0131n\u0131 s\u0131k\u0131p yere atan sald\u0131rgan, yerde de tekmeleyerek darp etti. Ya\u015fanan olay\u0131n ard\u0131ndan Azime T\u2019nin \u015fikayet\u00e7i olmas\u0131 \u00fczerine \u00e7al\u0131\u015fma arkada\u015f\u0131 polis ekipleri taraf\u0131ndan g\u00f6zalt\u0131na al\u0131nd\u0131. Sald\u0131rgan\u0131n tutuksuz yarg\u0131lanmak \u00fczere serbest b\u0131rak\u0131ld\u0131\u011f\u0131 \u00f6\u011frenilirken, ya\u015fanan o anlar ise marketteki g\u00fcvenlik kameras\u0131na yans\u0131d\u0131. G\u00f6r\u00fcnt\u00fclerde, \u015f\u00fcphelinin \u00e7al\u0131\u015fma arkada\u015f\u0131n\u0131n bo\u011faz\u0131n\u0131 s\u0131k\u0131p yere att\u0131\u011f\u0131 ve tekmeledi\u011fi g\u00f6r\u00fcl\u00fcyor.<\/p>\n","protected":false},"excerpt":{"rendered":"<p>BEYL\u0130KD\u00dcZ\u00dc\u2019NDE B\u0130R MARKET \u00c7ALI\u015eANI, KADIN \u0130\u015e ARKADA\u015eININ BO\u011eAZINI SIKIP YERE ATTI, ARDINDAN DA TEKMELEYEREK DARP ETT\u0130.<\/p>\n","protected":false},"author":1,"featured_media":195624,"comment_status":"closed","ping_status":"open","sticky":false,"template":"","format":"standard","meta":{"jetpack_post_was_ever_published":false,"_jetpack_newsletter_access":"","_jetpack_dont_email_post_to_subs":false,"_jetpack_newsletter_tier_id":0,"_jetpack_memberships_contains_paywalled_content":false,"_jetpack_memberships_contains_paid_content":false,"footnotes":"","jetpack_publicize_message":"","jetpack_publicize_feature_enabled":true,"jetpack_social_post_already_shared":true,"jetpack_social_options":{"image_generator_settings":{"template":"highway","default_image_id":0,"font":"","enabled":false},"version":2}},"categories":[1],"tags":[5816,20306,125,7927,432,108,1142,9052,14272],"class_list":["post-195623","post","type-post","status-publish","format-standard","has-post-thumbnail","hentry","category-genel","tag-anlar","tag-arkadasina","tag-bir","tag-calisanin","tag-is","tag-kadin","tag-kamerada","tag-market","tag-saldirdigi"],"jetpack_publicize_connections":[],"jetpack_featured_media_url":"https:\/\/i0.wp.com\/www.tvturk.com\/wp-content\/uploads\/2019\/08\/bir-market-calisanin-kadin-is-arkadasina-saldirdigi-anlar-kamerada_1111d2d.jpg?fit=650%2C480","jetpack_sharing_enabled":true,"jetpack_shortlink":"https:\/\/wp.me\/paKIfm-OTd","_links":{"self":[{"href":"http:\/\/www.tvturk.com\/index.php\/wp-json\/wp\/v2\/posts\/195623","targetHints":{"allow":["GET"]}}],"collection":[{"href":"http:\/\/www.tvturk.com\/index.php\/wp-json\/wp\/v2\/posts"}],"about":[{"href":"http:\/\/www.tvturk.com\/index.php\/wp-json\/wp\/v2\/types\/post"}],"author":[{"embeddable":true,"href":"http:\/\/www.tvturk.com\/index.php\/wp-json\/wp\/v2\/users\/1"}],"replies":[{"embeddable":true,"href":"http:\/\/www.tvturk.com\/index.php\/wp-json\/wp\/v2\/comments?post=195623"}],"version-history":[{"count":0,"href":"http:\/\/www.tvturk.com\/index.php\/wp-json\/wp\/v2\/posts\/195623\/revisions"}],"wp:featuredmedia":[{"embeddable":true,"href":"http:\/\/www.tvturk.com\/index.php\/wp-json\/wp\/v2\/media\/195624"}],"wp:attachment":[{"href":"http:\/\/www.tvturk.com\/index.php\/wp-json\/wp\/v2\/media?parent=195623"}],"wp:term":[{"taxonomy":"category","embeddable":true,"href":"http:\/\/www.tvturk.com\/index.php\/wp-json\/wp\/v2\/categories?post=195623"},{"taxonomy":"post_tag","embeddable":true,"href":"http:\/\/www.tvturk.com\/index.php\/wp-json\/wp\/v2\/tags?post=195623"}],"curies":[{"name":"wp","href":"https:\/\/api.w.org\/{rel}","templated":true}]}}