{"id":195631,"date":"2019-08-24T23:01:49","date_gmt":"2019-08-24T20:01:49","guid":{"rendered":"http:\/\/www.tvturk.com\/index.php\/sehit-polis-akin-celebinin-naasi-trabzona-getirildi\/"},"modified":"2019-08-24T23:01:49","modified_gmt":"2019-08-24T20:01:49","slug":"sehit-polis-akin-celebinin-naasi-trabzona-getirildi","status":"publish","type":"post","link":"http:\/\/www.tvturk.com\/index.php\/sehit-polis-akin-celebinin-naasi-trabzona-getirildi\/","title":{"rendered":"\u015eehit polis Ak\u0131n \u00c7elebi\u2019nin naa\u015f\u0131 Trabzon\u2019a getirildi"},"content":{"rendered":"<p>Diyarbak\u0131r\u2019\u0131n Dicle il\u00e7esinde \u00f6zel harekat polislerini ta\u015f\u0131yan z\u0131rhl\u0131 arac\u0131n devrilmesi sonucu \u015fehit d\u00fc\u015fen polis memuru Ak\u0131n \u00c7elebi\u2019nin naa\u015f\u0131 Trabzon\u2019a getirildi.<\/p>\n<p>Diyarbak\u0131r Emniyet M\u00fcd\u00fcrl\u00fc\u011f\u00fc \u00d6zel Harekat \u015eube M\u00fcd\u00fcrl\u00fc\u011f\u00fcnde g\u00f6revli polis memuru Ak\u0131n \u00c7elebi, \u00f6zel harekat polislerini ta\u015f\u0131yan z\u0131rhl\u0131 arac\u0131n devrilmesi sonucu \u015fehit d\u00fc\u015ft\u00fc. \u015eehit \u00c7elebi\u2019nin naa\u015f\u0131 Trabzon Havaliman\u0131\u2019na getirildi. Havaliman\u0131nda \u015fehidi Trabzon Valisi \u0130smail Ustao\u011flu, il protokol\u00fc, askeri ve m\u00fclki erkan ile \u015fehidin yak\u0131nlar\u0131 kar\u015f\u0131lad\u0131. \u015eehidin u\u00e7aktan askerlerin omuzlar\u0131nda indirilen al bayrakl\u0131 tabutunu g\u00f6ren anne Rukiye ve baba Necmi \u00c7elebi g\u00f6zya\u015f\u0131 d\u00f6kerken, \u015fehit \u00c7elebi\u2019nin cenazesinin G\u00fclbahar Hatun Camisi\u2019nde \u00f6\u011fle namaz\u0131n\u0131 m\u00fcteakip k\u0131l\u0131nacak cenaze namaz\u0131n\u0131n ard\u0131ndan son yolculu\u011funa u\u011furlanaca\u011f\u0131 belirtildi.<\/p>\n","protected":false},"excerpt":{"rendered":"<p>D\u0130YARBAKIR\u2019IN D\u0130CLE \u0130L\u00c7ES\u0130NDE \u00d6ZEL HAREKAT POL\u0130SLER\u0130N\u0130 TA\u015eIYAN ZIRHLI ARACIN DEVR\u0130LMES\u0130 SONUCU \u015eEH\u0130T D\u00dc\u015eEN POL\u0130S MEMURU AKIN \u00c7ELEB\u0130\u2019N\u0130N NAA\u015eI TRABZON\u2019A GET\u0130R\u0130LD\u0130.<\/p>\n","protected":false},"author":1,"featured_media":195632,"comment_status":"closed","ping_status":"open","sticky":false,"template":"","format":"standard","meta":{"jetpack_post_was_ever_published":false,"_jetpack_newsletter_access":"","_jetpack_dont_email_post_to_subs":false,"_jetpack_newsletter_tier_id":0,"_jetpack_memberships_contains_paywalled_content":false,"_jetpack_memberships_contains_paid_content":false,"footnotes":"","jetpack_publicize_message":"","jetpack_publicize_feature_enabled":true,"jetpack_social_post_already_shared":true,"jetpack_social_options":{"image_generator_settings":{"template":"highway","default_image_id":0,"font":"","enabled":false},"version":2}},"categories":[1],"tags":[328,35667,9576,10706,996,237,8270],"class_list":["post-195631","post","type-post","status-publish","format-standard","has-post-thumbnail","hentry","category-genel","tag-akin","tag-celebinin","tag-getirildi","tag-naasi","tag-polis","tag-sehit","tag-trabzona"],"jetpack_publicize_connections":[],"jetpack_featured_media_url":"https:\/\/i0.wp.com\/www.tvturk.com\/wp-content\/uploads\/2019\/08\/sehit-polis-akin-celebinin-naasi-trabzona-getirildi_bfa379f.jpg?fit=1000%2C868","jetpack_sharing_enabled":true,"jetpack_shortlink":"https:\/\/wp.me\/paKIfm-OTl","_links":{"self":[{"href":"http:\/\/www.tvturk.com\/index.php\/wp-json\/wp\/v2\/posts\/195631","targetHints":{"allow":["GET"]}}],"collection":[{"href":"http:\/\/www.tvturk.com\/index.php\/wp-json\/wp\/v2\/posts"}],"about":[{"href":"http:\/\/www.tvturk.com\/index.php\/wp-json\/wp\/v2\/types\/post"}],"author":[{"embeddable":true,"href":"http:\/\/www.tvturk.com\/index.php\/wp-json\/wp\/v2\/users\/1"}],"replies":[{"embeddable":true,"href":"http:\/\/www.tvturk.com\/index.php\/wp-json\/wp\/v2\/comments?post=195631"}],"version-history":[{"count":0,"href":"http:\/\/www.tvturk.com\/index.php\/wp-json\/wp\/v2\/posts\/195631\/revisions"}],"wp:featuredmedia":[{"embeddable":true,"href":"http:\/\/www.tvturk.com\/index.php\/wp-json\/wp\/v2\/media\/195632"}],"wp:attachment":[{"href":"http:\/\/www.tvturk.com\/index.php\/wp-json\/wp\/v2\/media?parent=195631"}],"wp:term":[{"taxonomy":"category","embeddable":true,"href":"http:\/\/www.tvturk.com\/index.php\/wp-json\/wp\/v2\/categories?post=195631"},{"taxonomy":"post_tag","embeddable":true,"href":"http:\/\/www.tvturk.com\/index.php\/wp-json\/wp\/v2\/tags?post=195631"}],"curies":[{"name":"wp","href":"https:\/\/api.w.org\/{rel}","templated":true}]}}