{"id":195665,"date":"2019-08-25T05:16:26","date_gmt":"2019-08-25T02:16:26","guid":{"rendered":"http:\/\/www.tvturk.com\/index.php\/kemal-ozdes-bizim-icin-uzucu-bir-gece-oldu\/"},"modified":"2019-08-25T05:16:26","modified_gmt":"2019-08-25T02:16:26","slug":"kemal-ozdes-bizim-icin-uzucu-bir-gece-oldu","status":"publish","type":"post","link":"http:\/\/www.tvturk.com\/index.php\/kemal-ozdes-bizim-icin-uzucu-bir-gece-oldu\/","title":{"rendered":"Kemal \u00d6zde\u015f: \u201dBizim i\u00e7in \u00fcz\u00fcc\u00fc bir gece oldu\u201d"},"content":{"rendered":"<p>S\u00fcper Lig\u2019in 2. hafta ma\u00e7\u0131nda deplasmanda Alanyaspor\u2019a 4-1\u2019lik skorla ma\u011flup olan Kas\u0131mpa\u015fa\u2019da Teknik Direkt\u00f6r Kemal \u00d6zde\u015f, \u201dBizim i\u00e7in \u00fcz\u00fcc\u00fc bir gece oldu. Oyunun ilk b\u00f6l\u00fcm\u00fcnde daha do\u011fru topa sahip olan, daha do\u011fru oynayan tak\u0131md\u0131k\u201d dedi.<\/p>\n<p>Ma\u00e7\u0131n ard\u0131ndan d\u00fczenlenen bas\u0131n toplant\u0131s\u0131nda konu\u015fan Kas\u0131mpa\u015fa Teknik Direkt\u00f6r\u00fc Kemal \u00d6zde\u015f, rakibini ald\u0131klar\u0131n\u0131 galibiyetten dolay\u0131 kutlad\u0131klar\u0131n\u0131 s\u00f6yledi. \u00d6zde\u015f, \u201dBizim i\u00e7in \u00fcz\u00fcc\u00fc bir gece oldu. Oyunun ilk b\u00f6l\u00fcm\u00fcnde daha do\u011fru topa sahip olan, daha do\u011fru oynayan tak\u0131md\u0131k. Daha sonra ilk yar\u0131n\u0131n ikinci b\u00f6l\u00fcm\u00fcnde \u00e7\u0131karken kaybetti\u011fimiz toplar, \u00f6nde tutamad\u0131\u011f\u0131m\u0131z toplar kalemize atak olarak d\u00f6nmeye ba\u015flad\u0131. \u00c7\u00fcnk\u00fc \u00f6n oyuncular\u0131 h\u0131zl\u0131, becerikli oyuncular. Belki \u00e7\u0131karken do\u011fru yerle\u015femedi\u011fimiz savunma pozisyonunda geriye d\u00fc\u015ft\u00fck ama ge\u00e7ti\u011fimiz haftada oldu\u011fu gibi bireysel beceriyle hemen beraberli\u011fi yakalad\u0131k. Daha sonra ilk yar\u0131n\u0131n son b\u00f6l\u00fcm\u00fcnde ataklar\u0131 fazlala\u015ft\u0131 Alanyaspor\u2019un. Devre aras\u0131 tekrar ilk yar\u0131n\u0131n ilk b\u00f6l\u00fcm\u00fcne d\u00f6nmek gerekti\u011fini payla\u015ft\u0131m oyuncular\u0131mla. Belki ikinci devreye daha iyi ba\u015flayan taraft\u0131k ama bu kez Alanya\u2019n\u0131n etkin olmad\u0131\u011f\u0131 dakikada buldu\u011fu bir gol ve oyuncu de\u011fi\u015ftirmeyi d\u00fc\u015f\u00fcnd\u00fc\u011f\u00fcm\u00fcz bir andan 2-3 dakika sonra yedi\u011fimiz ikinci gol 3-1\u2019e getirdi skoru. O dakikadan sonra \u2018Oyunu tekrar d\u00f6nd\u00fcr\u00fcr m\u00fcy\u00fcz?\u2019 diye de\u011fi\u015fikliler yapt\u0131k\u201d dedi.<\/p>\n<p>\u201cKazanarak co\u015fku d\u00fczeyimizi yukar\u0131 \u00e7\u0131karmak istiyoruz\u201d<\/p>\n<p>Alanyaspor\u2019un ikinci yar\u0131 daha istekli oynad\u0131\u011f\u0131n\u0131 aktaran \u00d6zde\u015f \u015funlar\u0131 s\u00f6yledi:<\/p>\n<p>\u201dKoita\u2019n\u0131n aya\u011f\u0131nda ya\u015fad\u0131\u011f\u0131 problemle oyun d\u0131\u015f\u0131na \u00e7\u0131kmas\u0131yla Alanya tak\u0131m\u0131 bilhassa ikinci yar\u0131 gollerin getirdi\u011fi co\u015fkuyla daha istekli daha co\u015fkuluydu. Bu g\u00fcn \u00fcretken olmamak, \u00f6nde top tutamamak buna neden oldu diye d\u00fc\u015f\u00fcn\u00fcyorum. \u00c7\u00fcnk\u00fc \u00f6n oyuncular\u0131m bug\u00fcn ligin ikinci haftas\u0131 ilk kez birlikte oynuyorlar. Ligin ilk haftalar\u0131nda bu dalgalanmalar\u0131 ya\u015famak \u00e7ok do\u011fal. \u015eimdi hemen ba\u015f\u0131m\u0131z\u0131 kald\u0131r\u0131p \u00f6n\u00fcm\u00fczdeki hafta kazanarak co\u015fku d\u00fczeyimizi yukar\u0131 \u00e7\u0131karmak istiyoruz. Bunu ger\u00e7ekle\u015ftirebilecek g\u00fc\u00e7te tak\u0131m\u0131m var.\u201d<\/p>\n","protected":false},"excerpt":{"rendered":"<p>S\u00dcPER L\u0130G\u2019\u0130N 2. HAFTA MA\u00c7INDA DEPLASMANDA ALANYASPOR\u2019A 4-1\u2019L\u0130K SKORLA MA\u011eLUP OLAN KASIMPA\u015eA\u2019DA TEKN\u0130K D\u0130REKT\u00d6R KEMAL \u00d6ZDE\u015e,\u201d B\u0130Z\u0130M \u0130\u00c7\u0130N \u00dcZ\u00dcC\u00dc B\u0130R GECE OLDU. OYUNUN \u0130LK B\u00d6L\u00dcM\u00dcNDE DAHA DO\u011eRU TOPA SAH\u0130P OLAN, DAHA DO\u011eRU OYNAYAN TAKIMDIK\u201d DED\u0130.<\/p>\n","protected":false},"author":1,"featured_media":195666,"comment_status":"closed","ping_status":"open","sticky":false,"template":"","format":"standard","meta":{"jetpack_post_was_ever_published":false,"_jetpack_newsletter_access":"","_jetpack_dont_email_post_to_subs":false,"_jetpack_newsletter_tier_id":0,"_jetpack_memberships_contains_paywalled_content":false,"_jetpack_memberships_contains_paid_content":false,"footnotes":"","jetpack_publicize_message":"","jetpack_publicize_feature_enabled":true,"jetpack_social_post_already_shared":true,"jetpack_social_options":{"image_generator_settings":{"template":"highway","default_image_id":0,"font":"","enabled":false},"version":2}},"categories":[657],"tags":[125,104,1501,44,640,77,14975,5504],"class_list":["post-195665","post","type-post","status-publish","format-standard","has-post-thumbnail","hentry","category-spor","tag-bir","tag-bizim","tag-gece","tag-icin","tag-kemal","tag-oldu","tag-ozdes","tag-uzucu"],"jetpack_publicize_connections":[],"jetpack_featured_media_url":"https:\/\/i0.wp.com\/www.tvturk.com\/wp-content\/uploads\/2019\/08\/kemal-ozdes-bizim-icin-uzucu-bir-gece-oldu_eceee76.jpg?fit=1000%2C666","jetpack_sharing_enabled":true,"jetpack_shortlink":"https:\/\/wp.me\/paKIfm-OTT","_links":{"self":[{"href":"http:\/\/www.tvturk.com\/index.php\/wp-json\/wp\/v2\/posts\/195665","targetHints":{"allow":["GET"]}}],"collection":[{"href":"http:\/\/www.tvturk.com\/index.php\/wp-json\/wp\/v2\/posts"}],"about":[{"href":"http:\/\/www.tvturk.com\/index.php\/wp-json\/wp\/v2\/types\/post"}],"author":[{"embeddable":true,"href":"http:\/\/www.tvturk.com\/index.php\/wp-json\/wp\/v2\/users\/1"}],"replies":[{"embeddable":true,"href":"http:\/\/www.tvturk.com\/index.php\/wp-json\/wp\/v2\/comments?post=195665"}],"version-history":[{"count":0,"href":"http:\/\/www.tvturk.com\/index.php\/wp-json\/wp\/v2\/posts\/195665\/revisions"}],"wp:featuredmedia":[{"embeddable":true,"href":"http:\/\/www.tvturk.com\/index.php\/wp-json\/wp\/v2\/media\/195666"}],"wp:attachment":[{"href":"http:\/\/www.tvturk.com\/index.php\/wp-json\/wp\/v2\/media?parent=195665"}],"wp:term":[{"taxonomy":"category","embeddable":true,"href":"http:\/\/www.tvturk.com\/index.php\/wp-json\/wp\/v2\/categories?post=195665"},{"taxonomy":"post_tag","embeddable":true,"href":"http:\/\/www.tvturk.com\/index.php\/wp-json\/wp\/v2\/tags?post=195665"}],"curies":[{"name":"wp","href":"https:\/\/api.w.org\/{rel}","templated":true}]}}