{"id":195677,"date":"2019-08-25T09:46:12","date_gmt":"2019-08-25T06:46:12","guid":{"rendered":"http:\/\/www.tvturk.com\/index.php\/ozel-selcuklu-mezarligina-malazgirt-akini\/"},"modified":"2019-08-25T09:46:12","modified_gmt":"2019-08-25T06:46:12","slug":"ozel-selcuklu-mezarligina-malazgirt-akini","status":"publish","type":"post","link":"http:\/\/www.tvturk.com\/index.php\/ozel-selcuklu-mezarligina-malazgirt-akini\/","title":{"rendered":"(\u00d6zel) Sel\u00e7uklu Mezarl\u0131\u011f\u0131\u2019na \u2018Malazgirt\u2019 ak\u0131n\u0131"},"content":{"rendered":"<p>Bitlis\u2019in Ahlat il\u00e7esindeki d\u00fcnyan\u0131n en b\u00fcy\u00fck T\u00fcrk \u0130slam mezarl\u0131\u011f\u0131 olarak bilinen Sel\u00e7uklu Meydan Mezarl\u0131\u011f\u0131, Malazgirt Zaferi\u2019nin y\u0131l d\u00f6n\u00fcm\u00fc etkinlikleri \u00e7er\u00e7evesinde ziyaret\u00e7i ak\u0131n\u0131na u\u011fruyor.<\/p>\n<p>Ahlat il\u00e7esinde 210 d\u00f6n\u00fcm alana kurulu mezarl\u0131k, Malazgirt Zaferi\u2019nin y\u0131l d\u00f6n\u00fcm\u00fc etkinlikleri nedeniyle b\u00f6lgenin en \u00e7ok ziyaret edilen alanlardan biri haline geldi. Tarihi mezarl\u0131k, kutlamalar \u00e7er\u00e7evesinde T\u00fcrkiye\u2019nin d\u00f6rt bir yan\u0131ndan il\u00e7eye gelenlerin ilk ziyaret etti\u011fi nokta oldu. Programlar kapsam\u0131nda tarihi mezarl\u0131k, b\u00f6lgeye gelen turlar\u0131n olmazsa olmaz rotalar\u0131 aras\u0131nda da yer al\u0131yor. K\u00fclt\u00fcr ve Turizm Bakanl\u0131\u011f\u0131n\u0131n izniyle kaz\u0131 ve \u00e7evre d\u00fczenlemesi \u00e7al\u0131\u015fmalar\u0131n\u0131n yap\u0131ld\u0131\u011f\u0131 tarihi mezarl\u0131\u011f\u0131 g\u00f6rmeye gelen ziyaret\u00e7iler, bir taraftan mezar ta\u015flar\u0131n\u0131 incelerken, bir yandan da foto\u011fraf \u00e7ekerek an\u0131 \u00f6l\u00fcms\u00fczle\u015ftiriyor.<\/p>\n<p>\u201cMezarlar\u0131 g\u00f6r\u00fcnce insan duygulan\u0131yor\u201d<\/p>\n<p>\u0130HA muhabirine konu\u015fan Erdo\u011fan Aky\u00fcz isimli ziyaret\u00e7i, Sel\u00e7uklu Mezarl\u0131\u011f\u0131\u2019na ilk kez geldi\u011fini ve \u00e7ok duyguland\u0131\u011f\u0131n\u0131 belirtti. Mezarl\u0131k ziyaretiyle bin y\u0131l geriye gitti\u011fini dile getiren Aky\u00fcz, \u201cDo\u011fu Anadolu B\u00f6lgesi\u2019ni hep merak ederdik. \u00d6zellikle 1071 Malazgirt Sava\u015f\u0131\u2019yla T\u00fcrklerin Anadolu\u2019ya giri\u015finin ya\u015fand\u0131\u011f\u0131 b\u00f6lgeler \u00f6teden beri gelmek isteyip de gelemedi\u011fim yerler aras\u0131ndayd\u0131. F\u0131rsat bulduk, e\u015fimle beraber bu b\u00f6lgeye bir gezi d\u00fczenleyelim dedik. Buraya ilk kez geliyorum. Mezarlar\u0131 g\u00f6r\u00fcnce insan duygulan\u0131yor. Bin y\u0131l geriye gidiyorsunuz ve \u00e7ok farkl\u0131 duygular i\u00e7erisine giriyorsunuz\u201d dedi.<\/p>\n<p>\u201cT\u00fcylerimiz diken diken oluyor\u201d<\/p>\n<p>\u0130zmir\u2019den bir grupla birlikte Ahlat\u2019a geldi\u011fini dile getiren Sel\u00e7uk Erduran isimli ziyaret\u00e7i ise, Sel\u00e7uklu Meydan Mezarl\u0131\u011f\u0131\u2019na ilk ad\u0131m att\u0131\u011f\u0131 andan itibaren t\u00fcylerinin diken diken oldu\u011funu belirterek, \u201cBuraya her geldi\u011fimizde ecdad\u0131m\u0131z\u0131n ilk ad\u0131mlar\u0131n\u0131 g\u00f6rm\u00fc\u015f oluyoruz. Sel\u00e7uklu\u2019dan Osmanl\u0131\u2019ya bakt\u0131\u011f\u0131m\u0131z zaman atalar\u0131m\u0131z\u0131n ilk ad\u0131m att\u0131\u011f\u0131 yerlerdir. Bizler i\u00e7in manevi olarak \u00e7ok \u00f6nemlidir. \u00c7\u00fcnk\u00fc T\u00fcrklerin Anadolu\u2019daki yerlerini simgeleyen yegane mezarlar bunlar. \u0130lk g\u00f6rd\u00fc\u011f\u00fcm\u00fczde kendi ecdad\u0131m\u0131za d\u00f6nm\u00fc\u015f gibi hissediyoruz. Her geldi\u011fimizde t\u00fcylerimiz diken diken oluyor. Manevi havas\u0131 da gayet y\u00fcksek bir yer buras\u0131\u201d diye konu\u015ftu.<\/p>\n","protected":false},"excerpt":{"rendered":"<p>B\u0130TL\u0130S&#8217;\u0130N AHLAT \u0130L\u00c7ES\u0130NDEK\u0130 D\u00dcNYANIN EN B\u00dcY\u00dcK T\u00dcRK \u0130SLAM MEZARLI\u011eI OLARAK B\u0130L\u0130NEN SEL\u00c7UKLU MEYDAN MEZARLI\u011eI, MALAZG\u0130RT ZAFER\u0130&#8217;N\u0130N YILD\u00d6N\u00dcM\u00dc ETK\u0130NL\u0130KLER\u0130 \u00c7ER\u00c7EVES\u0130NDE Z\u0130YARET\u00c7\u0130 AKININA U\u011eRUYOR.<\/p>\n","protected":false},"author":1,"featured_media":195678,"comment_status":"closed","ping_status":"open","sticky":false,"template":"","format":"standard","meta":{"jetpack_post_was_ever_published":false,"_jetpack_newsletter_access":"","_jetpack_dont_email_post_to_subs":false,"_jetpack_newsletter_tier_id":0,"_jetpack_memberships_contains_paywalled_content":false,"_jetpack_memberships_contains_paid_content":false,"footnotes":"","jetpack_publicize_message":"","jetpack_publicize_feature_enabled":true,"jetpack_social_post_already_shared":true,"jetpack_social_options":{"image_generator_settings":{"template":"highway","default_image_id":0,"font":"","enabled":false},"version":2}},"categories":[1],"tags":[1073,8365,12224,6929,3616],"class_list":["post-195677","post","type-post","status-publish","format-standard","has-post-thumbnail","hentry","category-genel","tag-ozel","tag-akini","tag-malazgirt","tag-mezarligina","tag-selcuklu"],"jetpack_publicize_connections":[],"jetpack_featured_media_url":"https:\/\/i0.wp.com\/www.tvturk.com\/wp-content\/uploads\/2019\/08\/ozel-selcuklu-mezarligina-malazgirt-akini_3c5a5bf.jpg?fit=1000%2C666","jetpack_sharing_enabled":true,"jetpack_shortlink":"https:\/\/wp.me\/paKIfm-OU5","_links":{"self":[{"href":"http:\/\/www.tvturk.com\/index.php\/wp-json\/wp\/v2\/posts\/195677","targetHints":{"allow":["GET"]}}],"collection":[{"href":"http:\/\/www.tvturk.com\/index.php\/wp-json\/wp\/v2\/posts"}],"about":[{"href":"http:\/\/www.tvturk.com\/index.php\/wp-json\/wp\/v2\/types\/post"}],"author":[{"embeddable":true,"href":"http:\/\/www.tvturk.com\/index.php\/wp-json\/wp\/v2\/users\/1"}],"replies":[{"embeddable":true,"href":"http:\/\/www.tvturk.com\/index.php\/wp-json\/wp\/v2\/comments?post=195677"}],"version-history":[{"count":0,"href":"http:\/\/www.tvturk.com\/index.php\/wp-json\/wp\/v2\/posts\/195677\/revisions"}],"wp:featuredmedia":[{"embeddable":true,"href":"http:\/\/www.tvturk.com\/index.php\/wp-json\/wp\/v2\/media\/195678"}],"wp:attachment":[{"href":"http:\/\/www.tvturk.com\/index.php\/wp-json\/wp\/v2\/media?parent=195677"}],"wp:term":[{"taxonomy":"category","embeddable":true,"href":"http:\/\/www.tvturk.com\/index.php\/wp-json\/wp\/v2\/categories?post=195677"},{"taxonomy":"post_tag","embeddable":true,"href":"http:\/\/www.tvturk.com\/index.php\/wp-json\/wp\/v2\/tags?post=195677"}],"curies":[{"name":"wp","href":"https:\/\/api.w.org\/{rel}","templated":true}]}}