{"id":195683,"date":"2019-08-25T09:46:34","date_gmt":"2019-08-25T06:46:34","guid":{"rendered":"http:\/\/www.tvturk.com\/index.php\/ozel-selcuklu-mezarliginda-hummali-calisma\/"},"modified":"2019-08-25T09:46:34","modified_gmt":"2019-08-25T06:46:34","slug":"ozel-selcuklu-mezarliginda-hummali-calisma","status":"publish","type":"post","link":"http:\/\/www.tvturk.com\/index.php\/ozel-selcuklu-mezarliginda-hummali-calisma\/","title":{"rendered":"(\u00d6zel) Sel\u00e7uklu Mezarl\u0131\u011f\u0131\u2019nda hummal\u0131 \u00e7al\u0131\u015fma"},"content":{"rendered":"<p>Bitlis\u2019in Ahlat il\u00e7esinde Anadolu\u2019nun Orhun Abideleri olarak da bilinen Sel\u00e7uklu Meydan Mezarl\u0131\u011f\u0131\u2019nda, Malazgirt Zaferi\u2019nin 948\u2019inci y\u0131l\u0131 dolay\u0131s\u0131yla mezar ta\u015flar\u0131ndaki yosun temizli\u011fi h\u0131z kazand\u0131.<\/p>\n<p>Cumhurba\u015fkanl\u0131\u011f\u0131n\u0131n himayesinde, K\u00fclt\u00fcr ve Turizm Bakanl\u0131\u011f\u0131n\u0131n izniyle Sel\u00e7uklu Mezarl\u0131\u011f\u0131\u2019ndaki kaz\u0131 ve \u00e7evre d\u00fczenlemesi \u00e7al\u0131\u015fmalar\u0131, Van Y\u00fcz\u00fcnc\u00fc Y\u0131l \u00dcniversitesi (Van YY\u00dc) Edebiyat Fak\u00fcltesi Sanat Tarihi B\u00f6l\u00fcm\u00fc \u00d6\u011fretim \u00dcyesi Prof. Dr. Recai Karahan ba\u015fkanl\u0131\u011f\u0131nda 25 ki\u015filik bir ekiple devam ediyor. Mezarl\u0131ktaki \u00e7al\u0131\u015fmalar, Malazgirt Zaferi\u2019nin 948\u2019inci y\u0131l\u0131 dolay\u0131s\u0131yla hummal\u0131 bir \u015fekilde s\u00fcr\u00fcyor. Cumhurba\u015fkan\u0131 Recep Tayyip Erdo\u011fan\u2019\u0131n 26 A\u011fustos Pazartesi g\u00fcn\u00fc mezarl\u0131k alan\u0131n\u0131 ziyaret edecek olmas\u0131 dolay\u0131s\u0131yla, mezar ta\u015flar\u0131ndaki liken ve yosunlar\u0131n temizlenmesi h\u0131z kazand\u0131.<\/p>\n<p>Temizlik esnas\u0131nda kimyasal \u00fcr\u00fcn kullan\u0131lm\u0131yor<\/p>\n<p>\u0130HA muhabirine konu\u015fan Van YY\u00dc Edebiyat Fak\u00fcltesi Sanat Tarihi B\u00f6l\u00fcm\u00fc \u00d6\u011fretim \u00dcyesi Prof. Dr. Recai Karahan, mezar ta\u015flar\u0131ndaki liken ve yosunlar\u0131 \u00e7ok titiz bir \u00e7al\u0131\u015fmayla temizlediklerini belirtti. Temizlik esnas\u0131nda kimyasal \u00fcr\u00fcn kullanmad\u0131klar\u0131na dikkat \u00e7eken Prof. Dr. Karahan, \u201cBurada kulland\u0131\u011f\u0131m\u0131z y\u00f6ntem; klorsuz temiz bir suyla ta\u015flar\u0131n hafif nemlendirilmesi ve yumu\u015fak f\u0131r\u00e7a yard\u0131m\u0131yla temizlenmesidir. Burada yap\u0131lan \u00e7al\u0131\u015fmayla ta\u015flar\u0131n \u00fczerinde olu\u015fan likenlerin ta\u015f\u0131 tahrip etmemesi sa\u011flan\u0131yor. Ta\u015flar\u0131n \u00fczerindeki motifler ve yaz\u0131lar tamamen kaybolmu\u015f vaziyetteler. Likenleri temizlemedi\u011fimiz durumda bunu okuma ve a\u00e7\u0131\u011fa \u00e7\u0131karma imkan\u0131m\u0131z da olmamaktad\u0131r\u201d dedi.<\/p>\n<p>\u015eu ana kadar bin tane mezar ta\u015f\u0131 d\u00fczelttiklerini ve yerde k\u0131r\u0131lm\u0131\u015f durumda olan y\u00fczlerce ta\u015f\u0131 ise restore ederek aya\u011fa kald\u0131rd\u0131klar\u0131n\u0131 dile getiren Karahan, \u201cBunun yan\u0131 s\u0131ra yer alt\u0131 mezarlar\u0131nda kaz\u0131lar yapt\u0131k. Onlar\u0131 ortaya \u00e7\u0131kard\u0131k ve koruma alt\u0131na ald\u0131k. \u00c7al\u0131\u015fmam\u0131z bu \u015fekilde devam etmektedir\u201d diye konu\u015ftu.<\/p>\n","protected":false},"excerpt":{"rendered":"<p>B\u0130TL\u0130S&#8217;\u0130N AHLAT \u0130L\u00c7ES\u0130NDE ANADOLU&#8217;NUN ORHUN AB\u0130DELER\u0130 OLARAK DA B\u0130L\u0130NEN SEL\u00c7UKLU MEYDAN MEZARLI\u011eI&#8217;NDA, MALAZG\u0130RT ZAFER\u0130\u2019N\u0130N 948\u2019\u0130NC\u0130 YILI DOLAYISIYLA MEZAR TA\u015eLARINDAK\u0130 YOSUN TEM\u0130ZL\u0130\u011e\u0130 HIZ KAZANDI.<\/p>\n","protected":false},"author":1,"featured_media":195684,"comment_status":"closed","ping_status":"open","sticky":false,"template":"","format":"standard","meta":{"jetpack_post_was_ever_published":false,"_jetpack_newsletter_access":"","_jetpack_dont_email_post_to_subs":false,"_jetpack_newsletter_tier_id":0,"_jetpack_memberships_contains_paywalled_content":false,"_jetpack_memberships_contains_paid_content":false,"footnotes":"","jetpack_publicize_message":"","jetpack_publicize_feature_enabled":true,"jetpack_social_post_already_shared":true,"jetpack_social_options":{"image_generator_settings":{"template":"highway","default_image_id":0,"font":"","enabled":false},"version":2}},"categories":[1],"tags":[1073,322,40417,25158,3616],"class_list":["post-195683","post","type-post","status-publish","format-standard","has-post-thumbnail","hentry","category-genel","tag-ozel","tag-calisma","tag-hummali","tag-mezarliginda","tag-selcuklu"],"jetpack_publicize_connections":[],"jetpack_featured_media_url":"https:\/\/i0.wp.com\/www.tvturk.com\/wp-content\/uploads\/2019\/08\/ozel-selcuklu-mezarliginda-hummali-calisma_2a2b272.jpg?fit=1000%2C666","jetpack_sharing_enabled":true,"jetpack_shortlink":"https:\/\/wp.me\/paKIfm-OUb","_links":{"self":[{"href":"http:\/\/www.tvturk.com\/index.php\/wp-json\/wp\/v2\/posts\/195683","targetHints":{"allow":["GET"]}}],"collection":[{"href":"http:\/\/www.tvturk.com\/index.php\/wp-json\/wp\/v2\/posts"}],"about":[{"href":"http:\/\/www.tvturk.com\/index.php\/wp-json\/wp\/v2\/types\/post"}],"author":[{"embeddable":true,"href":"http:\/\/www.tvturk.com\/index.php\/wp-json\/wp\/v2\/users\/1"}],"replies":[{"embeddable":true,"href":"http:\/\/www.tvturk.com\/index.php\/wp-json\/wp\/v2\/comments?post=195683"}],"version-history":[{"count":0,"href":"http:\/\/www.tvturk.com\/index.php\/wp-json\/wp\/v2\/posts\/195683\/revisions"}],"wp:featuredmedia":[{"embeddable":true,"href":"http:\/\/www.tvturk.com\/index.php\/wp-json\/wp\/v2\/media\/195684"}],"wp:attachment":[{"href":"http:\/\/www.tvturk.com\/index.php\/wp-json\/wp\/v2\/media?parent=195683"}],"wp:term":[{"taxonomy":"category","embeddable":true,"href":"http:\/\/www.tvturk.com\/index.php\/wp-json\/wp\/v2\/categories?post=195683"},{"taxonomy":"post_tag","embeddable":true,"href":"http:\/\/www.tvturk.com\/index.php\/wp-json\/wp\/v2\/tags?post=195683"}],"curies":[{"name":"wp","href":"https:\/\/api.w.org\/{rel}","templated":true}]}}