{"id":195721,"date":"2019-08-25T11:16:40","date_gmt":"2019-08-25T08:16:40","guid":{"rendered":"http:\/\/www.tvturk.com\/index.php\/kultur-ve-turizm-bakani-ersoy-kapikulede-vatandaslari-ziyaret-etti\/"},"modified":"2019-08-25T11:16:40","modified_gmt":"2019-08-25T08:16:40","slug":"kultur-ve-turizm-bakani-ersoy-kapikulede-vatandaslari-ziyaret-etti","status":"publish","type":"post","link":"http:\/\/www.tvturk.com\/index.php\/kultur-ve-turizm-bakani-ersoy-kapikulede-vatandaslari-ziyaret-etti\/","title":{"rendered":"K\u00fclt\u00fcr ve Turizm Bakan\u0131 Ersoy Kap\u0131kule\u2019de vatanda\u015flar\u0131 ziyaret etti"},"content":{"rendered":"<p>K\u00fclt\u00fcr ve Turizm Bakan\u0131 Mehmet Nuri Ersoy, Kap\u0131kule S\u0131n\u0131r Kap\u0131s\u0131nda Yurtd\u0131\u015f\u0131 T\u00fcrkler ve Akraba Topluluklar Ba\u015fkanl\u0131\u011f\u0131 (YTB) taraf\u0131ndan bekleme s\u00fcresini azaltmak ve ge\u00e7i\u015fleri daha rahat hale getirmek i\u00e7in yap\u0131lan \u00e7al\u0131\u015fmalar\u0131 yerinde inceleyerek vatanda\u015flarla bir araya geldi. Bakan Ersoy, s\u0131n\u0131r kap\u0131lar\u0131nda her y\u0131l uygulamalar\u0131n artaca\u011f\u0131n\u0131 ve iyile\u015ftirmeler yap\u0131laca\u011f\u0131n\u0131 s\u00f6yledi.<\/p>\n<p>K\u00fclt\u00fcr ve Turizm Bakan\u0131 Mehmet Nuri Ersoy, Kap\u0131kule S\u0131n\u0131r Kap\u0131s\u0131nda Yurtd\u0131\u015f\u0131 T\u00fcrkler ve Akraba Topluluklar Ba\u015fkanl\u0131\u011f\u0131 (YTB) taraf\u0131ndan bekleme s\u00fcresini azaltmak ve vatanda\u015flar\u0131n yolculuklar\u0131n\u0131n daha konforlu ge\u00e7mesi i\u00e7in yap\u0131lan u\u011furlama ve kar\u015f\u0131lama faaliyetlerini yerinde inceledi. Vatanda\u015flarla da sohbet eden Bakan Ersoy, YTB\u2019nin s\u0131n\u0131r \u00f6tesinde ve s\u0131n\u0131r kap\u0131lar\u0131nda kurdu\u011fu stantlarda, bir yandan yurt d\u0131\u015f\u0131nda ya\u015fayan ve tatillerini ana vatanlar\u0131nda ge\u00e7irmek isteyen vatanda\u015flar\u0131 kar\u015f\u0131lay\u0131p u\u011furlarken di\u011fer yandan da onlara, seyahatleri s\u0131ras\u0131nda kar\u015f\u0131la\u015ft\u0131klar\u0131 sorunlar\u0131 \u00e7\u00f6zmede terc\u00fcme ve dan\u0131\u015fmanl\u0131k hizmeti vererek destek olduklar\u0131n\u0131 anlatt\u0131. Bakan Ersoy\u2019a YTB Ba\u015fkan\u0131 Abdullah Eren de e\u015flik etti.<\/p>\n<p>Meksika\u2019dan sonra d\u00fcnyan\u0131n en b\u00fcy\u00fck kap\u0131s\u0131<\/p>\n<p>Kap\u0131kule\u2019nin Meksika\u2019dan sonra d\u00fcnyan\u0131n en b\u00fcy\u00fck ve yo\u011fun s\u0131n\u0131r kap\u0131s\u0131 oldu\u011funu s\u00f6yleyen Bakan Ersoy, YTB\u2019nin ve Edirne Valili\u011finin vatanda\u015flar\u0131n ihtiya\u00e7lar\u0131n\u0131 kar\u015f\u0131lamak i\u00e7in yo\u011fun \u00e7al\u0131\u015ft\u0131\u011f\u0131n\u0131 aktard\u0131. Bulgaristan\u2019\u0131n al\u0131mlar\u0131 yava\u015f yapt\u0131\u011f\u0131 i\u00e7in yo\u011fun trafik olu\u015ftu\u011funu belirten Bakan Ersoy, &#8220;Valili\u011fimiz \u00e7ok \u00e7al\u0131\u015fma yapt\u0131 bu y\u0131l rezervasyon ve park sistemine ge\u00e7ildi. YTB ikramlarda bulunuyor. Her sene uygulamalar\u0131m\u0131z\u0131 art\u0131raca\u011f\u0131z, iyile\u015ftirme yapaca\u011f\u0131z. Kap\u0131y\u0131 ne kadar rahatlat\u0131rsak rahatlatal\u0131m sonu\u00e7ta ba\u015fka bir devlete s\u0131n\u0131r ge\u00e7i\u015fi yap\u0131l\u0131yor, Bulgaristan ayn\u0131 h\u0131zda yapamad\u0131\u011f\u0131 i\u00e7in kuyruk ve birikim gurbet\u00e7ilerimizin yo\u011fun trafik olu\u015fturdu\u011fu yaz aylar\u0131nda oluyor. Onlarla da trafi\u011fi rahatlat\u0131c\u0131 h\u0131zland\u0131r\u0131c\u0131 \u00e7al\u0131\u015fma yapaca\u011f\u0131z, burada beklemek zorunda olan gurbet\u00e7ilerimizin de s\u0131rayla gelecekleri sistemler, yaz\u0131l\u0131mlar \u00fczerinde \u00e7al\u0131\u015faca\u011f\u0131z. Bulgaristan h\u00fck\u00fcmetinin kapasitesine uyumlu bir ge\u00e7i\u015f sa\u011flayabilirsek gurbet\u00e7ilerimizin de bekleme s\u00fcresini azaltm\u0131\u015f oluruz\u201d dedi.<\/p>\n<p>Vatanda\u015flar uygulamalardan memnun<\/p>\n<p>Vatanda\u015flara uygulamalardan memnun olup olmad\u0131klar\u0131n\u0131 da soran Bakan Ersoy, g\u00f6r\u00fc\u015ft\u00fc\u011f\u00fc gurbet\u00e7ilerden uygulamayla ilgili tebrik ald\u0131.<\/p>\n<p>Isparta\u2019dan Almanya\u2019ya ailesiyle yolculuk eden Mustafa \u0130rep, park alan\u0131n\u0131n muazzam oldu\u011funu belirterek, alan\u0131n dinlenmi\u015f halde yola devam etmelerine imkan sa\u011fland\u0131\u011f\u0131n\u0131 belirtti. Bel\u00e7ika\u2019ya hareket eden U\u011fur Akkoyun da Bulgaristan\u2019\u0131n yava\u015f al\u0131m yapt\u0131\u011f\u0131n\u0131, buna \u00e7\u00f6z\u00fcm bulunmas\u0131 gerekti\u011fini belirtti.<\/p>\n<p>\u2019Hac\u0131 Murat\u2019\u0131 Almanya\u2019ya g\u00f6t\u00fcr\u00fcyor<\/p>\n<p>Bakan Ersoy, Sivas\u2019tan 7 bin liraya ald\u0131\u011f\u0131 ve 50 bin liral\u0131k modifiye sonras\u0131 yeniledi\u011fi Murat 124\u2019le seyahat eden Sivasl\u0131 Engin Yi\u011fit\u2019le de konu\u015ftu. Turkuaz renkli ara\u00e7 ile tek ba\u015f\u0131na seyahat eden Yi\u011fit, Murat 124 model arac\u0131n tutkunu oldu\u011fu i\u00e7in \u00f6nemli bir para harcad\u0131\u011f\u0131n\u0131 s\u00f6yledi.<\/p>\n","protected":false},"excerpt":{"rendered":"<p>K\u00dcLT\u00dcR VE TUR\u0130ZM BAKANI MEHMET NUR\u0130 ERSOY, KAPIKULE SINIR KAPISINDA YURTDI\u015eI T\u00dcRKLER VE AKRABA TOPLULUKLAR BA\u015eKANLI\u011eI (YTB) TARAFINDAN BEKLEME S\u00dcRES\u0130N\u0130 AZALTMAK VE GE\u00c7\u0130\u015eLER\u0130 DAHA RAHAT HALE GET\u0130RMEK \u0130\u00c7\u0130N YAPILAN \u00c7ALI\u015eMALARI YER\u0130NDE \u0130NCELEYEREK VATANDA\u015eLARLA B\u0130R ARAYA GELD\u0130. BAKAN ERSOY, SINIR KAPILARINDA  HER YIL UYGULAMALARIN ARTACA\u011eINI VE \u0130Y\u0130LE\u015eT\u0130RMELER YAPILACA\u011eINI S\u00d6YLED\u0130.<\/p>\n","protected":false},"author":1,"featured_media":195722,"comment_status":"closed","ping_status":"open","sticky":false,"template":"","format":"standard","meta":{"jetpack_post_was_ever_published":false,"_jetpack_newsletter_access":"","_jetpack_dont_email_post_to_subs":false,"_jetpack_newsletter_tier_id":0,"_jetpack_memberships_contains_paywalled_content":false,"_jetpack_memberships_contains_paid_content":false,"footnotes":"","jetpack_publicize_message":"","jetpack_publicize_feature_enabled":true,"jetpack_social_post_already_shared":true,"jetpack_social_options":{"image_generator_settings":{"template":"highway","default_image_id":0,"font":"","enabled":false},"version":2}},"categories":[1],"tags":[933,2868,207,7575,630,2184,922,150],"class_list":["post-195721","post","type-post","status-publish","format-standard","has-post-thumbnail","hentry","category-genel","tag-bakani","tag-ersoy","tag-etti","tag-kapikulede","tag-kultur","tag-turizm","tag-vatandaslari","tag-ziyaret"],"jetpack_publicize_connections":[],"jetpack_featured_media_url":"https:\/\/i0.wp.com\/www.tvturk.com\/wp-content\/uploads\/2019\/08\/kultur-ve-turizm-bakani-ersoy-kapikulede-vatandaslari-ziyaret-etti_5d0fbe2.jpg?fit=1000%2C665","jetpack_sharing_enabled":true,"jetpack_shortlink":"https:\/\/wp.me\/paKIfm-OUN","_links":{"self":[{"href":"http:\/\/www.tvturk.com\/index.php\/wp-json\/wp\/v2\/posts\/195721","targetHints":{"allow":["GET"]}}],"collection":[{"href":"http:\/\/www.tvturk.com\/index.php\/wp-json\/wp\/v2\/posts"}],"about":[{"href":"http:\/\/www.tvturk.com\/index.php\/wp-json\/wp\/v2\/types\/post"}],"author":[{"embeddable":true,"href":"http:\/\/www.tvturk.com\/index.php\/wp-json\/wp\/v2\/users\/1"}],"replies":[{"embeddable":true,"href":"http:\/\/www.tvturk.com\/index.php\/wp-json\/wp\/v2\/comments?post=195721"}],"version-history":[{"count":0,"href":"http:\/\/www.tvturk.com\/index.php\/wp-json\/wp\/v2\/posts\/195721\/revisions"}],"wp:featuredmedia":[{"embeddable":true,"href":"http:\/\/www.tvturk.com\/index.php\/wp-json\/wp\/v2\/media\/195722"}],"wp:attachment":[{"href":"http:\/\/www.tvturk.com\/index.php\/wp-json\/wp\/v2\/media?parent=195721"}],"wp:term":[{"taxonomy":"category","embeddable":true,"href":"http:\/\/www.tvturk.com\/index.php\/wp-json\/wp\/v2\/categories?post=195721"},{"taxonomy":"post_tag","embeddable":true,"href":"http:\/\/www.tvturk.com\/index.php\/wp-json\/wp\/v2\/tags?post=195721"}],"curies":[{"name":"wp","href":"https:\/\/api.w.org\/{rel}","templated":true}]}}