{"id":195741,"date":"2019-08-25T12:01:44","date_gmt":"2019-08-25T09:01:44","guid":{"rendered":"http:\/\/www.tvturk.com\/index.php\/son-11-yilda-2-bin-975-kadin-olduruldu\/"},"modified":"2019-08-25T12:01:44","modified_gmt":"2019-08-25T09:01:44","slug":"son-11-yilda-2-bin-975-kadin-olduruldu","status":"publish","type":"post","link":"http:\/\/www.tvturk.com\/index.php\/son-11-yilda-2-bin-975-kadin-olduruldu\/","title":{"rendered":"Son 11 y\u0131lda 2 bin 975 kad\u0131n \u00f6ld\u00fcr\u00fcld\u00fc"},"content":{"rendered":"<p>CHP Adana Milletvekili Dr. M\u00fczeyyen \u015eevkin, \u015fiddeti \u00f6nleyecek kanuni d\u00fczenlemeler hayata ge\u00e7irilmedi\u011fi ve cinsiyet e\u015fitsizli\u011fi ortadan kald\u0131r\u0131lmad\u0131\u011f\u0131 s\u00fcrece kad\u0131n cinayetlerinin \u00f6nlenemeyece\u011fini s\u00f6yledi.<\/p>\n<p>Dr. \u015eevkin, 2008\u2019de 80, 2009\u2019da 109, 2010\u2019da 180, 2011\u2019de 121, 2012\u2019de 201, 2013\u2019te 237, 2014\u2019de 294 kad\u0131n, 2015\u2019te 303, 2016\u2019da 328, 2017\u2019de 409, 2018\u2019de 440, 2019\u2019un ilk 8 ay\u0131nda 273 kad\u0131n olmak \u00fczere son 11 y\u0131lda 2 bin 975 kad\u0131n\u0131n \u00f6ld\u00fcr\u00fcld\u00fc\u011f\u00fcn\u00fc belirterek, sadece 2019\u2019un Temmuz ay\u0131nda 31, A\u011fustos ay\u0131nda ise 28 kad\u0131n\u0131n katledildi\u011fini, 2019\u2019un 8 ayl\u0131k b\u00f6l\u00fcm\u00fcnde toplam 273 kad\u0131n\u0131n cinayete kurban gitti\u011fini ifade etti.<\/p>\n<p>Resmi olmayan rakamlara g\u00f6re son 11 y\u0131lda kad\u0131n cinayetlerinde y\u00fczde 1500\u2019l\u00fck bir art\u0131\u015f ya\u015fand\u0131\u011f\u0131n\u0131 vurgulayan, 10 kad\u0131ndan 4\u2019\u00fcn\u00fcn \u015fiddetle kar\u015f\u0131 kar\u015f\u0131ya kald\u0131\u011f\u0131n\u0131n g\u00f6r\u00fcld\u00fc\u011f\u00fcn\u00fc belirten Dr. \u015eevkin, n\u00fcfusun yar\u0131s\u0131 kad\u0131n olan T\u00fcrkiye\u2019de \u015fiddetle kar\u015f\u0131 kar\u015f\u0131ya kalan kad\u0131n say\u0131s\u0131n\u0131n 14 milyona dayand\u0131\u011f\u0131n\u0131 s\u00f6yledi.<\/p>\n<p>T\u00fcrkiye\u2019nin \u0130stanbul S\u00f6zle\u015fmesi\u2019nin \u00f6nemini kavrayamad\u0131\u011f\u0131n\u0131, s\u00f6zle\u015fmenin imzaland\u0131\u011f\u0131 2011 y\u0131l\u0131n\u0131n T\u00fcrkiye\u2019de kad\u0131n cinayetlerinin b\u00fcy\u00fck oranda azald\u0131\u011f\u0131 tek y\u0131l oldu\u011funun belirlendi\u011fini kaydeden Dr. \u015eevkin, kad\u0131na y\u00f6nelik her t\u00fcrl\u00fc \u015fiddet, taciz, tecav\u00fcz ve cinayetlerde kolluk kuvvetleri ve yarg\u0131n\u0131n \u2018somut delil\u2019 talebinin kad\u0131nlar\u0131 tam anlam\u0131yla savunmas\u0131z b\u0131rakt\u0131\u011f\u0131n\u0131 kaydetti.<\/p>\n<p>\u00d6zgecan\u2019dan sonra bin 753 kad\u0131n \u00f6ld\u00fcr\u00fcld\u00fc<\/p>\n<p>Yasal d\u00fczenlemelerin bir an \u00f6nce hayata ge\u00e7irilmesi ve \u0130stanbul S\u00f6zle\u015fmesi\u2019nin uygulanmas\u0131 gerekti\u011fini belirten Dr. \u015eevkin, 2015 y\u0131l\u0131nda hunharca katledilen \u00d6zgecan Aslan\u2019dan sonra bug\u00fcne kadar bin 753 kad\u0131n\u0131n ac\u0131mas\u0131zca \u00f6ld\u00fcr\u00fcld\u00fc\u011f\u00fcn\u00fc, Temmuz 2018\u2019de kad\u0131n ve \u00e7ocuklara y\u00f6nelik cinayet, taciz, tecav\u00fcz ve \u015fiddetin ara\u015ft\u0131r\u0131l\u0131p \u00e7\u00f6z\u00fcm bulunmas\u0131 amac\u0131yla T\u00fcrkiye B\u00fcy\u00fck Millet Meclisi\u2019ne (TBMM) ara\u015ft\u0131rma \u00f6nergesi sundu\u011funu hat\u0131rlatt\u0131.<\/p>\n<p>T\u00fcrkiye\u2019nin kad\u0131n-erkek e\u015fitli\u011finde Zimbabve, Senegal, Etiyopya, \u0130ran, Suriye ve M\u0131s\u0131r gibi \u00fclkelerin gerisinde kald\u0131\u011f\u0131n\u0131 s\u00f6yleyen Dr. \u015eevkin, \u201cE\u015fitlikte 134 \u00fclke aras\u0131nda 126\u2019nc\u0131 s\u0131rada kalan kad\u0131nlar\u0131m\u0131z, ekonomik hayata kat\u0131l\u0131m ve f\u0131rsat e\u015fitli\u011finde 134 \u00fclke aras\u0131nda 131\u2019inci s\u0131radad\u0131r. Siyasi kat\u0131l\u0131mda 99\u2019uncu, e\u011fitimde 109\u2019uncu olan T\u00fcrkiye\u2019nin kar\u015f\u0131s\u0131nda kabul edilemez bir tablo bulunmaktad\u0131r. TBMM, kad\u0131n\u0131n i\u015f hayat\u0131nda, siyasette, k\u00fclt\u00fcr ve sanatta, sporda, e\u011fitimde e\u015fit temsil edilmesi, \u015fiddete, tacize ve tecav\u00fcze u\u011framamas\u0131, \u00f6ld\u00fcr\u00fclmemesi, bunun yan\u0131 s\u0131ra T\u00fcrkiye\u2019nin gelece\u011fini \u015fekillendirecek, \u00e7a\u011fda\u015f \u00fclke normlar\u0131na ula\u015fmas\u0131n\u0131 sa\u011flayacak \u00e7ocuklar\u0131m\u0131z\u0131n, gen\u00e7lerimizin fiziksel ve cinsel sald\u0131r\u0131yla birlikte hayatlar\u0131na son veren zihniyetin sona erdirilmesi amac\u0131yla \u00fczerine d\u00fc\u015fen sorumlulu\u011fu yerine getirmelidir\u201d dedi.<\/p>\n","protected":false},"excerpt":{"rendered":"<p>CHP ADANA M\u0130LLETVEK\u0130L\u0130 DR. M\u00dcZEYYEN \u015eEVK\u0130N, ERKEK \u015e\u0130DDET\u0130N\u0130 \u00d6NLEYECEK KANUN\u0130 D\u00dcZENLEMELER HAYATA GE\u00c7\u0130R\u0130LMED\u0130\u011e\u0130 S\u00dcRECE KADIN C\u0130NAYETLER\u0130N\u0130N \u00d6NLENEMEYECE\u011e\u0130N\u0130 SAVUNDU<\/p>\n","protected":false},"author":1,"featured_media":195742,"comment_status":"closed","ping_status":"open","sticky":false,"template":"","format":"standard","meta":{"jetpack_post_was_ever_published":false,"_jetpack_newsletter_access":"","_jetpack_dont_email_post_to_subs":false,"_jetpack_newsletter_tier_id":0,"_jetpack_memberships_contains_paywalled_content":false,"_jetpack_memberships_contains_paid_content":false,"footnotes":"","jetpack_publicize_message":"","jetpack_publicize_feature_enabled":true,"jetpack_social_post_already_shared":true,"jetpack_social_options":{"image_generator_settings":{"template":"highway","default_image_id":0,"font":"","enabled":false},"version":2}},"categories":[1],"tags":[49148,213,108,7371,1240,598],"class_list":["post-195741","post","type-post","status-publish","format-standard","has-post-thumbnail","hentry","category-genel","tag-49148","tag-bin","tag-kadin","tag-olduruldu","tag-son","tag-yilda"],"jetpack_publicize_connections":[],"jetpack_featured_media_url":"https:\/\/i0.wp.com\/www.tvturk.com\/wp-content\/uploads\/2019\/08\/son-11-yilda-2-bin-975-kadin-olduruldu_65e080a.jpg?fit=1000%2C666","jetpack_sharing_enabled":true,"jetpack_shortlink":"https:\/\/wp.me\/paKIfm-OV7","_links":{"self":[{"href":"http:\/\/www.tvturk.com\/index.php\/wp-json\/wp\/v2\/posts\/195741","targetHints":{"allow":["GET"]}}],"collection":[{"href":"http:\/\/www.tvturk.com\/index.php\/wp-json\/wp\/v2\/posts"}],"about":[{"href":"http:\/\/www.tvturk.com\/index.php\/wp-json\/wp\/v2\/types\/post"}],"author":[{"embeddable":true,"href":"http:\/\/www.tvturk.com\/index.php\/wp-json\/wp\/v2\/users\/1"}],"replies":[{"embeddable":true,"href":"http:\/\/www.tvturk.com\/index.php\/wp-json\/wp\/v2\/comments?post=195741"}],"version-history":[{"count":0,"href":"http:\/\/www.tvturk.com\/index.php\/wp-json\/wp\/v2\/posts\/195741\/revisions"}],"wp:featuredmedia":[{"embeddable":true,"href":"http:\/\/www.tvturk.com\/index.php\/wp-json\/wp\/v2\/media\/195742"}],"wp:attachment":[{"href":"http:\/\/www.tvturk.com\/index.php\/wp-json\/wp\/v2\/media?parent=195741"}],"wp:term":[{"taxonomy":"category","embeddable":true,"href":"http:\/\/www.tvturk.com\/index.php\/wp-json\/wp\/v2\/categories?post=195741"},{"taxonomy":"post_tag","embeddable":true,"href":"http:\/\/www.tvturk.com\/index.php\/wp-json\/wp\/v2\/tags?post=195741"}],"curies":[{"name":"wp","href":"https:\/\/api.w.org\/{rel}","templated":true}]}}