{"id":195743,"date":"2019-08-25T12:16:29","date_gmt":"2019-08-25T09:16:29","guid":{"rendered":"http:\/\/www.tvturk.com\/index.php\/vatan-caddesinde-30-agustos-provasi\/"},"modified":"2019-08-25T12:16:29","modified_gmt":"2019-08-25T09:16:29","slug":"vatan-caddesinde-30-agustos-provasi","status":"publish","type":"post","link":"http:\/\/www.tvturk.com\/index.php\/vatan-caddesinde-30-agustos-provasi\/","title":{"rendered":"Vatan Caddesi\u2019nde 30 A\u011fustos provas\u0131"},"content":{"rendered":"<p>Vatan Caddesi\u2019nde, 30 A\u011fustos Zafer Bayram\u0131\u2019n\u0131n 97\u2019nci y\u0131l d\u00f6n\u00fcm\u00fc  kutlamalar\u0131 nedeniyle t\u00f6ren provas\u0131 yap\u0131ld\u0131. Prova dolay\u0131s\u0131yla cadde trafi\u011fe kapat\u0131ld\u0131.<\/p>\n<p>30 A\u011fustos Zafer Bayram\u0131\u2019n\u0131n 97\u2019nci y\u0131l d\u00f6n\u00fcm\u00fc kutlamalar\u0131 yakla\u015f\u0131rken, Vatan Caddesi\u2019nde d\u00fczenlenecek t\u00f6ren \u00f6ncesi genel prova yap\u0131ld\u0131. Provada bando e\u015fli\u011finde, T\u00fcrk Silahl\u0131 Kuvvetleri, jandarma, atl\u0131 birlikler ve polis ekipleri ge\u00e7i\u015f yapt\u0131. Prova i\u00e7in sabah saatlerinde Vatan Caddesi\u2019ne \u00e7\u0131kan yollar kapat\u0131ld\u0131 ve \u00e7evresinde de helikopter destekli geni\u015f g\u00fcvenlik \u00f6nlemleri al\u0131nd\u0131.<\/p>\n","protected":false},"excerpt":{"rendered":"<p>VATAN CADDES\u0130\u2019NDE, 30 A\u011eUSTOS ZAFER BAYRAMININ 97&#8217;\u0130NC\u0130 YIL D\u00d6N\u00dcM\u00dc KUTLAMALARI DOLAYISIYLA T\u00d6REN PROVASI YAPILDI.<\/p>\n","protected":false},"author":1,"featured_media":195744,"comment_status":"closed","ping_status":"open","sticky":false,"template":"","format":"standard","meta":{"jetpack_post_was_ever_published":false,"_jetpack_newsletter_access":"","_jetpack_dont_email_post_to_subs":false,"_jetpack_newsletter_tier_id":0,"_jetpack_memberships_contains_paywalled_content":false,"_jetpack_memberships_contains_paid_content":false,"footnotes":"","jetpack_publicize_message":"","jetpack_publicize_feature_enabled":true,"jetpack_social_post_already_shared":true,"jetpack_social_options":{"image_generator_settings":{"template":"highway","default_image_id":0,"font":"","enabled":false},"version":2}},"categories":[1],"tags":[17970,4162,2857,4708],"class_list":["post-195743","post","type-post","status-publish","format-standard","has-post-thumbnail","hentry","category-genel","tag-agustos","tag-caddesinde","tag-provasi","tag-vatan"],"jetpack_publicize_connections":[],"jetpack_featured_media_url":"https:\/\/i0.wp.com\/www.tvturk.com\/wp-content\/uploads\/2019\/08\/vatan-caddesinde-30-agustos-provasi_3d0dfec.jpg?fit=1000%2C750","jetpack_sharing_enabled":true,"jetpack_shortlink":"https:\/\/wp.me\/paKIfm-OV9","_links":{"self":[{"href":"http:\/\/www.tvturk.com\/index.php\/wp-json\/wp\/v2\/posts\/195743","targetHints":{"allow":["GET"]}}],"collection":[{"href":"http:\/\/www.tvturk.com\/index.php\/wp-json\/wp\/v2\/posts"}],"about":[{"href":"http:\/\/www.tvturk.com\/index.php\/wp-json\/wp\/v2\/types\/post"}],"author":[{"embeddable":true,"href":"http:\/\/www.tvturk.com\/index.php\/wp-json\/wp\/v2\/users\/1"}],"replies":[{"embeddable":true,"href":"http:\/\/www.tvturk.com\/index.php\/wp-json\/wp\/v2\/comments?post=195743"}],"version-history":[{"count":0,"href":"http:\/\/www.tvturk.com\/index.php\/wp-json\/wp\/v2\/posts\/195743\/revisions"}],"wp:featuredmedia":[{"embeddable":true,"href":"http:\/\/www.tvturk.com\/index.php\/wp-json\/wp\/v2\/media\/195744"}],"wp:attachment":[{"href":"http:\/\/www.tvturk.com\/index.php\/wp-json\/wp\/v2\/media?parent=195743"}],"wp:term":[{"taxonomy":"category","embeddable":true,"href":"http:\/\/www.tvturk.com\/index.php\/wp-json\/wp\/v2\/categories?post=195743"},{"taxonomy":"post_tag","embeddable":true,"href":"http:\/\/www.tvturk.com\/index.php\/wp-json\/wp\/v2\/tags?post=195743"}],"curies":[{"name":"wp","href":"https:\/\/api.w.org\/{rel}","templated":true}]}}