{"id":195753,"date":"2019-08-25T12:32:01","date_gmt":"2019-08-25T09:32:01","guid":{"rendered":"http:\/\/www.tvturk.com\/index.php\/antalya-havalimanina-yuksek-teknolojili-cevre-guvenlik-sistemi\/"},"modified":"2019-08-25T12:32:01","modified_gmt":"2019-08-25T09:32:01","slug":"antalya-havalimanina-yuksek-teknolojili-cevre-guvenlik-sistemi","status":"publish","type":"post","link":"http:\/\/www.tvturk.com\/index.php\/antalya-havalimanina-yuksek-teknolojili-cevre-guvenlik-sistemi\/","title":{"rendered":"Antalya Havaliman\u0131\u2019na y\u00fcksek teknolojili \u00e7evre g\u00fcvenlik sistemi"},"content":{"rendered":"<p>T\u00fcrkiye\u2019nin turizmde d\u00fcnyaya a\u00e7\u0131lan kap\u0131s\u0131 olan Antalya Havaliman\u0131\u2019nda yolcu ve u\u00e7u\u015f emniyetini daha ileri ta\u015f\u0131mak amac\u0131yla Devlet Hava Meydanlar\u0131 \u0130\u015fletmesi (DHM\u0130) Genel M\u00fcd\u00fcrl\u00fc\u011f\u00fc, y\u00fcksek teknolojili Radar Tabanl\u0131 \u00c7evre G\u00fcvenlik Sistemi\u2019ni devreye ald\u0131.<\/p>\n<p>Her y\u0131l milyonlarca yerli ve yabanc\u0131 turistin kulland\u0131\u011f\u0131 Antalya Havaliman\u0131\u2019nda y\u00fcksek g\u00fcvenlikli yeni sistem devreye girdi. \u2018Radar Tabanl\u0131 \u00c7evre G\u00fcvenlik Sistemi\u2019 isimli projeyle havaliman\u0131ndaki yolcu ve u\u00e7u\u015f emniyeti bir ad\u0131m daha ileri ta\u015f\u0131nm\u0131\u015f oldu.<\/p>\n<p>Devlet Hava Meydanlar\u0131 \u0130\u015fletmesi (DHM\u0130) Genel M\u00fcd\u00fcr\u00fc H\u00fcseyin Keskin, sosyal medya hesab\u0131 Twitter\u2019dan devreye al\u0131nan sistemin detaylar\u0131n\u0131 payla\u015ft\u0131. Keskin, \u201cFaaliyetlerini \u2019\u00f6nce g\u00fcvenlik\u2019 anlay\u0131\u015f\u0131yla y\u00fcr\u00fcten kurulu\u015fumuz, ba\u015fta<\/p>\n<p>u\u00e7u\u015f emniyeti ve g\u00fcvenli\u011finin yan\u0131 s\u0131ra yolcu konforu i\u00e7in havalimanlar\u0131m\u0131z\u0131 y\u00fcksek teknolojili cihaz ve sistemlerle donatmaya devam ediyor. Bu kapsamda \u00e7ok \u00f6nemli bir proje de Antalya Havaliman\u0131\u2019nda ger\u00e7ekle\u015ftirildi. Radarlar, toprak alt\u0131 fiber optik alg\u0131lama, IP ve termal kameralar, acil durum m\u00fcdahale merkezleri ve komuta kontrol merkezinden olu\u015fan \u2019Radar Tabanl\u0131 \u00c7evre G\u00fcvenlik Sistemi\u2019 hizmete girdi\u201d ifadelerine yer verdi.<\/p>\n<p>\u201cK\u00fcresel havac\u0131l\u0131\u011f\u0131n u\u00e7u\u015f emniyeti ve g\u00fcvenli\u011fi temelinde b\u00fcy\u00fcmesine katk\u0131da bulunmaya devam edece\u011fiz\u201d<\/p>\n<p>Keskin, \u201cDHM\u0130\u2019nin yakalad\u0131\u011f\u0131 bu y\u00fcksek standart, \u00fclkemizin uluslararas\u0131 denetimlerde m\u00fckemmel sonu\u00e7lar almas\u0131na katk\u0131 sa\u011fl\u0131yor. Temmuz 2019\u2019da T\u00fcrkiye\u2019ye verilen \u2019ICAO Ba\u015fkanl\u0131k Konseyi Havac\u0131l\u0131k G\u00fcvenli\u011fi Sertifikas\u0131\u2019, ba\u015far\u0131lar\u0131m\u0131z\u0131n k\u00fcresel otoritelerce tescil edildi\u011fini g\u00f6steriyor. Sivil havac\u0131l\u0131kta tarih yazan T\u00fcrkiye\u2019nin g\u00fczide bir kurulu\u015fu olarak ulusal ve k\u00fcresel havac\u0131l\u0131\u011f\u0131n \u2019u\u00e7u\u015f emniyeti ve g\u00fcvenli\u011fi\u2019 temelinde b\u00fcy\u00fcmesine katk\u0131da bulunmaya devam edece\u011fiz. Havalimanlar\u0131m\u0131zda gece g\u00fcnd\u00fcz fedak\u00e2rca hizmet vererek bu g\u00fczel neticeleri almam\u0131z\u0131 sa\u011flayan de\u011ferli mesai arkada\u015flar\u0131ma ve t\u00fcm g\u00fcvenlik birimlerine kalbi te\u015fekk\u00fcrlerimi sunuyorum\u201d dedi.<\/p>\n","protected":false},"excerpt":{"rendered":"<p>H\u00dcSEY\u0130N KESK\u0130N, SOSYAL MEDYA HESABI TW\u0130TTER\u2019DAN DEVREYE ALINAN S\u0130STEM\u0130N DETAYLARINI PAYLA\u015eTI.<\/p>\n","protected":false},"author":1,"featured_media":195754,"comment_status":"closed","ping_status":"open","sticky":false,"template":"","format":"standard","meta":{"jetpack_post_was_ever_published":false,"_jetpack_newsletter_access":"","_jetpack_dont_email_post_to_subs":false,"_jetpack_newsletter_tier_id":0,"_jetpack_memberships_contains_paywalled_content":false,"_jetpack_memberships_contains_paid_content":false,"footnotes":"","jetpack_publicize_message":"","jetpack_publicize_feature_enabled":true,"jetpack_social_post_already_shared":true,"jetpack_social_options":{"image_generator_settings":{"template":"highway","default_image_id":0,"font":"","enabled":false},"version":2}},"categories":[1],"tags":[2636,3881,354,10403,6233,28146,3448],"class_list":["post-195753","post","type-post","status-publish","format-standard","has-post-thumbnail","hentry","category-genel","tag-cevre","tag-antalya","tag-guvenlik","tag-havalimanina","tag-sistemi","tag-teknolojili","tag-yuksek"],"jetpack_publicize_connections":[],"jetpack_featured_media_url":"https:\/\/i0.wp.com\/www.tvturk.com\/wp-content\/uploads\/2019\/08\/antalya-havalimanina-yuksek-teknolojili-cevre-guvenlik-sistemi_ac11f2c.jpg?fit=1000%2C666","jetpack_sharing_enabled":true,"jetpack_shortlink":"https:\/\/wp.me\/paKIfm-OVj","_links":{"self":[{"href":"http:\/\/www.tvturk.com\/index.php\/wp-json\/wp\/v2\/posts\/195753","targetHints":{"allow":["GET"]}}],"collection":[{"href":"http:\/\/www.tvturk.com\/index.php\/wp-json\/wp\/v2\/posts"}],"about":[{"href":"http:\/\/www.tvturk.com\/index.php\/wp-json\/wp\/v2\/types\/post"}],"author":[{"embeddable":true,"href":"http:\/\/www.tvturk.com\/index.php\/wp-json\/wp\/v2\/users\/1"}],"replies":[{"embeddable":true,"href":"http:\/\/www.tvturk.com\/index.php\/wp-json\/wp\/v2\/comments?post=195753"}],"version-history":[{"count":0,"href":"http:\/\/www.tvturk.com\/index.php\/wp-json\/wp\/v2\/posts\/195753\/revisions"}],"wp:featuredmedia":[{"embeddable":true,"href":"http:\/\/www.tvturk.com\/index.php\/wp-json\/wp\/v2\/media\/195754"}],"wp:attachment":[{"href":"http:\/\/www.tvturk.com\/index.php\/wp-json\/wp\/v2\/media?parent=195753"}],"wp:term":[{"taxonomy":"category","embeddable":true,"href":"http:\/\/www.tvturk.com\/index.php\/wp-json\/wp\/v2\/categories?post=195753"},{"taxonomy":"post_tag","embeddable":true,"href":"http:\/\/www.tvturk.com\/index.php\/wp-json\/wp\/v2\/tags?post=195753"}],"curies":[{"name":"wp","href":"https:\/\/api.w.org\/{rel}","templated":true}]}}