{"id":195765,"date":"2019-08-25T13:16:33","date_gmt":"2019-08-25T10:16:33","guid":{"rendered":"http:\/\/www.tvturk.com\/index.php\/turkiyenin-ilk-ve-tek-biyosfer-rezerv-alaninda-bal-festivali\/"},"modified":"2019-08-25T13:16:33","modified_gmt":"2019-08-25T10:16:33","slug":"turkiyenin-ilk-ve-tek-biyosfer-rezerv-alaninda-bal-festivali","status":"publish","type":"post","link":"http:\/\/www.tvturk.com\/index.php\/turkiyenin-ilk-ve-tek-biyosfer-rezerv-alaninda-bal-festivali\/","title":{"rendered":"T\u00fcrkiye\u2019nin ilk ve tek biyosfer rezerv alan\u0131nda bal festivali"},"content":{"rendered":"<p>G\u00fcrcistan s\u0131n\u0131r\u0131ndaki Artvin\u2019in Bor\u00e7ka il\u00e7esine ba\u011fl\u0131 Macahel (Camili) k\u00f6y\u00fcnde bu y\u0131l 18.\u2019incisi d\u00fczenlenen bal festivali b\u00fcy\u00fck ilgi g\u00f6rd\u00fc.<\/p>\n<p>Macahel E\u011fitim K\u00fclt\u00fcr ve Dayan\u0131\u015fma Vakf\u0131 ile Bor\u00e7ka Kaymakaml\u0131\u011f\u0131 organizasyonunda G\u00fcrcistan s\u0131n\u0131r\u0131ndaki 6 k\u00f6y\u00fc kapsayan ve 23\u2019\u00fc endemik olmak \u00fczere 990 bitki t\u00fcr\u00fcn\u00fcn yay\u0131l\u0131\u015f g\u00f6sterdi\u011fi, saf Kafkas ar\u0131 gen merkezi konumundaki b\u00f6lgede saf Kafkas ar\u0131s\u0131 ve havzada \u00fcretilen ballar tan\u0131t\u0131ld\u0131. T\u00fcrkiye\u2019nin ilk ve tek biyosfer rezerv alan\u0131nda d\u00fczenlenen bal festivalinde \u00fcreticiler ballar\u0131n\u0131 tan\u0131t\u0131rken, cam kovanda ar\u0131n\u0131n nas\u0131l bal \u00fcretti\u011fi anlat\u0131ld\u0131. Festivalde ar\u0131n\u0131n T\u00fcrkiye haritas\u0131n\u0131 \u00e7izmesi ve bal topunu yapmas\u0131 ilgi oda\u011f\u0131 olurken, merakl\u0131lar ar\u0131n\u0131n \u00e7al\u0131\u015fma \u015feklini yak\u0131ndan g\u00f6rme imkan\u0131 buldu.<\/p>\n<p>Bor\u00e7ka Kaymakam\u0131 Hasan H\u00fcsn\u00fc T\u00fcrker, Macahel\u2019in en \u00f6nemli de\u011ferlerinden birinin saf Kafkas ar\u0131 \u0131rk\u0131 oldu\u011funu belirterek, \u201cEkosistemde \u00e7ok \u00f6nemli bir yeri olan bu ar\u0131 \u0131rk\u0131n\u0131 korumak i\u00e7in Macahel halk\u0131 elinden geleni yap\u0131yor. Bu festivali uluslararas\u0131 platforma ta\u015f\u0131mak istiyoruz. G\u00fcrcistan \u00fclkesi ile s\u0131f\u0131r noktas\u0131nday\u0131z. Burada kom\u015fu \u00fclkeden gelen halk danslar\u0131 ekibi var. Gelecek y\u0131l da G\u00fcrcistan \u00fclkesi ba\u015fta olmak \u00fczere yurt d\u0131\u015f\u0131ndan herkesi festivalimize davet ediyoruz\u201d dedi.<\/p>\n<p>Festivalde halk oyunlar\u0131 ekipleri de g\u00f6steri yapt\u0131. Macahel, 2005 y\u0131l\u0131nda UNESCO taraf\u0131ndan T\u00fcrkiye\u2019nin ilk ve tek \u2019d\u00fcnya biyosfer rezervi\u2019 ilan edilmi\u015fti.<\/p>\n","protected":false},"excerpt":{"rendered":"<p>\u00dcRC\u0130STAN SINIRINDAK\u0130 ARTV\u0130N&#8217;\u0130N BOR\u00c7KA \u0130L\u00c7ES\u0130NE BA\u011eLI MACAHEL (CAM\u0130L\u0130) K\u00d6Y\u00dcNDE BU YIL 18.&#8217;\u0130NC\u0130S\u0130 D\u00dcZENLENEN BAL FEST\u0130VAL\u0130 B\u00dcY\u00dcK \u0130LG\u0130 G\u00d6RD\u00dc.<\/p>\n","protected":false},"author":1,"featured_media":195766,"comment_status":"closed","ping_status":"open","sticky":false,"template":"","format":"standard","meta":{"jetpack_post_was_ever_published":false,"_jetpack_newsletter_access":"","_jetpack_dont_email_post_to_subs":false,"_jetpack_newsletter_tier_id":0,"_jetpack_memberships_contains_paywalled_content":false,"_jetpack_memberships_contains_paid_content":false,"footnotes":"","jetpack_publicize_message":"","jetpack_publicize_feature_enabled":true,"jetpack_social_post_already_shared":true,"jetpack_social_options":{"image_generator_settings":{"template":"highway","default_image_id":0,"font":"","enabled":false},"version":2}},"categories":[1],"tags":[7052,2390,49155,3400,37,34065,366,177],"class_list":["post-195765","post","type-post","status-publish","format-standard","has-post-thumbnail","hentry","category-genel","tag-alaninda","tag-bal","tag-biyosfer","tag-festivali","tag-ilk","tag-rezerv","tag-tek","tag-turkiyenin"],"jetpack_publicize_connections":[],"jetpack_featured_media_url":"https:\/\/i0.wp.com\/www.tvturk.com\/wp-content\/uploads\/2019\/08\/turkiyenin-ilk-ve-tek-biyosfer-rezerv-alaninda-bal-festivali_51a19d8.jpg?fit=1000%2C562","jetpack_sharing_enabled":true,"jetpack_shortlink":"https:\/\/wp.me\/paKIfm-OVv","_links":{"self":[{"href":"http:\/\/www.tvturk.com\/index.php\/wp-json\/wp\/v2\/posts\/195765","targetHints":{"allow":["GET"]}}],"collection":[{"href":"http:\/\/www.tvturk.com\/index.php\/wp-json\/wp\/v2\/posts"}],"about":[{"href":"http:\/\/www.tvturk.com\/index.php\/wp-json\/wp\/v2\/types\/post"}],"author":[{"embeddable":true,"href":"http:\/\/www.tvturk.com\/index.php\/wp-json\/wp\/v2\/users\/1"}],"replies":[{"embeddable":true,"href":"http:\/\/www.tvturk.com\/index.php\/wp-json\/wp\/v2\/comments?post=195765"}],"version-history":[{"count":0,"href":"http:\/\/www.tvturk.com\/index.php\/wp-json\/wp\/v2\/posts\/195765\/revisions"}],"wp:featuredmedia":[{"embeddable":true,"href":"http:\/\/www.tvturk.com\/index.php\/wp-json\/wp\/v2\/media\/195766"}],"wp:attachment":[{"href":"http:\/\/www.tvturk.com\/index.php\/wp-json\/wp\/v2\/media?parent=195765"}],"wp:term":[{"taxonomy":"category","embeddable":true,"href":"http:\/\/www.tvturk.com\/index.php\/wp-json\/wp\/v2\/categories?post=195765"},{"taxonomy":"post_tag","embeddable":true,"href":"http:\/\/www.tvturk.com\/index.php\/wp-json\/wp\/v2\/tags?post=195765"}],"curies":[{"name":"wp","href":"https:\/\/api.w.org\/{rel}","templated":true}]}}