{"id":195769,"date":"2019-08-25T13:16:42","date_gmt":"2019-08-25T10:16:42","guid":{"rendered":"http:\/\/www.tvturk.com\/index.php\/eski-esi-cocuklarinin-gozleri-onunde-bicaklamisti-emine-bulut-icin-gozyaslari-doktu\/"},"modified":"2019-08-25T13:16:42","modified_gmt":"2019-08-25T10:16:42","slug":"eski-esi-cocuklarinin-gozleri-onunde-bicaklamisti-emine-bulut-icin-gozyaslari-doktu","status":"publish","type":"post","link":"http:\/\/www.tvturk.com\/index.php\/eski-esi-cocuklarinin-gozleri-onunde-bicaklamisti-emine-bulut-icin-gozyaslari-doktu\/","title":{"rendered":"Eski e\u015fi \u00e7ocuklar\u0131n\u0131n g\u00f6zleri \u00f6n\u00fcnde b\u0131\u00e7aklam\u0131\u015ft\u0131, Emine Bulut i\u00e7in g\u00f6zya\u015flar\u0131 d\u00f6kt\u00fc"},"content":{"rendered":"<p>Mardin\u2019in K\u0131z\u0131ltepe il\u00e7esinde yakla\u015f\u0131k bir bu\u00e7uk ay \u00f6nce kuca\u011f\u0131ndaki 8 ayl\u0131k bebe\u011fi ve 10 ya\u015f\u0131ndaki k\u0131z\u0131n\u0131n \u00f6n\u00fcnde eski e\u015fi taraf\u0131ndan b\u0131\u00e7aklanan H\u00fclya Duman, \u00f6nceki g\u00fcn eski e\u015fi taraf\u0131ndan bo\u011faz\u0131 kesilerek \u00f6ld\u00fcr\u00fclen Emine Bulut i\u00e7in g\u00f6zya\u015f\u0131 d\u00f6kt\u00fc. Duman, kendilerine bu deh\u015feti ya\u015fatan ki\u015filerin en a\u011f\u0131r \u015fekilde cezaland\u0131r\u0131lmas\u0131n\u0131 istedi.<\/p>\n<p>K\u0131z\u0131ltepe il\u00e7esinde H\u00fclya Duman, 2 Temmuz\u2019da kuca\u011f\u0131nda 8 ayl\u0131k bebe\u011fi ve yan\u0131nda 10 ya\u015f\u0131ndaki k\u0131z\u0131n\u0131n g\u00f6zleri \u00f6n\u00fcnde eski e\u015fi taraf\u0131ndan defalarca b\u0131\u00e7aklanm\u0131\u015f, k\u0131z\u0131n\u0131n ba\u011f\u0131rmas\u0131 sonucu b\u00f6lgeye gelen vatanda\u015flar taraf\u0131ndan kurtar\u0131lm\u0131\u015ft\u0131. G\u00fcnlerce yo\u011fun bak\u0131mda kalan Duman tedavisi tamamlanarak taburcu edildi. \u00c7ocuklar\u0131 ile birlikte ya\u015famaya devam eden Duman, \u00f6nceki g\u00fcn esik e\u015fi taraf\u0131ndan yine k\u0131z\u0131n\u0131n g\u00f6zleri \u00f6n\u00fcnde bo\u011faz\u0131 kesilerek \u00f6ld\u00fcr\u00fclen Emine Bulut i\u00e7in g\u00f6zya\u015flar\u0131 d\u00f6kt\u00fc. Kendisi \u00e7ocu\u011funun ba\u011f\u0131rmas\u0131 sayesinde hayatta kalan Duman, ayn\u0131 durumun Emine Bulut i\u00e7in yeterli olmad\u0131\u011f\u0131n\u0131, olay sonras\u0131 tutuklanan iki zanl\u0131n\u0131n da en a\u011f\u0131r \u015fekilde cezaland\u0131r\u0131lmas\u0131n\u0131 istedi.<\/p>\n<p>\u201c\u00d6l\u00fcm korkusu ile ya\u015f\u0131yorum\u201d<\/p>\n<p>Ya\u015fad\u0131klar\u0131 ile ilgili \u0130hlas Haber Ajans\u0131 (\u0130HA) muhabirine konu\u015fan Duman, \u00e7ocuklar\u0131 sayesinde hayata yeniden ba\u011fland\u0131\u011f\u0131n\u0131 ifade ederek olay\u0131n ard\u0131ndan tutuklanan resmi nikahs\u0131z e\u015fi Ali A.\u2019n\u0131n hapisten \u00e7\u0131kmas\u0131 ve kendisini \u00f6ld\u00fcrece\u011fi korkusuyla ya\u015fad\u0131\u011f\u0131n\u0131 s\u00f6yledi. 32 ya\u015f\u0131ndaki Duman, \u201c\u0130lk e\u015fimden de \u015fiddet g\u00f6rm\u00fc\u015ft\u00fcm. Bu nedenle kendisinden ayr\u0131lm\u0131\u015ft\u0131m. 3 y\u0131l s\u00fcren ikinci evlili\u011fimin ikinci y\u0131l\u0131nda hamile iken de \u015fiddet g\u00f6rd\u00fcm ve \u00e7ocuklar\u0131m i\u00e7in sabrettim. Allah beni \u00e7ocuklar\u0131ma ba\u011f\u0131\u015flad\u0131. Ben de buna yeter diyorum. Emine Bulut\u2019a ben ve \u00e7ocuklar\u0131m \u00e7ok \u00fcz\u00fcld\u00fck. O g\u00fcn benim k\u0131z\u0131m\u0131n \u00e7\u0131\u011fl\u0131klar\u0131na halk geldi beni kurtard\u0131, yoksa beni \u00f6ld\u00fcrecekti. Daha ucuz bir ev bulmu\u015ftum, onu temizli\u011fe gelmi\u015ftim. Geldi hakarette bulundu, bir g\u00fcn \u00f6nce o\u011flumu tehdit etti, anneni \u00f6ld\u00fcrece\u011fim dedi. Karakola gittim o\u011flumun laf\u0131 ge\u00e7ersiz oldu\u011fu i\u00e7in karakol geri g\u00f6nderdi. Ertesi g\u00fcn b\u0131\u00e7akland\u0131m zaten. Biz \u00f6ld\u00fckten sonra m\u0131 de\u011fer kazanaca\u011f\u0131z. Ben 10 g\u00fcn kalacakt\u0131m \u00e7ocuklar\u0131m oldu\u011fu i\u00e7in 4 g\u00fcnde hastaneden \u00e7\u0131kt\u0131m. Doktorum bile \u015fa\u015f\u0131rd\u0131. Akci\u011ferimden b\u0131\u00e7akland\u0131m kolum sakat kald\u0131. Ben hamile iken de \u015fiddet g\u00f6rd\u00fcm, sabrettim. En son bebe\u011fim 12 g\u00fcnl\u00fckken ka\u00e7t\u0131 gitti. Sonra ben evlili\u011fi bitirdim. Ben ekmeksizdim, annem ekmek veriyordu. Benim ge\u00e7mi\u015fte \u00e7al\u0131\u015ft\u0131\u011f\u0131m paralar\u0131 ona verdim. S\u00fcrekli yalan s\u00f6yl\u00fcyor, Mardin\u2019de kad\u0131nlarla yeyip i\u00e7iyordu\u201d dedi.<\/p>\n<p>\u201cBen \u00f6ld\u00fckten sonra T\u00fcrkiye aya\u011f\u0131 kalksa \u00f6nemli de\u011fil\u201d<\/p>\n<p>\u00c7ocuklar\u0131n\u0131n okula gitti\u011fini ve her g\u00fcn korkuyla ya\u015fad\u0131\u011f\u0131n\u0131 kaydeden Duman, \u015f\u00f6yle devam etti:<\/p>\n<p>\u201cGer\u00e7ekten yeter, Emine Bulut i\u00e7in a\u011flad\u0131m. Ben \u015fansl\u0131yd\u0131m, o benim kadar \u015fansl\u0131 de\u011fildi. Benim kom\u015fular\u0131m \u00e7ocuklar\u0131m\u0131n sabaha kadar dua edip a\u011flad\u0131\u011f\u0131n\u0131 s\u00f6yl\u00fcyor. Ben \u00f6ld\u00fckten sonra m\u0131 k\u0131ymete binece\u011fim? Ben \u00f6ld\u00fckten sonra T\u00fcrkiye aya\u011fa kalksa bo\u015ftur. \u015eu an bir avukat\u0131m yok, o hapisten \u00e7\u0131karsa ben bu \u015fehirden gitmek zorunday\u0131m.\u201d<\/p>\n<p>\u201cBa\u015fka annelerin \u00f6lmesini istemiyorum\u201d<\/p>\n<p>H\u00fclya Duman\u2019\u0131n ilk evlili\u011finden olan 12 ya\u015f\u0131ndaki o\u011flu M. ise, Ali A.\u2019n\u0131n, \u2018Annen kendine iyi baks\u0131n, onu \u00f6ld\u00fcrece\u011fim\u2019 deyip y\u00fcz\u00fcne t\u00fck\u00fcrd\u00fc\u011f\u00fcn\u00fc kaydederek, \u201cAnneme bir \u015fey olacak diye korkuyorum. Seviniyorum annem aram\u0131za geldi\u011fi i\u00e7in sevin\u00e7liyim. Ba\u015fka annelerin \u00f6lmesini istemiyorum. B\u00fct\u00fcn kad\u0131nlar\u0131n korunmas\u0131n\u0131 huzur i\u00e7inde ya\u015famak istiyorum\u201d diye konu\u015ftu.<\/p>\n<p>\u201cAnnemin \u00e7ok ac\u0131 \u00e7ekti\u011fini hissettim\u201d<\/p>\n<p>O g\u00fcn annesinin yan\u0131nda olan ve \u00e7\u0131\u011fl\u0131klar\u0131 ile \u00e7evredeki vatanda\u015flar\u0131n yard\u0131ma ko\u015fmas\u0131n\u0131 sa\u011flayan 10 ya\u015f\u0131ndaki E. de, hala o korku dolu anlar\u0131 ya\u015fad\u0131\u011f\u0131n\u0131 kaydederek, \u201cAnnem ile daha ucuza tuttu\u011fumuz evi y\u0131kamaya geldik. Bana annem evi y\u0131kamaya giderken annemi \u00f6ld\u00fcrece\u011fini s\u00f6yledi. Arabadan b\u0131\u00e7a\u011f\u0131 \u00e7\u0131kard\u0131 ve annemi b\u0131\u00e7aklad\u0131. Anneme dedim b\u0131\u00e7a\u011f\u0131 \u00e7\u0131kard\u0131 ka\u00e7 dedim. Annem d\u00fc\u015ft\u00fc ve annemi b\u0131\u00e7aklad\u0131. O an annemin \u00e7ok ac\u0131 \u00e7ekti\u011fini hissettim. Annem hastanedeyken \u00e7ok \u00fcz\u00fcld\u00fcm. Annem hastaneden yan\u0131ma gelince \u00e7ok sevindim\u201d \u015feklinde konu\u015ftu.<\/p>\n<p>\u201cBir devletimiz bir Allah\u2019\u0131m\u0131z var\u201d<\/p>\n<p>H\u00fclya Duman\u2019\u0131n babas\u0131 Ethem Duman ise, gece korkudan uyuyamad\u0131klar\u0131n\u0131 s\u00f6yledi. Baba Duman, \u201cBir devletimiz var bir de Allah\u2019\u0131m\u0131z var. Devletin idam etmesini istiyorum. Ben g\u00fcc\u00fcm\u00fc devletten al\u0131yorum. Ba\u015f\u0131m\u0131zdaki b\u00fcy\u00fckler bize sahip \u00e7\u0131kmazsa kim sahip \u00e7\u0131kacak\u201d dedi.<\/p>\n<p>Anne Tenzile Duman da, k\u0131z\u0131 i\u00e7in korku dolu anlar ya\u015fad\u0131klar\u0131n\u0131 ifade ederek, devletten k\u0131z\u0131n\u0131n korunmas\u0131 ve hayata tutunmas\u0131 i\u00e7in destek beklediklerini kaydetti.<\/p>\n","protected":false},"excerpt":{"rendered":"<p>MARD\u0130N\u2019\u0130N KIZILTEPE \u0130L\u00c7ES\u0130NDE ESK\u0130 E\u015e\u0130 TARAFINDAN BI\u00c7AKLANAN H\u00dcLYA DUMAN, EM\u0130NE BULUT \u0130\u00c7\u0130N G\u00d6ZYA\u015eI D\u00d6KT\u00dc.<\/p>\n","protected":false},"author":1,"featured_media":195770,"comment_status":"closed","ping_status":"open","sticky":false,"template":"","format":"standard","meta":{"jetpack_post_was_ever_published":false,"_jetpack_newsletter_access":"","_jetpack_dont_email_post_to_subs":false,"_jetpack_newsletter_tier_id":0,"_jetpack_memberships_contains_paywalled_content":false,"_jetpack_memberships_contains_paid_content":false,"footnotes":"","jetpack_publicize_message":"","jetpack_publicize_feature_enabled":true,"jetpack_social_post_already_shared":true,"jetpack_social_options":{"image_generator_settings":{"template":"highway","default_image_id":0,"font":"","enabled":false},"version":2}},"categories":[1],"tags":[49156,8519,13765,5940,3444,4703,1123,13477,5268,44,3565],"class_list":["post-195769","post","type-post","status-publish","format-standard","has-post-thumbnail","hentry","category-genel","tag-bicaklamisti","tag-bulut","tag-cocuklarinin","tag-doktu","tag-emine","tag-esi","tag-eski","tag-gozleri","tag-gozyaslari","tag-icin","tag-onunde"],"jetpack_publicize_connections":[],"jetpack_featured_media_url":"https:\/\/i0.wp.com\/www.tvturk.com\/wp-content\/uploads\/2019\/08\/eski-esi-cocuklarinin-gozleri-onunde-bicaklamisti-emine-bulut-icin-gozyaslari-doktu_2be1c60.jpg?fit=1000%2C750","jetpack_sharing_enabled":true,"jetpack_shortlink":"https:\/\/wp.me\/paKIfm-OVz","_links":{"self":[{"href":"http:\/\/www.tvturk.com\/index.php\/wp-json\/wp\/v2\/posts\/195769","targetHints":{"allow":["GET"]}}],"collection":[{"href":"http:\/\/www.tvturk.com\/index.php\/wp-json\/wp\/v2\/posts"}],"about":[{"href":"http:\/\/www.tvturk.com\/index.php\/wp-json\/wp\/v2\/types\/post"}],"author":[{"embeddable":true,"href":"http:\/\/www.tvturk.com\/index.php\/wp-json\/wp\/v2\/users\/1"}],"replies":[{"embeddable":true,"href":"http:\/\/www.tvturk.com\/index.php\/wp-json\/wp\/v2\/comments?post=195769"}],"version-history":[{"count":0,"href":"http:\/\/www.tvturk.com\/index.php\/wp-json\/wp\/v2\/posts\/195769\/revisions"}],"wp:featuredmedia":[{"embeddable":true,"href":"http:\/\/www.tvturk.com\/index.php\/wp-json\/wp\/v2\/media\/195770"}],"wp:attachment":[{"href":"http:\/\/www.tvturk.com\/index.php\/wp-json\/wp\/v2\/media?parent=195769"}],"wp:term":[{"taxonomy":"category","embeddable":true,"href":"http:\/\/www.tvturk.com\/index.php\/wp-json\/wp\/v2\/categories?post=195769"},{"taxonomy":"post_tag","embeddable":true,"href":"http:\/\/www.tvturk.com\/index.php\/wp-json\/wp\/v2\/tags?post=195769"}],"curies":[{"name":"wp","href":"https:\/\/api.w.org\/{rel}","templated":true}]}}