{"id":195773,"date":"2019-08-25T13:46:26","date_gmt":"2019-08-25T10:46:26","guid":{"rendered":"http:\/\/www.tvturk.com\/index.php\/ordu-proje-uretiyor\/"},"modified":"2019-08-25T13:46:26","modified_gmt":"2019-08-25T10:46:26","slug":"ordu-proje-uretiyor","status":"publish","type":"post","link":"http:\/\/www.tvturk.com\/index.php\/ordu-proje-uretiyor\/","title":{"rendered":"Ordu proje \u00fcretiyor"},"content":{"rendered":"<p>Ordu B\u00fcy\u00fck\u015fehir Belediye Ba\u015fkan\u0131 Mehmet Hilmi G\u00fcler\u2019in sosyal medya hesab\u0131ndan yapt\u0131\u011f\u0131 proje \u00e7a\u011fr\u0131s\u0131na 1 ayda 478 ba\u015fvuru geldi.<\/p>\n<p>K\u0131sa s\u00fcre \u00f6nce sosyal medya hesaplar\u0131ndan yapt\u0131\u011f\u0131 payla\u015f\u0131m ile Ordululara seslenen Ba\u015fkan G\u00fcler, sosyal medya hesab\u0131ndan &#8220;Ordu i\u00e7in haz\u0131rlam\u0131\u015f oldu\u011fum s\u00fcper bir projem var diyorsan\u0131z sizleri dinlemeye ve \u015fehrimiz i\u00e7in uygulanabilir projeleri de\u011ferlendirmeye haz\u0131r\u0131m. proje@mehmethilmiguler.com.tr mailine g\u00f6nderece\u011finiz projeleri tek tek inceleyece\u011fim ve kabul g\u00f6renlerle g\u00fczel \u015feyler yapaca\u011f\u0131z\u201d demi\u015fti.<\/p>\n<p>1 ayda 478 proje ba\u015fvurusu geldi<\/p>\n<p>Ba\u015fkan G\u00fcler, sosyal medya hesaplar\u0131ndan yapt\u0131\u011f\u0131 \u00e7a\u011fr\u0131 sonras\u0131 toplamda 478 adet projenin geldi\u011fini ifade etti. G\u00fcler, \u201cOrdu B\u00fcy\u00fck\u015fehir Belediyesi olarak milletimizle isti\u015farelere her alanda devam ediyoruz. Geli\u015fen ve b\u00fcy\u00fcyen Ordumuz i\u00e7in onlar\u0131nda fikirlerini almak i\u00e7in ki\u015fisel sosyal medya hesaplar\u0131m\u0131zdan bir \u00e7a\u011fr\u0131 yapm\u0131\u015ft\u0131k. Aradan ge\u00e7en k\u0131sa s\u00fcre i\u00e7inde toplam 478 adet proje bizlere ula\u015ft\u0131. Her bir projeyi alanlar\u0131nda uzman arkada\u015flar\u0131m\u0131z kategorilere ay\u0131r\u0131yorlar. \u0130limiz i\u00e7in, il\u00e7elerimiz i\u00e7in uygun g\u00f6r\u00fclen projeler ve proje sahipleri ile tek tek g\u00f6r\u00fc\u015fece\u011fiz. Her zaman s\u00f6yledi\u011fimiz gibi d\u00fc\u015f\u00fcnen Ordu, \u00fcreten Ordu ve yar\u0131\u015fan Ordu\u2019yu in\u015fallah ba\u015flat\u0131yoruz\u201d dedi.<\/p>\n<p>\u201cProjeleri tek tek s\u0131n\u0131fland\u0131r\u0131yoruz\u201d<\/p>\n<p>Kendilerine ula\u015fan projelerin hepsinin \u00e7ok \u00f6nemli oldu\u011funun alt\u0131n\u0131 \u00e7izen Ba\u015fkan G\u00fcler, \u201cBizlere ula\u015fan her proje \u00e7ok \u00f6nemli. Projeleri alanlar\u0131na g\u00f6re s\u0131n\u0131fland\u0131r\u0131yoruz. Daha sonra sonra hangi proje bizim i\u00e7in uygun onun karar\u0131n\u0131 verece\u011fiz. Yapt\u0131\u011f\u0131m\u0131z bu \u00e7al\u0131\u015fma ile ilimizde tek s\u00f6z sahibi biz olmak istemiyoruz. Milletimizin de fikirlerini al\u0131p, onlarla nas\u0131l bir \u00e7al\u0131\u015fma yapar\u0131z onu belirleyece\u011fiz. Ordumuzun bir \u00f6zelli\u011fi, sanat ve fikir konusunda d\u00fc\u015f\u00fcnen bir Ordu var. Biz bunu biraz daha harekete ge\u00e7irmek istiyoruz\u201d \u015feklinde konu\u015ftu.<\/p>\n","protected":false},"excerpt":{"rendered":"<p>ORDU B\u00dcY\u00dcK\u015eEH\u0130R BELED\u0130YE BA\u015eKANI DR. MEHMET H\u0130LM\u0130 G\u00dcLER&#8217;\u0130N SOSYAL MEDYA HESABINDAN YAPTI\u011eI PROJE \u00c7A\u011eRISINA ORDULULAR PROJE YA\u011eDIRDI<\/p>\n","protected":false},"author":1,"featured_media":195774,"comment_status":"closed","ping_status":"open","sticky":false,"template":"","format":"standard","meta":{"jetpack_post_was_ever_published":false,"_jetpack_newsletter_access":"","_jetpack_dont_email_post_to_subs":false,"_jetpack_newsletter_tier_id":0,"_jetpack_memberships_contains_paywalled_content":false,"_jetpack_memberships_contains_paid_content":false,"footnotes":"","jetpack_publicize_message":"","jetpack_publicize_feature_enabled":true,"jetpack_social_post_already_shared":true,"jetpack_social_options":{"image_generator_settings":{"template":"highway","default_image_id":0,"font":"","enabled":false},"version":2}},"categories":[1],"tags":[10801,1456,8792],"class_list":["post-195773","post","type-post","status-publish","format-standard","has-post-thumbnail","hentry","category-genel","tag-ordu","tag-proje","tag-uretiyor"],"jetpack_publicize_connections":[],"jetpack_featured_media_url":"https:\/\/i0.wp.com\/www.tvturk.com\/wp-content\/uploads\/2019\/08\/ordu-proje-uretiyor_d092b63.jpg?fit=1000%2C667","jetpack_sharing_enabled":true,"jetpack_shortlink":"https:\/\/wp.me\/paKIfm-OVD","_links":{"self":[{"href":"http:\/\/www.tvturk.com\/index.php\/wp-json\/wp\/v2\/posts\/195773","targetHints":{"allow":["GET"]}}],"collection":[{"href":"http:\/\/www.tvturk.com\/index.php\/wp-json\/wp\/v2\/posts"}],"about":[{"href":"http:\/\/www.tvturk.com\/index.php\/wp-json\/wp\/v2\/types\/post"}],"author":[{"embeddable":true,"href":"http:\/\/www.tvturk.com\/index.php\/wp-json\/wp\/v2\/users\/1"}],"replies":[{"embeddable":true,"href":"http:\/\/www.tvturk.com\/index.php\/wp-json\/wp\/v2\/comments?post=195773"}],"version-history":[{"count":0,"href":"http:\/\/www.tvturk.com\/index.php\/wp-json\/wp\/v2\/posts\/195773\/revisions"}],"wp:featuredmedia":[{"embeddable":true,"href":"http:\/\/www.tvturk.com\/index.php\/wp-json\/wp\/v2\/media\/195774"}],"wp:attachment":[{"href":"http:\/\/www.tvturk.com\/index.php\/wp-json\/wp\/v2\/media?parent=195773"}],"wp:term":[{"taxonomy":"category","embeddable":true,"href":"http:\/\/www.tvturk.com\/index.php\/wp-json\/wp\/v2\/categories?post=195773"},{"taxonomy":"post_tag","embeddable":true,"href":"http:\/\/www.tvturk.com\/index.php\/wp-json\/wp\/v2\/tags?post=195773"}],"curies":[{"name":"wp","href":"https:\/\/api.w.org\/{rel}","templated":true}]}}