{"id":195777,"date":"2019-08-25T13:46:48","date_gmt":"2019-08-25T10:46:48","guid":{"rendered":"http:\/\/www.tvturk.com\/index.php\/fenerbahcede-reyesin-sozlesmesi-feshedildi\/"},"modified":"2019-08-25T13:46:48","modified_gmt":"2019-08-25T10:46:48","slug":"fenerbahcede-reyesin-sozlesmesi-feshedildi","status":"publish","type":"post","link":"http:\/\/www.tvturk.com\/index.php\/fenerbahcede-reyesin-sozlesmesi-feshedildi\/","title":{"rendered":"Fenerbah\u00e7e\u2019de Reyes\u2019in s\u00f6zle\u015fmesi feshedildi"},"content":{"rendered":"<p>Fenerbah\u00e7e, ge\u00e7en sezon ba\u015f\u0131nda kadrosuna katt\u0131\u011f\u0131 Meksikal\u0131 futbolcu Diego Reyes\u2019in s\u00f6zle\u015fmesinin feshedildi\u011fini a\u00e7\u0131klad\u0131.<\/p>\n<p>Fenerbah\u00e7e, Meksikal\u0131 futbolcusu Diego Reyes ile yollar\u0131n\u0131 ay\u0131rd\u0131. Ge\u00e7ti\u011fimiz sezon ba\u015f\u0131nda Fenerbah\u00e7e\u2019ye transfer olan ve sar\u0131-lacivertlilerde beklenen performans\u0131 veremeyen 26 ya\u015f\u0131ndaki oyuncunun s\u00f6zle\u015fmesinin kar\u015f\u0131l\u0131kl\u0131 olarak feshedildi\u011fi duyuruldu. Kul\u00fcb\u00fcn resmi internet sitesinden konuyla ilgili yap\u0131lan a\u00e7\u0131klamada, \u015fu ifadelere yer verildi:<\/p>\n<p>&#8220;Futbolcumuz Diego Reyes ile olan s\u00f6zle\u015fmemiz taraflar\u0131n kar\u015f\u0131l\u0131kl\u0131 anla\u015fmaya varmas\u0131yla sonlanm\u0131\u015f bulunmaktad\u0131r. S\u00f6zle\u015fmenin iptali i\u00e7in yap\u0131lan g\u00f6r\u00fc\u015fmeler s\u00fcrecinde g\u00f6sterdi\u011fi iyi niyetli ve sayg\u0131n yakla\u015f\u0131mdan \u00f6t\u00fcr\u00fc Diego Reyes\u2019e te\u015fekk\u00fcr eder, kendisine bundan sonraki futbol hayat\u0131nda ba\u015far\u0131lar dileriz.&#8221;<\/p>\n","protected":false},"excerpt":{"rendered":"<p>FENERBAH\u00c7E, GE\u00c7EN SEZON BA\u015eINDA KADROSUNA KATTI\u011eI MEKS\u0130KALI FUTBOLCU D\u0130EGO REYES\u2019\u0130N S\u00d6ZLE\u015eMES\u0130N\u0130N FESHED\u0130LD\u0130\u011e\u0130N\u0130 A\u00c7IKLADI.<\/p>\n","protected":false},"author":1,"featured_media":195778,"comment_status":"closed","ping_status":"open","sticky":false,"template":"","format":"standard","meta":{"jetpack_post_was_ever_published":false,"_jetpack_newsletter_access":"","_jetpack_dont_email_post_to_subs":false,"_jetpack_newsletter_tier_id":0,"_jetpack_memberships_contains_paywalled_content":false,"_jetpack_memberships_contains_paid_content":false,"footnotes":"","jetpack_publicize_message":"","jetpack_publicize_feature_enabled":true,"jetpack_social_post_already_shared":true,"jetpack_social_options":{"image_generator_settings":{"template":"highway","default_image_id":0,"font":"","enabled":false},"version":2}},"categories":[657],"tags":[5570,29582,33162,6687],"class_list":["post-195777","post","type-post","status-publish","format-standard","has-post-thumbnail","hentry","category-spor","tag-fenerbahcede","tag-feshedildi","tag-reyesin","tag-sozlesmesi"],"jetpack_publicize_connections":[],"jetpack_featured_media_url":"https:\/\/i0.wp.com\/www.tvturk.com\/wp-content\/uploads\/2019\/08\/fenerbahcede-reyesin-sozlesmesi-feshedildi_2f81e6a.jpg?fit=1000%2C714","jetpack_sharing_enabled":true,"jetpack_shortlink":"https:\/\/wp.me\/paKIfm-OVH","_links":{"self":[{"href":"http:\/\/www.tvturk.com\/index.php\/wp-json\/wp\/v2\/posts\/195777","targetHints":{"allow":["GET"]}}],"collection":[{"href":"http:\/\/www.tvturk.com\/index.php\/wp-json\/wp\/v2\/posts"}],"about":[{"href":"http:\/\/www.tvturk.com\/index.php\/wp-json\/wp\/v2\/types\/post"}],"author":[{"embeddable":true,"href":"http:\/\/www.tvturk.com\/index.php\/wp-json\/wp\/v2\/users\/1"}],"replies":[{"embeddable":true,"href":"http:\/\/www.tvturk.com\/index.php\/wp-json\/wp\/v2\/comments?post=195777"}],"version-history":[{"count":0,"href":"http:\/\/www.tvturk.com\/index.php\/wp-json\/wp\/v2\/posts\/195777\/revisions"}],"wp:featuredmedia":[{"embeddable":true,"href":"http:\/\/www.tvturk.com\/index.php\/wp-json\/wp\/v2\/media\/195778"}],"wp:attachment":[{"href":"http:\/\/www.tvturk.com\/index.php\/wp-json\/wp\/v2\/media?parent=195777"}],"wp:term":[{"taxonomy":"category","embeddable":true,"href":"http:\/\/www.tvturk.com\/index.php\/wp-json\/wp\/v2\/categories?post=195777"},{"taxonomy":"post_tag","embeddable":true,"href":"http:\/\/www.tvturk.com\/index.php\/wp-json\/wp\/v2\/tags?post=195777"}],"curies":[{"name":"wp","href":"https:\/\/api.w.org\/{rel}","templated":true}]}}