{"id":195779,"date":"2019-08-25T14:01:47","date_gmt":"2019-08-25T11:01:47","guid":{"rendered":"http:\/\/www.tvturk.com\/index.php\/leylekler-istanbul-semalarinda\/"},"modified":"2019-08-25T14:01:47","modified_gmt":"2019-08-25T11:01:47","slug":"leylekler-istanbul-semalarinda","status":"publish","type":"post","link":"http:\/\/www.tvturk.com\/index.php\/leylekler-istanbul-semalarinda\/","title":{"rendered":"Leylekler \u0130stanbul semalar\u0131nda"},"content":{"rendered":"<p>Yaz mevsiminin bitimine say\u0131l\u0131 g\u00fcnler kala leyleklerin s\u0131cak b\u00f6lgelere g\u00f6\u00e7\u00fc de ba\u015flad\u0131. K\u0131\u015f aylar\u0131n\u0131 ge\u00e7irmek i\u00e7in daha s\u0131cak b\u00f6lgelere g\u00f6\u00e7 eden leylekler, Bak\u0131rk\u00f6y semalar\u0131nda kartpostall\u0131k g\u00f6r\u00fcnt\u00fcler olu\u015fturdu.<\/p>\n<p>S\u0131cak b\u00f6lgelere kanat \u00e7\u0131rpmaya ba\u015flayan leylekler g\u00f6ky\u00fcz\u00fcnde renkli g\u00f6r\u00fcnt\u00fcler olu\u015fturdu. Kuzeyde havalar\u0131n so\u011fumaya ba\u015flamas\u0131yla y\u00f6nlerini g\u00fcneye \u00e7eviren leylek s\u00fcr\u00fcs\u00fcn\u00fcn muhte\u015fem g\u00f6\u00e7\u00fc Bak\u0131rk\u00f6y\u2019de objektiflere tak\u0131ld\u0131. Y\u00fczlerce leyle\u011fin s\u00fcr\u00fc halinde g\u00f6ky\u00fcz\u00fcnde s\u00fcz\u00fcl\u00fc\u015f\u00fc g\u00f6renleri b\u00fcy\u00fcledi. Bak\u0131rk\u00f6y semalar\u0131nda yakla\u015f\u0131k 1 saat dola\u015fan leylek s\u00fcr\u00fcs\u00fc, daha sonra g\u00f6zlerden kayboldu.<\/p>\n","protected":false},"excerpt":{"rendered":"<p>LEYLEKLER\u0130N SICAK B\u00d6LGELERE G\u00d6\u00c7\u00dc BA\u015eLADI. KI\u015e AYLARINI GE\u00c7\u0130RMEK \u0130\u00c7\u0130N DAHA SICAK B\u00d6LGELERE G\u00d6\u00c7 EDEN LEYLEKLER, BAKIRK\u00d6Y SEMALARINDA KARTPOSTALLIK G\u00d6R\u00dcNT\u00dcLER OLU\u015eTURDU.<\/p>\n","protected":false},"author":1,"featured_media":195780,"comment_status":"closed","ping_status":"open","sticky":false,"template":"","format":"standard","meta":{"jetpack_post_was_ever_published":false,"_jetpack_newsletter_access":"","_jetpack_dont_email_post_to_subs":false,"_jetpack_newsletter_tier_id":0,"_jetpack_memberships_contains_paywalled_content":false,"_jetpack_memberships_contains_paid_content":false,"footnotes":"","jetpack_publicize_message":"","jetpack_publicize_feature_enabled":true,"jetpack_social_post_already_shared":true,"jetpack_social_options":{"image_generator_settings":{"template":"highway","default_image_id":0,"font":"","enabled":false},"version":2}},"categories":[1],"tags":[730,3624,19233],"class_list":["post-195779","post","type-post","status-publish","format-standard","has-post-thumbnail","hentry","category-genel","tag-istanbul","tag-leylekler","tag-semalarinda"],"jetpack_publicize_connections":[],"jetpack_featured_media_url":"https:\/\/i0.wp.com\/www.tvturk.com\/wp-content\/uploads\/2019\/08\/leylekler-istanbul-semalarinda_5d0fbe2.jpg?fit=1000%2C647","jetpack_sharing_enabled":true,"jetpack_shortlink":"https:\/\/wp.me\/paKIfm-OVJ","_links":{"self":[{"href":"http:\/\/www.tvturk.com\/index.php\/wp-json\/wp\/v2\/posts\/195779","targetHints":{"allow":["GET"]}}],"collection":[{"href":"http:\/\/www.tvturk.com\/index.php\/wp-json\/wp\/v2\/posts"}],"about":[{"href":"http:\/\/www.tvturk.com\/index.php\/wp-json\/wp\/v2\/types\/post"}],"author":[{"embeddable":true,"href":"http:\/\/www.tvturk.com\/index.php\/wp-json\/wp\/v2\/users\/1"}],"replies":[{"embeddable":true,"href":"http:\/\/www.tvturk.com\/index.php\/wp-json\/wp\/v2\/comments?post=195779"}],"version-history":[{"count":0,"href":"http:\/\/www.tvturk.com\/index.php\/wp-json\/wp\/v2\/posts\/195779\/revisions"}],"wp:featuredmedia":[{"embeddable":true,"href":"http:\/\/www.tvturk.com\/index.php\/wp-json\/wp\/v2\/media\/195780"}],"wp:attachment":[{"href":"http:\/\/www.tvturk.com\/index.php\/wp-json\/wp\/v2\/media?parent=195779"}],"wp:term":[{"taxonomy":"category","embeddable":true,"href":"http:\/\/www.tvturk.com\/index.php\/wp-json\/wp\/v2\/categories?post=195779"},{"taxonomy":"post_tag","embeddable":true,"href":"http:\/\/www.tvturk.com\/index.php\/wp-json\/wp\/v2\/tags?post=195779"}],"curies":[{"name":"wp","href":"https:\/\/api.w.org\/{rel}","templated":true}]}}