{"id":195791,"date":"2019-08-25T14:31:58","date_gmt":"2019-08-25T11:31:58","guid":{"rendered":"http:\/\/www.tvturk.com\/index.php\/hatayli-sehit-son-yolculuguna-ugurlandi\/"},"modified":"2019-08-25T14:31:58","modified_gmt":"2019-08-25T11:31:58","slug":"hatayli-sehit-son-yolculuguna-ugurlandi","status":"publish","type":"post","link":"http:\/\/www.tvturk.com\/index.php\/hatayli-sehit-son-yolculuguna-ugurlandi\/","title":{"rendered":"Hatayl\u0131 \u015fehit son yolculu\u011funa u\u011furland\u0131"},"content":{"rendered":"<p>Diyarbak\u0131r\u2019\u0131n Dicle il\u00e7esinde \u00f6zel harekat polislerini ta\u015f\u0131yan z\u0131rhl\u0131 arac\u0131n devrilmesi sonucu \u015fehit d\u00fc\u015fen \u00f6zel hareket polisi Ali U\u00e7ar (23) memleketi Hatay\u2019da topra\u011fa verildi.<\/p>\n<p>Biri k\u0131z iki karde\u015fi bulunan \u015fehit U\u00e7ar i\u00e7in Antakya Mezarl\u0131k Kompleksi\u2019nde cenaze t\u00f6reni d\u00fczenlendi. \u0130\u00e7i\u015fleri Bakan Yard\u0131mc\u0131s\u0131 Muhterem \u0130nci ve Emniyet Genel M\u00fcd\u00fcr\u00fc Mehmet Akta\u015f\u2019\u0131n da kat\u0131ld\u0131\u011f\u0131 t\u00f6rende \u015fehidin babas\u0131 Abd\u00fclsemet U\u00e7ar g\u00fc\u00e7l\u00fckle ayakta dururken, karde\u015fi ise abisinin k\u0131yafetleriyle cenazeye kat\u0131ld\u0131.<\/p>\n<p>Cenaze namaz\u0131n\u0131n k\u0131l\u0131nmas\u0131n\u0131n ard\u0131ndan \u015fehidin naa\u015f\u0131 tekbirler ve \u2018\u015eehitler \u00f6lmez vatan b\u00f6l\u00fcnmez\u2019 sloganlar\u0131 e\u015fli\u011finde \u015fehitli\u011fe g\u00f6t\u00fcr\u00fcld\u00fc. \u015eehidin naa\u015f\u0131 Antakya \u015eehitli\u011fine defnedildi.<\/p>\n<p>Cenaze t\u00f6renine Hatay Valisi Rahmi Do\u011fan, Hatay milletvekilleri, siyasi parti temsilcileri, STK ve oda ba\u015fkanlar\u0131, askeri erkan ve \u00e7ok say\u0131da vatanda\u015f kat\u0131ld\u0131.<\/p>\n","protected":false},"excerpt":{"rendered":"<p>D\u0130YARBAKIR\u2019IN D\u0130CLE \u0130L\u00c7ES\u0130NDE ZIRHLI ARACIN DEVR\u0130LMES\u0130 SONUCU \u015eEH\u0130T D\u00dc\u015eEN \u00d6ZEL HAREKET POL\u0130S\u0130 AL\u0130 U\u00c7AR (23) MEMLEKET\u0130 HATAY&#8217;DA TOPRA\u011eA VER\u0130LD\u0130.<\/p>\n","protected":false},"author":1,"featured_media":195792,"comment_status":"closed","ping_status":"open","sticky":false,"template":"","format":"standard","meta":{"jetpack_post_was_ever_published":false,"_jetpack_newsletter_access":"","_jetpack_dont_email_post_to_subs":false,"_jetpack_newsletter_tier_id":0,"_jetpack_memberships_contains_paywalled_content":false,"_jetpack_memberships_contains_paid_content":false,"footnotes":"","jetpack_publicize_message":"","jetpack_publicize_feature_enabled":true,"jetpack_social_post_already_shared":true,"jetpack_social_options":{"image_generator_settings":{"template":"highway","default_image_id":0,"font":"","enabled":false},"version":2}},"categories":[1],"tags":[5532,237,1240,2516,2515],"class_list":["post-195791","post","type-post","status-publish","format-standard","has-post-thumbnail","hentry","category-genel","tag-hatayli","tag-sehit","tag-son","tag-ugurlandi","tag-yolculuguna"],"jetpack_publicize_connections":[],"jetpack_featured_media_url":"https:\/\/i0.wp.com\/www.tvturk.com\/wp-content\/uploads\/2019\/08\/hatayli-sehit-son-yolculuguna-ugurlandi_120f0a8.jpg?fit=1000%2C650","jetpack_sharing_enabled":true,"jetpack_shortlink":"https:\/\/wp.me\/paKIfm-OVV","_links":{"self":[{"href":"http:\/\/www.tvturk.com\/index.php\/wp-json\/wp\/v2\/posts\/195791","targetHints":{"allow":["GET"]}}],"collection":[{"href":"http:\/\/www.tvturk.com\/index.php\/wp-json\/wp\/v2\/posts"}],"about":[{"href":"http:\/\/www.tvturk.com\/index.php\/wp-json\/wp\/v2\/types\/post"}],"author":[{"embeddable":true,"href":"http:\/\/www.tvturk.com\/index.php\/wp-json\/wp\/v2\/users\/1"}],"replies":[{"embeddable":true,"href":"http:\/\/www.tvturk.com\/index.php\/wp-json\/wp\/v2\/comments?post=195791"}],"version-history":[{"count":0,"href":"http:\/\/www.tvturk.com\/index.php\/wp-json\/wp\/v2\/posts\/195791\/revisions"}],"wp:featuredmedia":[{"embeddable":true,"href":"http:\/\/www.tvturk.com\/index.php\/wp-json\/wp\/v2\/media\/195792"}],"wp:attachment":[{"href":"http:\/\/www.tvturk.com\/index.php\/wp-json\/wp\/v2\/media?parent=195791"}],"wp:term":[{"taxonomy":"category","embeddable":true,"href":"http:\/\/www.tvturk.com\/index.php\/wp-json\/wp\/v2\/categories?post=195791"},{"taxonomy":"post_tag","embeddable":true,"href":"http:\/\/www.tvturk.com\/index.php\/wp-json\/wp\/v2\/tags?post=195791"}],"curies":[{"name":"wp","href":"https:\/\/api.w.org\/{rel}","templated":true}]}}