{"id":195809,"date":"2019-08-25T15:31:40","date_gmt":"2019-08-25T12:31:40","guid":{"rendered":"http:\/\/www.tvturk.com\/index.php\/izmir-buyuksehir-belediyesi-karsiyaka-buyuklugundeki-alanin-yandigini-acikladi\/"},"modified":"2019-08-25T15:31:40","modified_gmt":"2019-08-25T12:31:40","slug":"izmir-buyuksehir-belediyesi-karsiyaka-buyuklugundeki-alanin-yandigini-acikladi","status":"publish","type":"post","link":"http:\/\/www.tvturk.com\/index.php\/izmir-buyuksehir-belediyesi-karsiyaka-buyuklugundeki-alanin-yandigini-acikladi\/","title":{"rendered":"\u0130zmir B\u00fcy\u00fck\u015fehir Belediyesi, Kar\u015f\u0131yaka b\u00fcy\u00fckl\u00fc\u011f\u00fcndeki alan\u0131n yand\u0131\u011f\u0131n\u0131 a\u00e7\u0131klad\u0131"},"content":{"rendered":"<p>\u0130zmir B\u00fcy\u00fck\u015fehir Belediyesi, ge\u00e7ti\u011fimiz g\u00fcnlerde meydana gelen orman yang\u0131n\u0131nda Kar\u015f\u0131yaka il\u00e7esi b\u00fcy\u00fckl\u00fc\u011f\u00fcndeki alan\u0131n yand\u0131\u011f\u0131n\u0131 a\u00e7\u0131klad\u0131.<\/p>\n<p>Ge\u00e7ti\u011fimiz g\u00fcnlerde \u0130zmir\u2019de meydana gelen orman yang\u0131n\u0131yla ilgili \u0130zmir B\u00fcy\u00fck\u015fehir Belediyesinden a\u00e7\u0131klama geldi. TMMOB Ziraat M\u00fchendisleri Odas\u0131 \u0130zmir \u015eubesinin yang\u0131n sonras\u0131nda alandan elde edilen uydu verilerini esas alarak yapt\u0131\u011f\u0131 hesaplamalara g\u00f6re \u00fc\u00e7 g\u00fcn s\u00fcren yang\u0131ndan 5 bin hektarl\u0131k alan\u0131n etkilendi\u011fi belirtildi. 3 bin 500 hektarl\u0131k alan\u0131n a\u011f\u0131r yan\u0131k s\u0131n\u0131f\u0131nda, kalan yakla\u015f\u0131k bin 500 hektarl\u0131k alan\u0131n ise ikinci derece yan\u0131k oldu\u011funun alt\u0131 \u00e7izildi.<\/p>\n<p>Bu hesaplama yakla\u015f\u0131k \u0130zmir\u2019in Kar\u015f\u0131yaka il\u00e7esi kadar (5 bin 110 hektar) alan\u0131n yand\u0131\u011f\u0131 anlam\u0131na geliyor. Yanan orman alan\u0131n\u0131n Bal\u00e7ova (2 bin 125 hektar), Bayrakl\u0131 (3 bin 426 hektar) ve Narl\u0131dere (4 bin 461 hektar) gibi il\u00e7elerin y\u00fcz\u00f6l\u00e7\u00fcmlerinden daha fazla oldu\u011funu g\u00f6zler \u00f6n\u00fcne seriyor. Ya\u015fanan felaket sonucunda yakla\u015f\u0131k iki Bal\u00e7ova il\u00e7esi veya Kar\u015f\u0131yaka b\u00fcy\u00fckl\u00fc\u011f\u00fcnde bir ormanl\u0131k alan\u0131n yand\u0131\u011f\u0131 ortaya \u00e7\u0131k\u0131yor.<\/p>\n<p>B\u00fcy\u00fck\u015fehir Belediye Meclisi yang\u0131n b\u00f6lgesinde toplanacak<\/p>\n<p>\u00d6te yandan \u0130zmir B\u00fcy\u00fck\u015fehir Belediyesi, yang\u0131n\u0131n yaralar\u0131n\u0131 sarmak i\u00e7in bir kampanya ba\u015flatt\u0131. \u0130zmir B\u00fcy\u00fck\u015fehir Belediye Ba\u015fkan\u0131 Tun\u00e7 Soyer, \u0130zmir B\u00fcy\u00fck\u015fehir Belediye Meclisini 30 A\u011fustos\u2019ta yang\u0131n yerinde ola\u011fan\u00fcst\u00fc toplanmaya, hem felaketi yerinde g\u00f6rmeye hem de gerekli kararlar\u0131 almaya davet edece\u011fini s\u00f6yledi. 9 Eyl\u00fcl\u2019de ise \u0130zmir\u2019de ormanlar\u0131n korunmas\u0131 i\u00e7in b\u00fcy\u00fck bir dayan\u0131\u015fma konseri d\u00fczenlenecek.<\/p>\n","protected":false},"excerpt":{"rendered":"<p>\u0130ZM\u0130R B\u00dcY\u00dcK\u015eEH\u0130R BELED\u0130YES\u0130, GE\u00c7T\u0130\u011e\u0130M\u0130Z G\u00dcNLERDE MEYDANA GELEN ORMAN YANGININDA KAR\u015eIYAKA \u0130L\u00c7ES\u0130 KADAR ALANIN YANDI\u011eI BEL\u0130RTT\u0130.<\/p>\n","protected":false},"author":1,"featured_media":195810,"comment_status":"closed","ping_status":"open","sticky":false,"template":"","format":"standard","meta":{"jetpack_post_was_ever_published":false,"_jetpack_newsletter_access":"","_jetpack_dont_email_post_to_subs":false,"_jetpack_newsletter_tier_id":0,"_jetpack_memberships_contains_paywalled_content":false,"_jetpack_memberships_contains_paid_content":false,"footnotes":"","jetpack_publicize_message":"","jetpack_publicize_feature_enabled":true,"jetpack_social_post_already_shared":true,"jetpack_social_options":{"image_generator_settings":{"template":"highway","default_image_id":0,"font":"","enabled":false},"version":2}},"categories":[1],"tags":[3699,49165,383,31409,191,2702,3878,49166],"class_list":["post-195809","post","type-post","status-publish","format-standard","has-post-thumbnail","hentry","category-genel","tag-acikladi","tag-alanin","tag-belediyesi","tag-buyuklugundeki","tag-buyuksehir","tag-izmir","tag-karsiyaka","tag-yandigini"],"jetpack_publicize_connections":[],"jetpack_featured_media_url":"https:\/\/i0.wp.com\/www.tvturk.com\/wp-content\/uploads\/2019\/08\/izmir-buyuksehir-belediyesi-karsiyaka-buyuklugundeki-alanin-yandigini-acikladi_ea18f00.jpg?fit=1000%2C666","jetpack_sharing_enabled":true,"jetpack_shortlink":"https:\/\/wp.me\/paKIfm-OWd","_links":{"self":[{"href":"http:\/\/www.tvturk.com\/index.php\/wp-json\/wp\/v2\/posts\/195809","targetHints":{"allow":["GET"]}}],"collection":[{"href":"http:\/\/www.tvturk.com\/index.php\/wp-json\/wp\/v2\/posts"}],"about":[{"href":"http:\/\/www.tvturk.com\/index.php\/wp-json\/wp\/v2\/types\/post"}],"author":[{"embeddable":true,"href":"http:\/\/www.tvturk.com\/index.php\/wp-json\/wp\/v2\/users\/1"}],"replies":[{"embeddable":true,"href":"http:\/\/www.tvturk.com\/index.php\/wp-json\/wp\/v2\/comments?post=195809"}],"version-history":[{"count":0,"href":"http:\/\/www.tvturk.com\/index.php\/wp-json\/wp\/v2\/posts\/195809\/revisions"}],"wp:featuredmedia":[{"embeddable":true,"href":"http:\/\/www.tvturk.com\/index.php\/wp-json\/wp\/v2\/media\/195810"}],"wp:attachment":[{"href":"http:\/\/www.tvturk.com\/index.php\/wp-json\/wp\/v2\/media?parent=195809"}],"wp:term":[{"taxonomy":"category","embeddable":true,"href":"http:\/\/www.tvturk.com\/index.php\/wp-json\/wp\/v2\/categories?post=195809"},{"taxonomy":"post_tag","embeddable":true,"href":"http:\/\/www.tvturk.com\/index.php\/wp-json\/wp\/v2\/tags?post=195809"}],"curies":[{"name":"wp","href":"https:\/\/api.w.org\/{rel}","templated":true}]}}