{"id":195813,"date":"2019-08-25T15:46:46","date_gmt":"2019-08-25T12:46:46","guid":{"rendered":"http:\/\/www.tvturk.com\/index.php\/acik-su-yuzme-sampiyonasi-nefesleri-kesti\/"},"modified":"2019-08-25T15:46:46","modified_gmt":"2019-08-25T12:46:46","slug":"acik-su-yuzme-sampiyonasi-nefesleri-kesti","status":"publish","type":"post","link":"http:\/\/www.tvturk.com\/index.php\/acik-su-yuzme-sampiyonasi-nefesleri-kesti\/","title":{"rendered":"A\u00e7\u0131k su y\u00fczme \u015fampiyonas\u0131, nefesleri kesti"},"content":{"rendered":"<p>Kocaeli\u2019nin Karam\u00fcrsel il\u00e7esinde bulunan Alt\u0131nkemer plaj\u0131ndan ger\u00e7ekle\u015ftirilen A\u00e7\u0131ksu Y\u00fczme \u015eampiyonas\u0131\u2019n\u0131n ikinci etab\u0131nda y\u00fczlerce sporcu, k\u0131yas\u0131ya m\u00fccadele etti.<\/p>\n<p>Kocaeli B\u00fcy\u00fck\u015fehir Belediyesi Gen\u00e7lik ve Spor Hizmetleri Dairesi Ba\u015fkanl\u0131\u011f\u0131\u2019n\u0131n organize etti\u011fi Kocaeli A\u00e7\u0131ksu Y\u00fczme \u015eampiyonas\u0131\u2019n\u0131n ikinci etab\u0131 Karam\u00fcrsel il\u00e7esinde bulunan Alt\u0131nkemer plaj\u0131nda yap\u0131ld\u0131. Ge\u00e7ti\u011fimiz ay Kand\u0131ra il\u00e7esinde yap\u0131lan birinci etab\u0131na toplam 523 sporcu kat\u0131l\u0131m g\u00f6sterirken Karam\u00fcrsel etab\u0131nda ise 290 yar\u0131\u015fmac\u0131 k\u0131yas\u0131ya m\u00fccadele etti. Y\u00fczlerce sporcunun k\u0131yas\u0131ya m\u00fccadele etti\u011fi \u015fampiyonaya Karam\u00fcrsel Kaymakam\u0131 Ahmet Narino\u011flu, Kocaeli B\u00fcy\u00fck\u015fehir Belediye Ba\u015fkan Vekili Ya\u015far \u00c7akmak, Karam\u00fcrsel Belediye Ba\u015fkan\u0131 \u0130smail Y\u0131ld\u0131r\u0131m, Kocaeli Gen\u00e7lik ve Spor \u0130l M\u00fcd\u00fcr\u00fc Muzaffer \u00c7intimar ve vatanda\u015flar kat\u0131ld\u0131.<\/p>\n<p>Y\u00fczlerce gen\u00e7 sporcunun kula\u00e7 att\u0131\u011f\u0131 yar\u0131\u015flar nefes kesti<\/p>\n<p>\u0130lginin yo\u011fun oldu\u011fu \u015fampiyonan\u0131n Karam\u00fcrsel etab\u0131nda, Kocaelili sporcular\u0131n yan\u0131 s\u0131ra il d\u0131\u015f\u0131nda da \u00e7ok say\u0131da y\u00fcz\u00fcc\u00fc yer ald\u0131. 12 kategoride d\u00fczenlenen yar\u0131\u015flara 11 ya\u015f, 12 ya\u015f,13 ya\u015f, 14-15 ya\u015f, 16- 17 ya\u015f, 18-19 ya\u015f gruplar\u0131ndan k\u0131z ve erkek y\u00fcz\u00fcc\u00fcler kat\u0131ld\u0131. Protokol \u00fcyelerinin start vermesi ile ba\u015flayan yar\u0131\u015flarda gen\u00e7 sporcular, dereceye girebilmek i\u00e7in k\u0131yas\u0131ya yar\u0131\u015ft\u0131. Y\u00fczlerce sporcunun  y\u00fczlerce metre kula\u00e7 att\u0131\u011f\u0131 yar\u0131\u015f renkli g\u00f6r\u00fcnt\u00fclere sahne oldu.<\/p>\n<p>Dereceye girenlere madalyalar\u0131 verildi<\/p>\n<p>T\u00fcm kategorilerde yar\u0131\u015flar\u0131n bitmesinin ard\u0131ndan madalya t\u00f6renine ge\u00e7ildi. Dereceye giren y\u00fcz\u00fcc\u00fcler, Karam\u00fcrsel Kaymakam\u0131 Kocaeli B\u00fcy\u00fck\u015fehir Belediye Ba\u015fkan\u0131 vekili Ya\u015far \u00c7akmak, Karam\u00fcrsel Belediye Ba\u015fkan\u0131 \u0130smail Y\u0131ld\u0131r\u0131m, Gen\u00e7lik ve Spor Hizmetleri Dairesi Ba\u015fkan\u0131 Ali Bilgi ve m\u00fcd\u00fcrlerin elinden madalyalar\u0131n\u0131 ald\u0131. 11 ya\u015f erkekler bin metre serbest yar\u0131\u015f\u0131nda Ahmet \u00c7\u0131nar G\u00fcne\u015f, k\u0131zlar bin metre serbest Zeynep Kayranur Arslan birinci oldu. 12 ya\u015f sonu\u00e7lar\u0131nda ise erkekler 2 bin metre serbest yar\u0131\u015f\u0131nda Atakan Ege Oku\u015flu, k\u0131zlar 2 bin metre serbest yar\u0131\u015f\u0131nda Tuna Erdo\u011fan birinci oldu. 13-19 ya\u015flar\u0131 aras\u0131 erkekler 3 bin metre serbest yar\u0131\u015fmas\u0131nda Alp Eren Bakkurt birinci olurken k\u0131zlar 3 bin metre serbest yar\u0131\u015f\u0131nda Beril Ceren \u00d6zt\u00fcrk yar\u0131\u015fmay\u0131 birinci tamamlad\u0131.<\/p>\n","protected":false},"excerpt":{"rendered":"<p>KOCAEL\u0130\u2019N\u0130N KARAM\u00dcRSEL \u0130L\u00c7ES\u0130NDE GER\u00c7EKLE\u015eT\u0130R\u0130LEN A\u00c7IKSU Y\u00dcZME \u015eAMP\u0130YONASININ \u0130K\u0130NC\u0130 ETABINDA Y\u00dcZLERCE SPORCU,  KIYASIYA M\u00dcCADELE ETT\u0130.<\/p>\n","protected":false},"author":1,"featured_media":195814,"comment_status":"closed","ping_status":"open","sticky":false,"template":"","format":"standard","meta":{"jetpack_post_was_ever_published":false,"_jetpack_newsletter_access":"","_jetpack_dont_email_post_to_subs":false,"_jetpack_newsletter_tier_id":0,"_jetpack_memberships_contains_paywalled_content":false,"_jetpack_memberships_contains_paid_content":false,"footnotes":"","jetpack_publicize_message":"","jetpack_publicize_feature_enabled":true,"jetpack_social_post_already_shared":true,"jetpack_social_options":{"image_generator_settings":{"template":"highway","default_image_id":0,"font":"","enabled":false},"version":2}},"categories":[657],"tags":[9804,224,20579,395,4292],"class_list":["post-195813","post","type-post","status-publish","format-standard","has-post-thumbnail","hentry","category-spor","tag-acik","tag-kesti","tag-nefesleri","tag-sampiyonasi","tag-yuzme"],"jetpack_publicize_connections":[],"jetpack_featured_media_url":"https:\/\/i0.wp.com\/www.tvturk.com\/wp-content\/uploads\/2019\/08\/acik-su-yuzme-sampiyonasi-nefesleri-kesti_a22728b.jpg?fit=1000%2C562","jetpack_sharing_enabled":true,"jetpack_shortlink":"https:\/\/wp.me\/paKIfm-OWh","_links":{"self":[{"href":"http:\/\/www.tvturk.com\/index.php\/wp-json\/wp\/v2\/posts\/195813","targetHints":{"allow":["GET"]}}],"collection":[{"href":"http:\/\/www.tvturk.com\/index.php\/wp-json\/wp\/v2\/posts"}],"about":[{"href":"http:\/\/www.tvturk.com\/index.php\/wp-json\/wp\/v2\/types\/post"}],"author":[{"embeddable":true,"href":"http:\/\/www.tvturk.com\/index.php\/wp-json\/wp\/v2\/users\/1"}],"replies":[{"embeddable":true,"href":"http:\/\/www.tvturk.com\/index.php\/wp-json\/wp\/v2\/comments?post=195813"}],"version-history":[{"count":0,"href":"http:\/\/www.tvturk.com\/index.php\/wp-json\/wp\/v2\/posts\/195813\/revisions"}],"wp:featuredmedia":[{"embeddable":true,"href":"http:\/\/www.tvturk.com\/index.php\/wp-json\/wp\/v2\/media\/195814"}],"wp:attachment":[{"href":"http:\/\/www.tvturk.com\/index.php\/wp-json\/wp\/v2\/media?parent=195813"}],"wp:term":[{"taxonomy":"category","embeddable":true,"href":"http:\/\/www.tvturk.com\/index.php\/wp-json\/wp\/v2\/categories?post=195813"},{"taxonomy":"post_tag","embeddable":true,"href":"http:\/\/www.tvturk.com\/index.php\/wp-json\/wp\/v2\/tags?post=195813"}],"curies":[{"name":"wp","href":"https:\/\/api.w.org\/{rel}","templated":true}]}}