{"id":195849,"date":"2019-08-25T17:32:07","date_gmt":"2019-08-25T14:32:07","guid":{"rendered":"http:\/\/www.tvturk.com\/index.php\/adil-rami-fenerbahce-icin-istanbulda\/"},"modified":"2019-08-25T17:32:07","modified_gmt":"2019-08-25T14:32:07","slug":"adil-rami-fenerbahce-icin-istanbulda","status":"publish","type":"post","link":"http:\/\/www.tvturk.com\/index.php\/adil-rami-fenerbahce-icin-istanbulda\/","title":{"rendered":"Adil Rami Fenerbah\u00e7e i\u00e7in \u0130stanbul\u2019da"},"content":{"rendered":"<p>Frans\u0131z savunma oyuncusu Adil Rami, Fenerbah\u00e7e ile transfer g\u00f6r\u00fc\u015fmelerinde bulunmak \u00fczere \u0130stanbul\u2019a geldi. Havaliman\u0131nda bas\u0131n mensuplar\u0131na yapt\u0131\u011f\u0131 a\u00e7\u0131klamada sar\u0131-lacivertli taraftarlara \u00f6vg\u00fclerde bulunan Rami, &#8220;Taraftarlar \u00e7ok \u00e7\u0131lg\u0131n. Buray\u0131 biliyorum \u00e7\u00fcnk\u00fc uzun zaman \u00f6nce Fenerbah\u00e7e\u2019ye kar\u015f\u0131 oynad\u0131m. Daha \u00f6nce d\u00fcnyada b\u00f6yle bir taraftar hi\u00e7 g\u00f6rmedim&#8221; dedi.<\/p>\n<p>Fenerbah\u00e7e\u2019nin transfer g\u00f6r\u00fc\u015fmelerine ba\u015flayaca\u011f\u0131n\u0131 duyurdu\u011fu Frans\u0131z defans oyuncusu Adil Rami \u0130stanbul\u2019a geldi. T\u00fcrk Hava Yollar\u0131\u2019n\u0131n Fransa\u2019n\u0131n Marsilya kentinden kalkan u\u00e7a\u011f\u0131yla saat 16.00\u2019da \u0130stanbul Havaliman\u0131\u2019na ula\u015fan Rami, burada bas\u0131n mensuplar\u0131 taraf\u0131ndan g\u00f6r\u00fcnt\u00fclendi. Pasaport kontrol\u00fcnden ge\u00e7erek yurda giri\u015f yapan 33 ya\u015f\u0131ndaki oyuncu, burada bas\u0131n mensuplar\u0131na yapt\u0131\u011f\u0131 a\u00e7\u0131klamada, &#8220;Mutluyum, bu tak\u0131m\u0131 seviyorum. Bu tak\u0131mda \u00e7ok fazla karakter var. Taraftarlar \u00e7ok \u00e7\u0131lg\u0131n. Buray\u0131 biliyorum \u00e7\u00fcnk\u00fc uzun zaman \u00f6nce Fenerbah\u00e7e\u2019ye kar\u015f\u0131 oynad\u0131m. Daha \u00f6nce d\u00fcnyada b\u00f6yle bir taraftar hi\u00e7 g\u00f6rmedim&#8221; ifadelerine yer verdi ve daha sonra havaliman\u0131ndan ayr\u0131ld\u0131.<\/p>\n<p>Sa\u011fl\u0131k kontrollerinin ard\u0131ndan yap\u0131lacak g\u00f6r\u00fc\u015fmede anla\u015fma sa\u011flanmas\u0131 durumunda Adil Rami\u2019nin, kendisini Fenerbah\u00e7e\u2019ye ba\u011flayacak s\u00f6zle\u015fmeye imza atmas\u0131 bekleniyor.<\/p>\n","protected":false},"excerpt":{"rendered":"<p>FRANSIZ SAVUNMA OYUNCUSU AD\u0130L RAM\u0130, FENERBAH\u00c7E \u0130LE TRANSFER G\u00d6R\u00dc\u015eMELER\u0130NDE BULUNMAK \u00dcZERE \u0130STANBUL\u2019A GELD\u0130.<\/p>\n","protected":false},"author":1,"featured_media":195850,"comment_status":"closed","ping_status":"open","sticky":false,"template":"","format":"standard","meta":{"jetpack_post_was_ever_published":false,"_jetpack_newsletter_access":"","_jetpack_dont_email_post_to_subs":false,"_jetpack_newsletter_tier_id":0,"_jetpack_memberships_contains_paywalled_content":false,"_jetpack_memberships_contains_paid_content":false,"footnotes":"","jetpack_publicize_message":"","jetpack_publicize_feature_enabled":true,"jetpack_social_post_already_shared":true,"jetpack_social_options":{"image_generator_settings":{"template":"highway","default_image_id":0,"font":"","enabled":false},"version":2}},"categories":[657],"tags":[8118,2626,44,1268,23195],"class_list":["post-195849","post","type-post","status-publish","format-standard","has-post-thumbnail","hentry","category-spor","tag-adil","tag-fenerbahce","tag-icin","tag-istanbulda","tag-rami"],"jetpack_publicize_connections":[],"jetpack_featured_media_url":"https:\/\/i0.wp.com\/www.tvturk.com\/wp-content\/uploads\/2019\/08\/adil-rami-fenerbahce-icin-istanbulda_4b0af34.jpg?fit=1000%2C710","jetpack_sharing_enabled":true,"jetpack_shortlink":"https:\/\/wp.me\/paKIfm-OWR","_links":{"self":[{"href":"http:\/\/www.tvturk.com\/index.php\/wp-json\/wp\/v2\/posts\/195849","targetHints":{"allow":["GET"]}}],"collection":[{"href":"http:\/\/www.tvturk.com\/index.php\/wp-json\/wp\/v2\/posts"}],"about":[{"href":"http:\/\/www.tvturk.com\/index.php\/wp-json\/wp\/v2\/types\/post"}],"author":[{"embeddable":true,"href":"http:\/\/www.tvturk.com\/index.php\/wp-json\/wp\/v2\/users\/1"}],"replies":[{"embeddable":true,"href":"http:\/\/www.tvturk.com\/index.php\/wp-json\/wp\/v2\/comments?post=195849"}],"version-history":[{"count":0,"href":"http:\/\/www.tvturk.com\/index.php\/wp-json\/wp\/v2\/posts\/195849\/revisions"}],"wp:featuredmedia":[{"embeddable":true,"href":"http:\/\/www.tvturk.com\/index.php\/wp-json\/wp\/v2\/media\/195850"}],"wp:attachment":[{"href":"http:\/\/www.tvturk.com\/index.php\/wp-json\/wp\/v2\/media?parent=195849"}],"wp:term":[{"taxonomy":"category","embeddable":true,"href":"http:\/\/www.tvturk.com\/index.php\/wp-json\/wp\/v2\/categories?post=195849"},{"taxonomy":"post_tag","embeddable":true,"href":"http:\/\/www.tvturk.com\/index.php\/wp-json\/wp\/v2\/tags?post=195849"}],"curies":[{"name":"wp","href":"https:\/\/api.w.org\/{rel}","templated":true}]}}