{"id":195878,"date":"2019-08-25T19:46:28","date_gmt":"2019-08-25T16:46:28","guid":{"rendered":"http:\/\/www.tvturk.com\/index.php\/cumhurbaskani-erdogan-emine-bulut-hanimefendi-ile-ilgili-olay-yenilir-yutulur-bir-olay-degildir\/"},"modified":"2019-08-25T19:46:28","modified_gmt":"2019-08-25T16:46:28","slug":"cumhurbaskani-erdogan-emine-bulut-hanimefendi-ile-ilgili-olay-yenilir-yutulur-bir-olay-degildir","status":"publish","type":"post","link":"http:\/\/www.tvturk.com\/index.php\/cumhurbaskani-erdogan-emine-bulut-hanimefendi-ile-ilgili-olay-yenilir-yutulur-bir-olay-degildir\/","title":{"rendered":"Cumhurba\u015fkan\u0131 Erdo\u011fan: \u201cEmine Bulut han\u0131mefendi ile ilgili olay yenilir yutulur bir olay de\u011fildir\u201d"},"content":{"rendered":"<p>Cumhurba\u015fkan\u0131 Recep Tayyip Erdo\u011fan, \u201cDe\u011ferli karde\u015flerim idam kar\u0131n\u0131 ben Cumhurba\u015fkan\u0131 olarak tek ba\u015f\u0131na verme yetkim yok. Bu parlamentodan gelecek, parlamentodan geldi\u011fi zaman benim onaylama yetkim var. Parlamentodan \u00e7\u0131k\u0131p geldi\u011finde ben onaylayaca\u011f\u0131m\u0131 daha \u00f6nce size s\u00f6yledim zaten. Hele hele son Emine Bulut han\u0131mefendi ile ilgili olay yenilir yutulur bir olay de\u011fildir. Bu ciddi bir vah\u015fettir. Bu al\u00e7akl\u0131kt\u0131r. Bu adiliktir. Buna ne derseniz deyin az kal\u0131r. Onun i\u00e7inde ben babas\u0131yla da g\u00f6r\u00fc\u015ft\u00fcm. Ve tabi ki bunu vicdan\u0131m\u0131z\u0131n da kabul etmesi m\u00fcmk\u00fcn de\u011fil. Hukukunda bunu kabul etmesi m\u00fcmk\u00fcn de\u011fil\u201d dedi.<\/p>\n<p>Cumhurba\u015fkan\u0131 Recep Tayyip Erdo\u011fan, Trabzon\u2019da 15 Temmuz \u015eehitler ve H\u00fcrriyet Park\u0131\u2019nda toplu a\u00e7\u0131l\u0131\u015f t\u00f6renine kat\u0131ld\u0131. Toplam yat\u0131r\u0131m bedeli 1 milyar 365 milyon lira olan 216 projenin a\u00e7\u0131l\u0131\u015f\u0131n\u0131 ger\u00e7ekle\u015ftiren Cumhurba\u015fkan\u0131 Erdo\u011fan, konu\u015fmas\u0131na \u015fehitlere rahmet dileyerek ve \u2018Fatiha\u2019 okuyarak ba\u015flad\u0131. Cumhurba\u015fkan\u0131 Erdo\u011fan, \u201c\u00dclkemizin ve milletimiz bekas\u0131 i\u00e7in g\u00f6zlerini k\u0131rpmadan hayatlar\u0131n\u0131 feda eden Trabzonlu \u015fehidimize ve t\u00fcm \u015fehitlerimize Allah\u2019tan rahmet diliyorum. \u015eehitlerimizin ailelerine ve silah arkada\u015flar\u0131na ba\u015f sa\u011fl\u0131\u011f\u0131 diliyorum. Hi\u00e7bir \u015fehidimizin tek damla kan\u0131 hi\u00e7bir kahraman\u0131m\u0131z\u0131n fedakarl\u0131\u011f\u0131 Allah\u2019\u0131n izniyle bo\u015fa gitmemi\u015ftir. Gitmeyecektir. D\u00fcn ve bug\u00fcn 22 ter\u00f6risti i\u00e7eride ve d\u0131\u015far\u0131da \u00f6ld\u00fcrd\u00fck. Ahdimiz var. Kararl\u0131\u011f\u0131m\u0131z var. Ne dedik inlerine girece\u011fiz dedik. Girdik, giriyoruz. Askerimizle, polisimizle, g\u00fcvenlik korucular\u0131m\u0131zla, jandarmam\u0131zla da\u011f tepe demeden bu m\u00fccadeleyi s\u00fcrd\u00fcr\u00fcyoruz. Sonuna kadar s\u00fcrd\u00fcrece\u011fiz. S\u0131n\u0131rlar\u0131m\u0131z i\u00e7inde ve d\u0131\u015f\u0131nda g\u00f6rev yapan t\u00fcm g\u00fcvenlik g\u00fc\u00e7lerimize ba\u015far\u0131lar diliyorum. Rabbim hepsini muhafaza etsin\u201d ifadelerini kulland\u0131.<\/p>\n<p>\u201cBay Kemal sen bu ter\u00f6r \u00f6rg\u00fct\u00fcn\u00fcn mensuplar\u0131yla Ankara\u2019dan \u0130stanbul\u2019a y\u00fcr\u00fcyebilirsin.  Ama bizim bu ter\u00f6r \u00f6rg\u00fctlerinin temsilcileriyle en ufak bir dirsek temas\u0131m\u0131z olamaz\u201d diyen Cumhurba\u015fkan\u0131 Erdo\u011fan, \u201cPKK\u2019ya ter\u00f6r \u00f6rg\u00fct\u00fc diyemeyen meclisteki uzant\u0131lar\u0131na diyorum ki \u015fehirlerimizde sand\u0131klarda gereken dersi verelim. \u0130\u015fte buyurun Diyarbak\u0131r, Mardin, Van burada belediye ba\u015fkanlar\u0131n\u0131 idari bir kararla g\u00f6revden ald\u0131k. Zira benim milletimin al\u0131n terinden \u00f6dedi\u011fi vergilerle oralara g\u00f6nderilen paray\u0131 kalk\u0131p da Kandil\u2019e, ter\u00f6r \u00f6rg\u00fctlerine g\u00f6nderenlere hi\u00e7bir zaman biz g\u00f6rmemezlikten gelemez onlar\u0131 kap\u0131ya koyar\u0131z. \u015euanda koyduk. Ama CHP \u00e7\u0131k\u0131yor bu hak ve \u00f6zg\u00fcrl\u00fcklere, demokrasiye ayk\u0131r\u0131d\u0131r diyor. Bay Kemal sen bu ter\u00f6r \u00f6rg\u00fct\u00fcn\u00fcn mensuplar\u0131yla Ankara\u2019dan \u0130stanbul\u2019a y\u00fcr\u00fcyebilirsin. Ama bizim bu ter\u00f6r \u00f6rg\u00fctlerinin temsilcileriyle en ufak bir dirsek temas\u0131m\u0131z olamaz. Cumhurba\u015fkan\u0131 olarak bug\u00fcne kadar hi\u00e7bir davetime bunlar\u0131 asla davet etmedim. Etmem. \u00c7\u00fcnk\u00fc sizler bana bu g\u00f6revi \u00f6yle verdiniz\u201d \u015feklinde konu\u015ftu.<\/p>\n<p>Fatih\u2019in emaneti olan \u0130stanbul\u2019a hep beraber sahip \u00e7\u0131k\u0131laca\u011f\u0131n\u0131 dile getiren Cumhurba\u015fkan\u0131 Erdo\u011fan, \u201cLafla peynir gemisi y\u00fcr\u00fcmez. A\u015fk\u0131 ve davas\u0131 olmayanlar \u015fehir felaket pen\u00e7esinde k\u0131vran\u0131rken \u00f6nceli\u011fini tatile verebilir i\u015fte \u0130stanbul bunu ya\u015fad\u0131. T\u0131pk\u0131 Trabzon gibi Fatih\u2019in emaneti olan \u0130stanbul\u2019a hep birlikte sahip \u00e7\u0131kaca\u011f\u0131z. \u0130stanbul\u2019da ya\u015fayan Karadeniz karde\u015flerim ba\u015fta olmak \u00fczere t\u00fcm hem\u015ferilerimizle bu aziz \u015fehrin b\u00f6l\u00fcc\u00fc \u00f6rg\u00fct\u00fcn destek\u00e7ilerine pe\u015fke\u015f \u00e7ekilmesine mani olaca\u011f\u0131z. Unutmay\u0131n\u0131z Trabzon ne kadar g\u00fc\u00e7l\u00fc olursa T\u00fcrkiye\u2019de o kadar g\u00fc\u00e7l\u00fc olur. Trabzonlu \u00fclkesine ve milletine ne kadar s\u0131k\u0131 sahip \u00e7\u0131karsa bu azim ve kararl\u0131l\u0131k dalga dalga 82 milyonun tamam\u0131na yay\u0131l\u0131r\u201d diye konu\u015ftu.<\/p>\n<p>\u201c\u00c7arp\u0131k siyasi anlay\u0131\u015f\u0131n\u0131n en ba\u015f\u0131nda CHP\u2019li ile HDP yer al\u0131yor\u201d<\/p>\n<p>\u00c7arp\u0131k siyasi anlay\u0131\u015f\u0131n\u0131n en ba\u015f\u0131nda CHP ve HDP\u2019nin yer ald\u0131\u011f\u0131n\u0131 kaydeden Cumhurba\u015fkan\u0131 Erdo\u011fan, \u201cSiyaset \u00fclkeye ve millete hizmet i\u00e7in t\u00fcm g\u00fcc\u00fcm\u00fcz birikiminiz kabiliyetinizle \u00e7al\u0131\u015fmay\u0131 gerektirir. \u00d6nce Allah\u2019\u0131n r\u0131zas\u0131n\u0131 onunla birlikte milletin deste\u011fini kazanmay\u0131 gaye edinemeyen hi\u00e7bir siyasi \u00e7aba sayg\u0131ya lay\u0131k de\u011fildir. \u00dclkemizin ve milletimizin menfaatleri s\u00f6z konusu oldu\u011funda bizim i\u00e7in g\u00fcnl\u00fck siyasetin t\u00fcm farkl\u0131l\u0131klar\u0131 sona erer. S\u0131n\u0131rlar\u0131m\u0131z\u0131n i\u00e7inde hangi m\u00fccadeleyi y\u00fcr\u00fct\u00fcyoruz buna bakal\u0131m. D\u0131\u015far\u0131ya kar\u015f\u0131 s\u0131k\u0131lm\u0131\u015f yumruk gibi bir ve beraber hareket edece\u011fiz. Biz ilk gen\u00e7lik y\u0131llar\u0131m\u0131zdan beri siyaseti b\u00f6yle bildik b\u00f6yle yapt\u0131k. AK Parti\u2019yi de i\u015fte bu anlay\u0131\u015fta kadro ile kurduk. Partimizin kurulu\u015funun 18. y\u0131l d\u00f6n\u00fcm\u00fcn\u00fc geride b\u0131rakt\u0131\u011f\u0131m\u0131z \u015fu d\u00f6nemde niye ayn\u0131 anlay\u0131\u015fla \u00e7al\u0131\u015fmaya devam ediyoruz. Bug\u00fcn T\u00fcrkiye\u2019nin hepsi de birbiriyle yak\u0131ndan ili\u015fkili ter\u00f6rle m\u00fccadele meselesi var. Bug\u00fcn T\u00fcrkiye\u2019nin kara, deniz ve hava s\u0131n\u0131rlar\u0131na y\u00f6nelik tehditler hatta tacizler var. Bug\u00fcn T\u00fcrkiye\u2019nin g\u00fcvenlikten, ekonomiye kadar her alanda egemenli\u011fine y\u00f6nelik sald\u0131r\u0131lar var. Bug\u00fcn T\u00fcrkiye\u2019nin tek millet, bayrak, vatan, devlet bu \u015fekilde ifade etti\u011fimiz hayati bir \u00f6nceli\u011fi var. B\u00f6yleyse bir, iri, diri, karde\u015f olaca\u011f\u0131z tek birlikte T\u00fcrkiye olaca\u011f\u0131z. \u0130\u015fte \u00fclkemizin ya\u015fad\u0131\u011f\u0131 ve ya\u015famak istedi\u011fi ger\u00e7ek budur. Bunlar \u00fclkemizin havas\u0131n\u0131 soluyan, ekme\u011fini yiyen, imkanlar\u0131ndan istifade eden hi\u00e7 kimsenin kar\u015f\u0131 \u00e7\u0131kamayaca\u011f\u0131n\u0131 ba\u015fl\u0131klard\u0131r. Ama maalesef bu \u00fclkede toplu i\u011fne ba\u015f\u0131 kadar bir \u00e7\u0131kar i\u00e7in t\u00fcm bunlar\u0131 \u00e7i\u011fneyip ge\u00e7ebilecek bir siyasi anlay\u0131\u015f t\u00fcremi\u015ftir. Bu \u00e7arp\u0131k siyasi anlay\u0131\u015f\u0131n\u0131n en ba\u015f\u0131nda CHP ile HDP yer al\u0131yor. Hadi HDP kendini ter\u00f6r \u00f6rg\u00fct\u00fcn\u00fcn g\u00fcd\u00fcm\u00fcnden kurtaramad\u0131\u011f\u0131 i\u00e7in hi\u00e7bir zaman ger\u00e7ek anlamda siyasi parti haline gelememi\u015f. HDP\u2019den PKK\u2019n\u0131n ter\u00f6r \u00f6rg\u00fct\u00fc oldu\u011funu duydunuz mu? Soruyorum duydunuz mu? Devaml\u0131 destek. Lafa geldi\u011finde ge\u00e7mi\u015fini Cumhuriyet ile ya\u015f\u0131t tutan CHP\u2019ye ne oluyor. T\u00fcrkiye\u2019ye y\u00f6nelik her tehdit ayn\u0131 zamanda Cumhuriyeti hedef alm\u0131yor mu? T\u00fcrk milletimizin \u00e7\u0131karlar\u0131na verilen her zarar ayn\u0131 zamanda Cumhuriyete ad\u0131na veren cumhuru etkilemiyor mu? \u00d6yleyse bu aymazl\u0131k, bu gaflet, bu riyakarl\u0131k niye. T\u00fcrkiye ter\u00f6r \u00f6rg\u00fctleri ile m\u00fccadele ediyor. Bu parti milletvekillerden, genel ba\u015fkan\u0131na kadar t\u00fcm kadro ter\u00f6r \u00f6rg\u00fctlerinin a\u011fz\u0131yla konu\u015fuyor. T\u00fcrkiye FET\u00d6 ter\u00f6r \u00f6rg\u00fct\u00fcn\u00fcn i\u015fgal giri\u015fimine maruz kal\u0131yor ayn\u0131 kadro yine ter\u00f6ristlerle birlikte hain darbe giri\u015fimini \u00f6nemsizle\u015ftirmeye \u00e7al\u0131\u015f\u0131yor. T\u00fcrkiye DAE\u015e\u2019e kar\u015f\u0131 hi\u00e7 kimsenin vermedi\u011fi kararl\u0131 ve etkin m\u00fccadele y\u00fcr\u00fct\u00fcyor, bu kadro \u00fclkemizi DAE\u015e ile ayn\u0131 \u00e7izgide g\u00f6stermek i\u00e7in kampanya y\u00fcr\u00fct\u00fcyor. T\u00fcrkiye PKK\u2019n\u0131n Suriye\u2019deki uzant\u0131lar\u0131na kar\u015f\u0131 ad\u0131m at\u0131yor, bu kadro koro halinde PYD\u2019yi savunmaya ba\u015fl\u0131yor. Bay Kemal Ortado\u011fu\u2019da ne i\u015fimiz var diyor. Bu insanlar Trabzon\u2019a geldi\u011fi zaman benim hem\u015fehrilerimiz buna ne diyecek. T\u00fcrkiye ekonomik tuzaklarla bo\u011fu\u015furken bunlar \u00fclkemiz ekonomisini \u00e7\u00f6ks\u00fcn, her \u015fey yerle ihsan olsun diye ellerini ovu\u015fturuyor\u201d ifadelerini kulland\u0131.<\/p>\n<p>\u201cCHP y\u00f6netimine evlatlar\u0131na utan\u00e7 de\u011fil \u015feref miras\u0131 b\u0131rakmalar\u0131 \u00e7a\u011fr\u0131s\u0131nda bulunuyorum\u201d<\/p>\n<p>\u201cCHP\u2019den tek istedi\u011fimiz kendi g\u00fcn\u00fc birlik menfaatlerini de\u011fil vatan\u0131n tamam\u0131n\u0131n \u00e7\u0131karlar\u0131n\u0131 savunmal\u0131, milletimizden bu partiyi yerli ve milli duru\u015f konusunda yak\u0131ndan takip etmesini daha \u00e7ok yalpalamas\u0131 halinde ise hak etti\u011fi dersi ilk se\u00e7imlerde sand\u0131kta vermesini istiyorum\u201d diyen Cumhurba\u015fkan\u0131 Erdo\u011fan, \u201cTrabzon\u2019dan sesleniyorum ey CHP sen kimin yan\u0131ndas\u0131n. Kimin taraf\u0131ndas\u0131n. E\u011fer T\u00fcrkiye\u2019nin yan\u0131nda oldu\u011funu s\u00f6yl\u00fcyorsan o zaman ter\u00f6r \u00f6rg\u00fctleri ba\u015fta olmak \u00fczere milletimize d\u00fc\u015fmanl\u0131k edenlerin yan\u0131nda ne i\u015fin var. Televizyonlar, yaz\u0131l\u0131 bas\u0131n haftalard\u0131r bizim gemilerimizin Do\u011fu Akdeniz\u2019deki duru\u015funu g\u00f6steriyor. Demek ki g\u00f6rm\u00fcyor. T\u00fcrkiye\u2019nin Irak\u2019ta, Suriye\u2019de t\u00fcm Akdeniz hatt\u0131nda Karadeniz\u2019de Balkanlarda Avrupa\u2019da ve d\u00fcnyan\u0131n d\u00f6rt bir yan\u0131nda y\u00fcr\u00fctt\u00fc\u011f\u00fc m\u00fccadelelerle a\u011fz\u0131ndan ni\u00e7in hay\u0131rl\u0131 bir laf \u00e7\u0131km\u0131yor. Ya sessiz kalarak ya da kar\u015f\u0131m\u0131zdakilerin a\u011fz\u0131yla konu\u015farak bu \u00fclkenin ve milletin partisi oldu\u011funu nas\u0131l iddia edebiliyorsun. Milletimiz sizden istiklalimizi ve istikbalimizi ilgilendiren konularda yuvarl\u0131k laflar de\u011fil, delikanl\u0131ca tav\u0131r g\u00f6stermenizi bekliyor. CHP y\u00f6netimine evlatlar\u0131na utan\u00e7 de\u011fil \u015feref miras\u0131 b\u0131rakmalar\u0131 \u00e7a\u011fr\u0131s\u0131nda bulunuyorum. Kazand\u0131\u011f\u0131n\u0131z 3-5 belediye size yan\u0131ltmas\u0131n 1989\u2019\u00fc ve ard\u0131ndan 1994\u2019\u00fc hat\u0131rlay\u0131n. 1991\u2019i ve ard\u0131ndan 1995\u2019i ve sonras\u0131nda 2002\u2019yi hat\u0131rlay\u0131n. Bu millet f\u0131rsat verir ama de\u011ferlendiremedi\u011finizde daha beter bir \u015fekilde onu geri almas\u0131n\u0131 da bilir. Madem Gazi Mustafa Kemal\u2019in miras\u0131na sahip \u00e7\u0131kt\u0131\u011f\u0131n\u0131z\u0131 ilan ediyorsun. \u00d6yleyse onun \u015fu s\u00f6z\u00fcn\u00fc unutmay\u0131n, \u2018hatt\u0131 m\u00fcdafaa yoktur sath\u0131 m\u00fcdafaa vard\u0131r\u2019 o sath\u0131 b\u00fct\u00fcn vatand\u0131r. CHP\u2019den tek istedi\u011fimiz kendi g\u00fcn\u00fc birlik menfaatlerini de\u011fil vatan\u0131n tamam\u0131n\u0131n \u00e7\u0131karlar\u0131n\u0131 savunmal\u0131, milletimizden bu partiyi yerli ve milli duru\u015f konusunda yak\u0131ndan takip etmesini daha \u00e7ok yalpalamas\u0131 halinde ise hak etti\u011fi dersi ilk se\u00e7imlerde sand\u0131kta vermesini istiyorum\u201d dedi.<\/p>\n<p>\u201cT\u00fcrkiye\u2019yi hedeflerine ula\u015ft\u0131rma yolundan sapmad\u0131k\u201d<\/p>\n<p>\u201c\u00dclkemiz bu 17 y\u0131ll\u0131k d\u00f6nemi elbette dikensiz g\u00fcl bah\u00e7esi misali ile ya\u015famam\u0131\u015ft\u0131r\u201d diyen Cumhurba\u015fkan\u0131 Erdo\u011fan, \u201cKarde\u015flerim AK Parti\u2019nin ge\u00e7ti\u011fimiz 17 y\u0131lda T\u00fcrkiye\u2019yi nereden nereye getirdi\u011finin en yak\u0131n \u015fahidi sizlersiniz. \u00dclkemiz bu 17 y\u0131ll\u0131k d\u00f6nemi elbette dikensiz g\u00fcl bah\u00e7esi misali ile ya\u015famam\u0131\u015ft\u0131r. Her d\u00f6nemde kar\u015f\u0131m\u0131za bir ba\u015fka sorun bir ba\u015fka engel bir ba\u015fka sald\u0131r\u0131 bir ba\u015fka tuzak \u00e7\u0131km\u0131\u015ft\u0131r. Davan\u0131z hakl\u0131ysa a\u015f\u0131r ve dirayetle arkas\u0131nda durursan\u0131z i\u015fte b\u00f6yle eninde sonunda eme\u011finiz kar\u015f\u0131l\u0131\u011f\u0131n\u0131 da al\u0131yorsunuz demektir. De\u011ferli karde\u015flerim bu dava buras\u0131 \u00e7ok \u00f6nemli Ermeni iddialar\u0131n\u0131n tarih\u00e7iler taraf\u0131ndan tart\u0131\u015f\u0131lmas\u0131 gerekti\u011fi tezimizin hakl\u0131l\u0131\u011f\u0131n\u0131 da ortaya koymu\u015ftur. Hamd olsun bizim tarih \u00f6n\u00fcnde aln\u0131m\u0131z akt\u0131r. Bunun yan\u0131nda di\u011fer t\u00fcm hususlarda da \u00f6n\u00fcm\u00fcze ne \u00e7\u0131karsa \u00e7\u0131ks\u0131n hi\u00e7bir zaman milletimize hizmet etme, \u00fclkemize eser kazand\u0131rma T\u00fcrkiye\u2019yi hedeflerine ula\u015ft\u0131rma yolundan sapmad\u0131k. Bir yandan \u015fahs\u0131m\u0131za partimize, \u00fclkemize y\u00f6nelik sald\u0131r\u0131larla u\u011fra\u015ft\u0131k bir yandan da her biri di\u011ferinden b\u00fcy\u00fck projeleri hayata ge\u00e7irdik. Bug\u00fcn de s\u0131n\u0131rlar\u0131m\u0131z boyunca kurulmaya \u00e7al\u0131\u015f\u0131lan ter\u00f6r koridorlar\u0131n\u0131 param par\u00e7a ederken, ekonomimize tak\u0131lan \u00e7elmeleri savu\u015ftururken aleyhimize yaz\u0131lan senaryolar\u0131 bo\u015fa \u00e7\u0131kar\u0131rken her alanda hizmet \u00e7ark\u0131n\u0131 kesintisiz i\u015fletiyoruz. D\u00fcn Yusufeli Baraj\u0131\u2019n\u0131 ziyaret ettim. \u00dclkemizin en b\u00fcy\u00fck d\u00fcnyan\u0131n \u00fc\u00e7\u00fcnc\u00fc b\u00fcy\u00fck baraj\u0131n\u0131n in\u015faat\u0131nda y\u00fczde 70\u2019in \u00fczerine \u00e7\u0131k\u0131ld\u0131\u011f\u0131n\u0131 g\u00f6rd\u00fck. \u00d6n\u00fcm\u00fczdeki y\u0131l in\u015fallah bitiyor ve su tutmaya ba\u015flayaca\u011f\u0131z. Ovit T\u00fcneli ve Zigana T\u00fcneli\u2019yle Karadeniz\u2019i \u00fclkemizin g\u00fcneyi ile ticari entegrasyonunu sa\u011fl\u0131yoruz. Ayn\u0131 \u015fekilde ge\u00e7ti\u011fimiz y\u0131l resmen bu y\u0131l\u0131n Nisan ay\u0131nda tam kapasite ile hizmete a\u00e7t\u0131\u011f\u0131m\u0131z y\u0131lda 90 milyon yolcu kapasiteli \u0130stanbul Havaliman\u0131 d\u00fcnyan\u0131n en b\u00fcy\u00fcklerinden biri olarak faaliyet g\u00f6steriyor.  Havaliman\u0131ndaki in\u015faat \u00e7al\u0131\u015fmalar\u0131 daha uzun y\u0131llar s\u00fcrecek ve kapasitesi gerekti\u011finde 200 milyona kadar \u00e7\u0131kabilecek. \u0130stanbul, Bursa, Bal\u0131kesir, Manisa, \u0130zmir otoyolunun 426 kilometre a\u00e7\u0131l\u0131\u015f\u0131n\u0131 yapt\u0131m. Ve kurban bayram\u0131ndan \u00f6nce t\u00fcm halk\u0131m vatanda\u015flar\u0131m art\u0131k bu yolu kullanmaya ba\u015flad\u0131. Bilmiyorum ge\u00e7enleriniz oldu mu? Ma\u015fallah te\u015fekk\u00fcrler geldi\u201d \u015feklinde konu\u015ftu.<\/p>\n<p>\u201cEmine Bulut han\u0131mefendi ile ilgili olay yenilir yutulur bir olay de\u011fildir\u201d<\/p>\n<p>Emine Bulut cinayetine tepki g\u00f6steren Cumhurba\u015fkan\u0131 Erdo\u011fan, \u201cDe\u011ferli karde\u015flerim idam kar\u0131n\u0131 ben Cumhurba\u015fkan\u0131 olarak tek ba\u015f\u0131na verme yetkim yok. Bu parlamentodan gelecek, parlamentodan geldi\u011fi zaman benim onaylama yetkim var. Parlamentodan \u00e7\u0131k\u0131p geldi\u011finde ben onaylayaca\u011f\u0131m\u0131 daha \u00f6nce size s\u00f6yledim zaten. Hele hele son Emine Bulut han\u0131mefendi ile ilgili olay yenilir yutulur bir olay de\u011fildir. Bu ciddi bir vah\u015fettir. Bu al\u00e7akl\u0131kt\u0131r. Bu adiliktir. Buna ne derseniz deyin az kal\u0131r. Onun i\u00e7inde ben babas\u0131yla da g\u00f6r\u00fc\u015ft\u00fcm. Ve tabi ki bunu vicdan\u0131m\u0131z\u0131n da kabul etmesi m\u00fcmk\u00fcn de\u011fil. Hukukunda bunu kabul etmesi m\u00fcmk\u00fcn de\u011fil\u201d ifadelerini kulland\u0131.<\/p>\n","protected":false},"excerpt":{"rendered":"<p>CUMHURBA\u015eKANI RECEP TAYY\u0130P ERDO\u011eAN, TRABZON\u2019DA 15 TEMMUZ \u015eEH\u0130TLER VE H\u00dcRR\u0130YET PARKI\u2019NDA TOPLU A\u00c7ILI\u015e T\u00d6REN\u0130NE KATILDI.<\/p>\n","protected":false},"author":1,"featured_media":195879,"comment_status":"closed","ping_status":"open","sticky":false,"template":"","format":"standard","meta":{"jetpack_post_was_ever_published":false,"_jetpack_newsletter_access":"","_jetpack_dont_email_post_to_subs":false,"_jetpack_newsletter_tier_id":0,"_jetpack_memberships_contains_paywalled_content":false,"_jetpack_memberships_contains_paid_content":false,"footnotes":"","jetpack_publicize_message":"","jetpack_publicize_feature_enabled":true,"jetpack_social_post_already_shared":true,"jetpack_social_options":{"image_generator_settings":{"template":"highway","default_image_id":0,"font":"","enabled":false},"version":2}},"categories":[1],"tags":[125,8519,503,3932,3444,649,49184,192,3012,1793,49185,49186],"class_list":["post-195878","post","type-post","status-publish","format-standard","has-post-thumbnail","hentry","category-genel","tag-bir","tag-bulut","tag-cumhurbaskani","tag-degildir","tag-emine","tag-erdogan","tag-hanimefendi","tag-ile","tag-ilgili","tag-olay","tag-yenilir","tag-yutulur"],"jetpack_publicize_connections":[],"jetpack_featured_media_url":"https:\/\/i0.wp.com\/www.tvturk.com\/wp-content\/uploads\/2019\/08\/cumhurbaskani-erdogan-emine-bulut-hanimefendi-ile-ilgili-olay-yenilir-yutulur-bir-olay-degildir_593a8a3.jpg?fit=1000%2C661","jetpack_sharing_enabled":true,"jetpack_shortlink":"https:\/\/wp.me\/paKIfm-OXk","_links":{"self":[{"href":"http:\/\/www.tvturk.com\/index.php\/wp-json\/wp\/v2\/posts\/195878","targetHints":{"allow":["GET"]}}],"collection":[{"href":"http:\/\/www.tvturk.com\/index.php\/wp-json\/wp\/v2\/posts"}],"about":[{"href":"http:\/\/www.tvturk.com\/index.php\/wp-json\/wp\/v2\/types\/post"}],"author":[{"embeddable":true,"href":"http:\/\/www.tvturk.com\/index.php\/wp-json\/wp\/v2\/users\/1"}],"replies":[{"embeddable":true,"href":"http:\/\/www.tvturk.com\/index.php\/wp-json\/wp\/v2\/comments?post=195878"}],"version-history":[{"count":0,"href":"http:\/\/www.tvturk.com\/index.php\/wp-json\/wp\/v2\/posts\/195878\/revisions"}],"wp:featuredmedia":[{"embeddable":true,"href":"http:\/\/www.tvturk.com\/index.php\/wp-json\/wp\/v2\/media\/195879"}],"wp:attachment":[{"href":"http:\/\/www.tvturk.com\/index.php\/wp-json\/wp\/v2\/media?parent=195878"}],"wp:term":[{"taxonomy":"category","embeddable":true,"href":"http:\/\/www.tvturk.com\/index.php\/wp-json\/wp\/v2\/categories?post=195878"},{"taxonomy":"post_tag","embeddable":true,"href":"http:\/\/www.tvturk.com\/index.php\/wp-json\/wp\/v2\/tags?post=195878"}],"curies":[{"name":"wp","href":"https:\/\/api.w.org\/{rel}","templated":true}]}}