{"id":195886,"date":"2019-08-25T20:32:14","date_gmt":"2019-08-25T17:32:14","guid":{"rendered":"http:\/\/www.tvturk.com\/index.php\/super-lig-caykur-rizespor-0-demir-grup-sivasspor-0-ilk-yari\/"},"modified":"2019-08-25T20:32:14","modified_gmt":"2019-08-25T17:32:14","slug":"super-lig-caykur-rizespor-0-demir-grup-sivasspor-0-ilk-yari","status":"publish","type":"post","link":"http:\/\/www.tvturk.com\/index.php\/super-lig-caykur-rizespor-0-demir-grup-sivasspor-0-ilk-yari\/","title":{"rendered":"S\u00fcper Lig: \u00c7aykur Rizespor: 0 &#8211; Demir Grup Sivasspor: 0 (\u0130lk yar\u0131)"},"content":{"rendered":"<p>S\u00fcper Lig\u2019in 2. haftas\u0131nda \u00c7aykur Rizespor evinde Demir Grup Sivassporu a\u011f\u0131rlad\u0131. M\u00fcsabaka \u00f6ncesinde iki tak\u0131m sahaya kad\u0131na \u015fiddete dikkat \u00e7ekmek i\u00e7in \u00fczerinde yaz\u0131 bulunmayan siyah bir pankartla \u00e7\u0131kt\u0131. Kar\u015f\u0131la\u015fman\u0131n ilk yar\u0131s\u0131 0-0 berabere tamamland\u0131.<\/p>\n<p>\u00d6te yandan 2018-2019 sezonunun son haftas\u0131nda \u00c7aykur Rizespor\u2019un Trabzonspor\u2019u a\u011f\u0131rlad\u0131\u011f\u0131 kar\u015f\u0131la\u015fma da 4 bin 578 ki\u015fi m\u00fcsabakadan uzakla\u015ft\u0131rma cezas\u0131 ald\u0131\u011f\u0131 i\u00e7in trib\u00fcnlerde yerini alamad\u0131.<\/p>\n<p>Ma\u00e7tan dakikalar (\u0130lk yar\u0131)<\/p>\n<p>7. dakikada Erdo\u011fan ceza sahas\u0131n\u0131n d\u0131\u015f\u0131nda topla bulu\u015ftu ve sol aya\u011f\u0131yla etkili bir \u015fut \u00e7ekti ancak Rizespor\u2019da kaleci G\u00f6khan gole izin vermedi.<\/p>\n<p>28. dakikada isabetli paslarla organize bir \u015fekilde rakip ceza sahas\u0131na giren Sivasspor\u2019da sa\u011f \u00e7aprazda topla bulu\u015fan Mert Hakan sa\u011f aya\u011f\u0131 ile sert bir \u015fut \u00e7\u0131kard\u0131 ama kaleci G\u00f6khan topu kontrol etmeyi ba\u015fard\u0131.<\/p>\n<p>37. dakikada \u00c7aykur Rizespor\u2019da De Pauw sol taraftan savunman\u0131n arkas\u0131na \u00e7\u0131kard\u0131\u011f\u0131 topu O\u011fulcan \u00f6nce Goiano\u2019dan kurtard\u0131 fakat kaleciyle kar\u015f\u0131 kar\u015f\u0131ya kald\u0131\u011f\u0131 pozisyonda yapt\u0131\u011f\u0131 vuru\u015fta top \u00fcstten auta gitti.<\/p>\n<p>Stat: \u00c7AYKUR Didi<\/p>\n<p>Hakemler: F\u0131rat Ayd\u0131nus xx, Aleks Ta\u015f\u00e7\u0131o\u011flu xx, Erdem Bay\u0131k xx<\/p>\n<p>\u00c7aykur Rizespor: G\u00f6khan xxx, Abarhoun xx, Attamah xx, El Kebir ? (O\u011fulcan dk. 13 xxx), Boldrin xxx, Nill De Pauv xxx, Samudio xx, Dimitrios xx, Vetrih xx, Melnjak xx, Moroziuk xx<\/p>\n<p>Yedekler: Yar\u0131k, El Talbi, Abdullah, Atakan, Bar\u0131\u015f, Diomande, Burak, O\u011fuz, Orhan<\/p>\n<p>Teknik Direkt\u00f6r: \u0130smail Kartal<\/p>\n<p>Demirgrup Sivasspor: Samassa xxx, Marcelo xx, Caner xx, Aaron xx, Ziya xx, Hakan xx, Mert Hakan xx, Cifie xx, Erdo\u011fan xx, Yatabare xx, Emre xx<\/p>\n<p>Yedekler: Muammer, Ali, U\u011fur, Paul, Fatih, Derlek, Serh\u0131y, Dos Santos, Oliviera, Kone<\/p>\n<p>Teknik Direkt\u00f6r: R\u0131za \u00c7al\u0131mbay<\/p>\n","protected":false},"excerpt":{"rendered":"<p>S\u00dcPER L\u0130G&#8217;\u0130N 2. HAFTASINDA \u00c7AYKUR R\u0130ZESPOR EV\u0130NDE DEM\u0130R GRUP S\u0130VASSPORU A\u011eIRLADI. M\u00dcSABAKA \u00d6NCES\u0130NDE \u0130K\u0130 TAKIM SAHAYA KADINA \u015e\u0130DDETE D\u0130KKAT \u00c7EKMEK \u0130\u00c7\u0130N \u00dcZER\u0130NDE YAZI BULUNMAYAN S\u0130YAH B\u0130R PANKARTLA \u00c7IKTI. KAR\u015eILA\u015eMANIN \u0130LK YARISI 0-0 BERABERE TAMAMLANDI.<\/p>\n","protected":false},"author":1,"featured_media":195887,"comment_status":"closed","ping_status":"open","sticky":false,"template":"","format":"standard","meta":{"jetpack_post_was_ever_published":false,"_jetpack_newsletter_access":"","_jetpack_dont_email_post_to_subs":false,"_jetpack_newsletter_tier_id":0,"_jetpack_memberships_contains_paywalled_content":false,"_jetpack_memberships_contains_paid_content":false,"footnotes":"","jetpack_publicize_message":"","jetpack_publicize_feature_enabled":true,"jetpack_social_post_already_shared":true,"jetpack_social_options":{"image_generator_settings":{"template":"highway","default_image_id":0,"font":"","enabled":false},"version":2}},"categories":[657],"tags":[2855,491,516,37,905,2856,8011,1463,918],"class_list":["post-195886","post","type-post","status-publish","format-standard","has-post-thumbnail","hentry","category-spor","tag-caykur","tag-demir","tag-grup","tag-ilk","tag-lig","tag-rizespor","tag-sivasspor","tag-super","tag-yari"],"jetpack_publicize_connections":[],"jetpack_featured_media_url":"https:\/\/i0.wp.com\/www.tvturk.com\/wp-content\/uploads\/2019\/08\/super-lig-caykur-rizespor-0-demir-grup-sivasspor-0-ilk-yari_bce66e4.jpg?fit=1000%2C666","jetpack_sharing_enabled":true,"jetpack_shortlink":"https:\/\/wp.me\/paKIfm-OXs","_links":{"self":[{"href":"http:\/\/www.tvturk.com\/index.php\/wp-json\/wp\/v2\/posts\/195886","targetHints":{"allow":["GET"]}}],"collection":[{"href":"http:\/\/www.tvturk.com\/index.php\/wp-json\/wp\/v2\/posts"}],"about":[{"href":"http:\/\/www.tvturk.com\/index.php\/wp-json\/wp\/v2\/types\/post"}],"author":[{"embeddable":true,"href":"http:\/\/www.tvturk.com\/index.php\/wp-json\/wp\/v2\/users\/1"}],"replies":[{"embeddable":true,"href":"http:\/\/www.tvturk.com\/index.php\/wp-json\/wp\/v2\/comments?post=195886"}],"version-history":[{"count":0,"href":"http:\/\/www.tvturk.com\/index.php\/wp-json\/wp\/v2\/posts\/195886\/revisions"}],"wp:featuredmedia":[{"embeddable":true,"href":"http:\/\/www.tvturk.com\/index.php\/wp-json\/wp\/v2\/media\/195887"}],"wp:attachment":[{"href":"http:\/\/www.tvturk.com\/index.php\/wp-json\/wp\/v2\/media?parent=195886"}],"wp:term":[{"taxonomy":"category","embeddable":true,"href":"http:\/\/www.tvturk.com\/index.php\/wp-json\/wp\/v2\/categories?post=195886"},{"taxonomy":"post_tag","embeddable":true,"href":"http:\/\/www.tvturk.com\/index.php\/wp-json\/wp\/v2\/tags?post=195886"}],"curies":[{"name":"wp","href":"https:\/\/api.w.org\/{rel}","templated":true}]}}