{"id":195904,"date":"2019-08-25T22:01:50","date_gmt":"2019-08-25T19:01:50","guid":{"rendered":"http:\/\/www.tvturk.com\/index.php\/cumhurbaskani-erdogan-araklida-restoran-acilisina-katildi\/"},"modified":"2019-08-25T22:01:50","modified_gmt":"2019-08-25T19:01:50","slug":"cumhurbaskani-erdogan-araklida-restoran-acilisina-katildi","status":"publish","type":"post","link":"http:\/\/www.tvturk.com\/index.php\/cumhurbaskani-erdogan-araklida-restoran-acilisina-katildi\/","title":{"rendered":"Cumhurba\u015fkan\u0131 Erdo\u011fan, Arakl\u0131\u2019da restoran a\u00e7\u0131l\u0131\u015f\u0131na kat\u0131ld\u0131"},"content":{"rendered":"<p>Cumhurba\u015fkan\u0131 Recep Tayyip Erdo\u011fan, Trabzon\u2019un Arakl\u0131 il\u00e7esinde bir restoran\u0131n a\u00e7\u0131l\u0131\u015f\u0131na kat\u0131ld\u0131.<\/p>\n<p>Cumhurba\u015fkan\u0131 Recep Tayyip Erdo\u011fan, Trabzon\u2019da 15 Temmuz \u015eehitler ve H\u00fcrriyet Park\u0131\u2019ndaki toplu a\u00e7\u0131l\u0131\u015f t\u00f6reninin ard\u0131ndan Arakl\u0131 il\u00e7esindeki bir restoran\u0131n a\u00e7\u0131l\u0131\u015f\u0131na kat\u0131ld\u0131. A\u00e7\u0131l\u0131\u015fta bir konu\u015fma yapan Cumhurba\u015fkan\u0131 Erdo\u011fan, &#8220;Arakl\u0131\u2019n\u0131n bu m\u00fcstesna farkl\u0131 g\u00fczel bir yerinde b\u00f6yle g\u00fczel bir mekan\u0131n a\u00e7\u0131l\u0131\u015f t\u00f6renini sizlerle birlikte ger\u00e7ekle\u015ftirmenin memnuniyeti i\u00e7erisindeyim. Bu vesileyle b\u00f6yle bir yat\u0131r\u0131m\u0131 ger\u00e7ekle\u015ftirmeleri sebebiyle te\u015fekk\u00fcr ediyorum. Turizmin \u00e7ok ciddi bir s\u0131\u00e7rama ger\u00e7ekle\u015ftirdi\u011fi bu d\u00f6nemde b\u00f6yle bir mekan\u0131n, zaman zaman inan\u0131yorum ki bir \u00e7ok bulu\u015fmalara ev sahibi olaca\u011f\u0131 muhakkakt\u0131r. Bug\u00fcn yine yayla turizminin \u00f6rne\u011fi olan tesislerin a\u00e7\u0131l\u0131\u015f\u0131n\u0131 yapt\u0131k\u201d ifadelerini kulland\u0131.<\/p>\n<p>Cumhurba\u015fkan\u0131 Erdo\u011fan, daha sonra beraberindekilerle birlikte kurdeleyi keserek restoran\u0131n a\u00e7\u0131l\u0131\u015f\u0131n\u0131 yapt\u0131.<\/p>\n","protected":false},"excerpt":{"rendered":"<p>CUMHURBA\u015eKANI RECEP TAYY\u0130P ERDO\u011eAN, TRABZON\u2019UN ARAKLI \u0130L\u00c7ES\u0130NDE B\u0130R RESTORANIN A\u00c7ILI\u015eINA KATILDI.<\/p>\n","protected":false},"author":1,"featured_media":195905,"comment_status":"closed","ping_status":"open","sticky":false,"template":"","format":"standard","meta":{"jetpack_post_was_ever_published":false,"_jetpack_newsletter_access":"","_jetpack_dont_email_post_to_subs":false,"_jetpack_newsletter_tier_id":0,"_jetpack_memberships_contains_paywalled_content":false,"_jetpack_memberships_contains_paid_content":false,"footnotes":"","jetpack_publicize_message":"","jetpack_publicize_feature_enabled":true,"jetpack_social_post_already_shared":true,"jetpack_social_options":{"image_generator_settings":{"template":"highway","default_image_id":0,"font":"","enabled":false},"version":2}},"categories":[1],"tags":[2755,41855,503,649,1757,17401],"class_list":["post-195904","post","type-post","status-publish","format-standard","has-post-thumbnail","hentry","category-genel","tag-acilisina","tag-araklida","tag-cumhurbaskani","tag-erdogan","tag-katildi","tag-restoran"],"jetpack_publicize_connections":[],"jetpack_featured_media_url":"https:\/\/i0.wp.com\/www.tvturk.com\/wp-content\/uploads\/2019\/08\/cumhurbaskani-erdogan-araklida-restoran-acilisina-katildi_bb58efc.jpg?fit=1000%2C653","jetpack_sharing_enabled":true,"jetpack_shortlink":"https:\/\/wp.me\/paKIfm-OXK","_links":{"self":[{"href":"http:\/\/www.tvturk.com\/index.php\/wp-json\/wp\/v2\/posts\/195904","targetHints":{"allow":["GET"]}}],"collection":[{"href":"http:\/\/www.tvturk.com\/index.php\/wp-json\/wp\/v2\/posts"}],"about":[{"href":"http:\/\/www.tvturk.com\/index.php\/wp-json\/wp\/v2\/types\/post"}],"author":[{"embeddable":true,"href":"http:\/\/www.tvturk.com\/index.php\/wp-json\/wp\/v2\/users\/1"}],"replies":[{"embeddable":true,"href":"http:\/\/www.tvturk.com\/index.php\/wp-json\/wp\/v2\/comments?post=195904"}],"version-history":[{"count":0,"href":"http:\/\/www.tvturk.com\/index.php\/wp-json\/wp\/v2\/posts\/195904\/revisions"}],"wp:featuredmedia":[{"embeddable":true,"href":"http:\/\/www.tvturk.com\/index.php\/wp-json\/wp\/v2\/media\/195905"}],"wp:attachment":[{"href":"http:\/\/www.tvturk.com\/index.php\/wp-json\/wp\/v2\/media?parent=195904"}],"wp:term":[{"taxonomy":"category","embeddable":true,"href":"http:\/\/www.tvturk.com\/index.php\/wp-json\/wp\/v2\/categories?post=195904"},{"taxonomy":"post_tag","embeddable":true,"href":"http:\/\/www.tvturk.com\/index.php\/wp-json\/wp\/v2\/tags?post=195904"}],"curies":[{"name":"wp","href":"https:\/\/api.w.org\/{rel}","templated":true}]}}