{"id":195910,"date":"2019-08-25T22:32:08","date_gmt":"2019-08-25T19:32:08","guid":{"rendered":"http:\/\/www.tvturk.com\/index.php\/ismail-kartal-elimizdeki-imkanlarla-iki-macta-6-puan-aldik\/"},"modified":"2019-08-25T22:32:08","modified_gmt":"2019-08-25T19:32:08","slug":"ismail-kartal-elimizdeki-imkanlarla-iki-macta-6-puan-aldik","status":"publish","type":"post","link":"http:\/\/www.tvturk.com\/index.php\/ismail-kartal-elimizdeki-imkanlarla-iki-macta-6-puan-aldik\/","title":{"rendered":"\u0130smail Kartal: \u201cElimizdeki imkanlarla iki ma\u00e7ta 6 puan ald\u0131k\u201d"},"content":{"rendered":"<p>R\u0130ZE (\u0130HA) \u2013 \u00c7aykur Rizespor\u2019un teknik Direkt\u00f6r\u00fc \u0130smail Kartal, Sivasspor galibiyetinin ard\u0131ndan, \u201cBu kadar \u015fanss\u0131z ba\u015flamam\u0131z ve elimizdeki imkanlarla iki ma\u00e7ta 6 puan ald\u0131k\u201d dedi.<\/p>\n<p>S\u00fcper Lig Cemil Usta Sezonu\u2019nun 2. haftas\u0131nda \u00c7aykur Rizespor, evinde a\u011f\u0131rlad\u0131\u011f\u0131 Demir Grup Sivasspor\u2019u 2-1\u2019lik skorla ma\u011flup etti. Kar\u015f\u0131la\u015fman\u0131n ard\u0131ndan yap\u0131lan bas\u0131n toplant\u0131s\u0131nda konu\u015fan \u00c7aykur Rizespor Teknik Direkt\u00f6r\u00fc \u0130smail Kartal, \u201cGen\u00e7lerbirli\u011fi galibiyetinden sonra \u00e7ok \u00e7al\u0131\u015ft\u0131k. \u0130lk yar\u0131 iyi bir m\u00fccadele oldu. \u0130kinci ayr\u0131 daha disiplinli oynayarak rakibin s\u0131k\u0131nt\u0131l\u0131 oldu\u011fu yerlerle ilgili buralarda daha aktif olmam\u0131z\u0131n gerekti\u011fini anlatt\u0131k. Kanatlarda biraz daha rakibin i\u00e7ine girerek arka alanlar\u0131 bo\u015faltarak goller bulmak istiyorduk. B\u00fct\u00fcn planlar\u0131m\u0131z tuttu. \u0130kinci yar\u0131ya gollerle ba\u015flad\u0131k. Ard\u0131ndan bir net pozisyonumuz daha vard\u0131. Samudio arkada\u015f\u0131na verse ma\u00e7\u0131 kopartabilirdik. Boldrin oyunun son b\u00f6l\u00fcmlerinde oyundan d\u00fc\u015ft\u00fc onun yerine Bar\u0131\u015f\u2019\u0131 ald\u0131k. El Kabir devreyi kapatt\u0131. En az 5-6 ay futbol oynayamayacak. \u015eanss\u0131z bir \u015fekilde ba\u015flad\u0131k. Elimizde bir tane santrfor vard\u0131 onun da aya\u011f\u0131 k\u0131r\u0131ld\u0131. Kanattan Samudio\u2019u oraya \u00e7ektik. O\u011fulcan\u2019la da kamptan beri birlikteyiz. Mevcut \u015fartlar i\u00e7inde O\u011fulcan\u2019\u0131 her an oynayabilecekmi\u015f gibi ma\u00e7a haz\u0131rlad\u0131k, o da elinden geleni yapt\u0131 tak\u0131m i\u00e7in. Bug\u00fcn bu kadar \u015fanss\u0131z ma\u00e7a ba\u015flamam\u0131z, 2-0\u2019a kadar ortaya koydu\u011fumuz hem m\u00fccadele hem \u00f6ne ge\u00e7memize ra\u011fmen son 15 dakikada bir bask\u0131 yedik. Sivasspor da \u00e7ok iyi bir tak\u0131m. \u0130skelet kadrosunu koruyan bir tak\u0131m. 2-0\u2019dan sonra hamleler yapt\u0131lar. 1 gol buldular, karambolden 1 tane daha atabilirdiler. Biz de atabilirdik. Sonu\u00e7ta bu kadar \u015fanss\u0131z ve elimizdeki imkanlarla iki ma\u00e7ta 6 puan ald\u0131k. Vermi\u015f olduklar\u0131 m\u00fccadeleden dolay\u0131 oyuncular\u0131m\u0131za te\u015fekk\u00fcr ediyorum\u201d diye konu\u015ftu.<\/p>\n","protected":false},"excerpt":{"rendered":"<p>EV\u0130NDE DEM\u0130R GRUP S\u0130VASSPOR\u2019U 2-1 MA\u011eLUP EDEN \u00c7AYKUR R\u0130ZESPOR\u2019UN TEKN\u0130K D\u0130REKT\u00d6R\u00dc \u0130SMA\u0130L KARTAL, 3 PUAN ALDIKLARI KAR\u015eILA\u015eMANIN ARDINDAN YAPTI\u011eI A\u00c7IKLAMADA \u201cBU KADAR \u015eANSSIZ BA\u015eLAMAMIZ VE EL\u0130M\u0130ZDEK\u0130 \u0130MKANLARLA \u0130K\u0130 MA\u00c7TA 6 PUAN ALDIK\u201d DED\u0130.<\/p>\n","protected":false},"author":1,"featured_media":195911,"comment_status":"closed","ping_status":"open","sticky":false,"template":"","format":"standard","meta":{"jetpack_post_was_ever_published":false,"_jetpack_newsletter_access":"","_jetpack_dont_email_post_to_subs":false,"_jetpack_newsletter_tier_id":0,"_jetpack_memberships_contains_paywalled_content":false,"_jetpack_memberships_contains_paid_content":false,"footnotes":"","jetpack_publicize_message":"","jetpack_publicize_feature_enabled":true,"jetpack_social_post_already_shared":true,"jetpack_social_options":{"image_generator_settings":{"template":"highway","default_image_id":0,"font":"","enabled":false},"version":2}},"categories":[657],"tags":[18114,9151,1220,33370,977,4914,8719,7080],"class_list":["post-195910","post","type-post","status-publish","format-standard","has-post-thumbnail","hentry","category-spor","tag-elimizdeki","tag-aldik","tag-iki","tag-imkanlarla","tag-ismail","tag-kartal","tag-macta","tag-puan"],"jetpack_publicize_connections":[],"jetpack_featured_media_url":"https:\/\/i0.wp.com\/www.tvturk.com\/wp-content\/uploads\/2019\/08\/ismail-kartal-elimizdeki-imkanlarla-iki-macta-6-puan-aldik_11883d2.jpg?fit=1000%2C666","jetpack_sharing_enabled":true,"jetpack_shortlink":"https:\/\/wp.me\/paKIfm-OXQ","_links":{"self":[{"href":"http:\/\/www.tvturk.com\/index.php\/wp-json\/wp\/v2\/posts\/195910","targetHints":{"allow":["GET"]}}],"collection":[{"href":"http:\/\/www.tvturk.com\/index.php\/wp-json\/wp\/v2\/posts"}],"about":[{"href":"http:\/\/www.tvturk.com\/index.php\/wp-json\/wp\/v2\/types\/post"}],"author":[{"embeddable":true,"href":"http:\/\/www.tvturk.com\/index.php\/wp-json\/wp\/v2\/users\/1"}],"replies":[{"embeddable":true,"href":"http:\/\/www.tvturk.com\/index.php\/wp-json\/wp\/v2\/comments?post=195910"}],"version-history":[{"count":0,"href":"http:\/\/www.tvturk.com\/index.php\/wp-json\/wp\/v2\/posts\/195910\/revisions"}],"wp:featuredmedia":[{"embeddable":true,"href":"http:\/\/www.tvturk.com\/index.php\/wp-json\/wp\/v2\/media\/195911"}],"wp:attachment":[{"href":"http:\/\/www.tvturk.com\/index.php\/wp-json\/wp\/v2\/media?parent=195910"}],"wp:term":[{"taxonomy":"category","embeddable":true,"href":"http:\/\/www.tvturk.com\/index.php\/wp-json\/wp\/v2\/categories?post=195910"},{"taxonomy":"post_tag","embeddable":true,"href":"http:\/\/www.tvturk.com\/index.php\/wp-json\/wp\/v2\/tags?post=195910"}],"curies":[{"name":"wp","href":"https:\/\/api.w.org\/{rel}","templated":true}]}}