{"id":195928,"date":"2019-08-25T23:46:45","date_gmt":"2019-08-25T20:46:45","guid":{"rendered":"http:\/\/www.tvturk.com\/index.php\/28-geleneksel-yayla-seki-yagli-gureslerini-ali-gurbuz-kazandi\/"},"modified":"2019-08-25T23:46:45","modified_gmt":"2019-08-25T20:46:45","slug":"28-geleneksel-yayla-seki-yagli-gureslerini-ali-gurbuz-kazandi","status":"publish","type":"post","link":"http:\/\/www.tvturk.com\/index.php\/28-geleneksel-yayla-seki-yagli-gureslerini-ali-gurbuz-kazandi\/","title":{"rendered":"28. Geleneksel Yayla Seki Ya\u011fl\u0131 G\u00fcre\u015fleri\u2019ni Ali G\u00fcrb\u00fcz kazand\u0131"},"content":{"rendered":"<p>28. Geleneksel Yayla Seki Ya\u011fl\u0131 G\u00fcre\u015fleri\u2019nde ba\u015fpehlivan Ali G\u00fcrb\u00fcz oldu. Antalyal\u0131 Ali G\u00fcrb\u00fcz, finalde Antalyal\u0131 \u0130smail Balan ile kar\u015f\u0131la\u015ft\u0131. G\u00fcrb\u00fcz b\u00fcy\u00fck \u00e7eki\u015fme i\u00e7inde ge\u00e7en kar\u015f\u0131la\u015fmay\u0131 kazanarak Seydikemer\u2019in ba\u015fpehlivan\u0131 oldu.<\/p>\n<p>Seydikemer Belediyesi\u2019nin d\u00fczenledi\u011fi geleneksel Yayla Seki Ya\u011fl\u0131 G\u00fcre\u015fleri\u2019ne sayg\u0131 duru\u015fu, \u0130stiklal Mar\u015f\u0131 ve Kuran-\u0131 Kerim okunarak ba\u015fland\u0131. Yakla\u015f\u0131k 10 bin ki\u015finin izledi\u011fi g\u00fcre\u015fleri \u00e7evre il ve il\u00e7elerden gelen y\u00fczlerce ki\u015fi, Seki mahallesinde bulu\u015ftu. G\u00fcre\u015fleri Mu\u011fla Valisi Eseng\u00fcl Civelek, Mu\u011fla B\u00fcy\u00fck\u015fehir Belediye Ba\u015fkan\u0131 Osman G\u00fcr\u00fcn, Fethiye Kaymakam\u0131 Muzaffer \u015eahiner, Seydikemer Belediye Ba\u015fkan\u0131 Haktan G\u00f6k\u00e7ekuyu\u2019nun yan\u0131 s\u0131ra \u00e7ok say\u0131da sivil toplum kurulu\u015fu ba\u015fkan ve \u00fcyeleri izledi. Ya\u011fl\u0131 g\u00fcre\u015flere K\u0131rkp\u0131nar\u2019\u0131n 47 ba\u015fpehlivan\u0131 ile birlikte 527 g\u00fcre\u015f\u00e7i kat\u0131ld\u0131. \u00c7eki\u015fmeli, heyecanl\u0131 ve k\u0131ran k\u0131rana ge\u00e7en g\u00fcre\u015flerde pehlivanlar izleyenlere heyecanl\u0131 anlar ya\u015fatt\u0131.<\/p>\n<p>A\u011fal\u0131\u011f\u0131 Bayram \u00d6nder Akdenizli kazand\u0131<\/p>\n<p>G\u00fcre\u015f A\u011fal\u0131\u011f\u0131 ihalesine 5 i\u015f adam\u0131 kat\u0131l\u0131rken, ihaleyi 200 bin TL veren i\u015f adam\u0131 Bayram \u00d6nder Akdenizli kazand\u0131.<\/p>\n<p>Seki Ya\u011fl\u0131 G\u00fcre\u015fleri, Tarihi K\u0131rkp\u0131nar G\u00fcre\u015fleri\u2019ni de aratmad\u0131. G\u00fcre\u015flerde ba\u015fpehlivanl\u0131k i\u00e7in Ali G\u00fcrb\u00fcz ile \u0130smail Balaban kar\u015f\u0131la\u015ft\u0131. \u0130zleyenlerin b\u00fcy\u00fck heyecanla izledi\u011fi final g\u00fcre\u015fi yakla\u015f\u0131k 1 saat s\u00fcrd\u00fc. Puanlamaya giden 2 g\u00fcre\u015f\u00e7i dakikalarca birbirlerine \u00fcst\u00fcnl\u00fck sa\u011flamaya \u00e7al\u0131\u015ft\u0131. Ali G\u00fcrb\u00fcz, rakibi \u0130smail Balaban\u0131 puanlama i\u00e7erisinde yapt\u0131\u011f\u0131 atakla yenmeyi ba\u015fard\u0131. G\u00fcrb\u00fcz, kar\u015f\u0131la\u015fma sonras\u0131nda b\u00fcy\u00fck bir sevin\u00e7 ya\u015fad\u0131.<\/p>\n<p>Seydikemer Belediye Ba\u015fkan\u0131 Yakup Otg\u00f6z, yapt\u0131\u011f\u0131 a\u00e7\u0131klamada, ata sporu ya\u011fl\u0131 g\u00fcre\u015fin devam\u0131n\u0131 sa\u011flamay\u0131 ama\u00e7lad\u0131klar\u0131n\u0131, gen\u00e7 nesillere sevdirmek i\u00e7in geleneksel olarak etkinli\u011fi d\u00fczenlediklerini s\u00f6yledi.<\/p>\n","protected":false},"excerpt":{"rendered":"<p>28. GELENEKSEL YAYLA SEK\u0130 YA\u011eLI G\u00dcRE\u015eLER\u0130\u2019N\u0130 AL\u0130 G\u00dcRB\u00dcZ KAZANDI<\/p>\n","protected":false},"author":1,"featured_media":195929,"comment_status":"closed","ping_status":"open","sticky":false,"template":"","format":"standard","meta":{"jetpack_post_was_ever_published":false,"_jetpack_newsletter_access":"","_jetpack_dont_email_post_to_subs":false,"_jetpack_newsletter_tier_id":0,"_jetpack_memberships_contains_paywalled_content":false,"_jetpack_memberships_contains_paid_content":false,"footnotes":"","jetpack_publicize_message":"","jetpack_publicize_feature_enabled":true,"jetpack_social_post_already_shared":true,"jetpack_social_options":{"image_generator_settings":{"template":"highway","default_image_id":0,"font":"","enabled":false},"version":2}},"categories":[657],"tags":[1145,625,7470,7766,14966,3801,49196,11762,21092],"class_list":["post-195928","post","type-post","status-publish","format-standard","has-post-thumbnail","hentry","category-spor","tag-1145","tag-ali","tag-geleneksel","tag-gurbuz","tag-gureslerini","tag-kazandi","tag-seki","tag-yagli","tag-yayla"],"jetpack_publicize_connections":[],"jetpack_featured_media_url":"https:\/\/i0.wp.com\/www.tvturk.com\/wp-content\/uploads\/2019\/08\/28-geleneksel-yayla-seki-yagli-gureslerini-ali-gurbuz-kazandi_1bd66cc.jpg?fit=1000%2C666","jetpack_sharing_enabled":true,"jetpack_shortlink":"https:\/\/wp.me\/paKIfm-OY8","_links":{"self":[{"href":"http:\/\/www.tvturk.com\/index.php\/wp-json\/wp\/v2\/posts\/195928","targetHints":{"allow":["GET"]}}],"collection":[{"href":"http:\/\/www.tvturk.com\/index.php\/wp-json\/wp\/v2\/posts"}],"about":[{"href":"http:\/\/www.tvturk.com\/index.php\/wp-json\/wp\/v2\/types\/post"}],"author":[{"embeddable":true,"href":"http:\/\/www.tvturk.com\/index.php\/wp-json\/wp\/v2\/users\/1"}],"replies":[{"embeddable":true,"href":"http:\/\/www.tvturk.com\/index.php\/wp-json\/wp\/v2\/comments?post=195928"}],"version-history":[{"count":0,"href":"http:\/\/www.tvturk.com\/index.php\/wp-json\/wp\/v2\/posts\/195928\/revisions"}],"wp:featuredmedia":[{"embeddable":true,"href":"http:\/\/www.tvturk.com\/index.php\/wp-json\/wp\/v2\/media\/195929"}],"wp:attachment":[{"href":"http:\/\/www.tvturk.com\/index.php\/wp-json\/wp\/v2\/media?parent=195928"}],"wp:term":[{"taxonomy":"category","embeddable":true,"href":"http:\/\/www.tvturk.com\/index.php\/wp-json\/wp\/v2\/categories?post=195928"},{"taxonomy":"post_tag","embeddable":true,"href":"http:\/\/www.tvturk.com\/index.php\/wp-json\/wp\/v2\/tags?post=195928"}],"curies":[{"name":"wp","href":"https:\/\/api.w.org\/{rel}","templated":true}]}}