{"id":195932,"date":"2019-08-26T00:02:08","date_gmt":"2019-08-25T21:02:08","guid":{"rendered":"http:\/\/www.tvturk.com\/index.php\/galatasarayda-ligde-sezonun-ilk-golu-ryan-babelden\/"},"modified":"2019-08-26T00:02:08","modified_gmt":"2019-08-25T21:02:08","slug":"galatasarayda-ligde-sezonun-ilk-golu-ryan-babelden","status":"publish","type":"post","link":"http:\/\/www.tvturk.com\/index.php\/galatasarayda-ligde-sezonun-ilk-golu-ryan-babelden\/","title":{"rendered":"Galatasaray\u2019da ligde sezonun ilk gol\u00fc Ryan Babel\u2019den"},"content":{"rendered":"<p>Galatasaray\u2019\u0131n Hollandal\u0131 futbolcusu Ryan Babel, sar\u0131-k\u0131rm\u0131z\u0131l\u0131lar\u0131n bu sezon ligdeki ilk gol\u00fcn\u00fc kaydetti. Babel ayr\u0131ca resmi ma\u00e7larda ilk gol\u00fcn\u00fc att\u0131.<\/p>\n<p>S\u00fcper Lig\u2019de ilk haftay\u0131 gol atamadan kapatan Galatasaray, sezonun ilk gol\u00fcn\u00fc ikinci haftada evindeki Konyaspor kar\u015f\u0131s\u0131nda kaydetti. Konyaspor ile oynanan kar\u015f\u0131la\u015fman\u0131n 60. dakikas\u0131nda sahneye \u00e7\u0131kan Ryan Babel, sar\u0131-k\u0131rm\u0131z\u0131l\u0131lar\u0131n bu sezon ilk gol\u00fcn\u00fc atan isim oldu.<\/p>\n<p>Yaz transfer d\u00f6neminde tak\u0131ma kat\u0131lan Hollandal\u0131 oyuncu, Galatasaray formas\u0131 ile de resmi ma\u00e7lardaki ilk gol\u00fcn\u00fc kaydetti.<\/p>\n","protected":false},"excerpt":{"rendered":"<p>GALATASARAY\u2019IN HOLLANDALI FUTBOLCUSU RYAN BABEL, SARI-KIRMIZILILARIN BU SEZON L\u0130GDEK\u0130 \u0130LK GOL\u00dcN\u00dc KAYDETT\u0130. BABEL AYRICA RESM\u0130 MA\u00c7LARDA \u0130LK GOL\u00dcN\u00dc ATTI.<\/p>\n","protected":false},"author":1,"featured_media":195933,"comment_status":"closed","ping_status":"open","sticky":false,"template":"","format":"standard","meta":{"jetpack_post_was_ever_published":false,"_jetpack_newsletter_access":"","_jetpack_dont_email_post_to_subs":false,"_jetpack_newsletter_tier_id":0,"_jetpack_memberships_contains_paywalled_content":false,"_jetpack_memberships_contains_paid_content":false,"footnotes":"","jetpack_publicize_message":"","jetpack_publicize_feature_enabled":true,"jetpack_social_post_already_shared":true,"jetpack_social_options":{"image_generator_settings":{"template":"highway","default_image_id":0,"font":"","enabled":false},"version":2}},"categories":[657],"tags":[43911,7079,3247,37,8715,24363,26900],"class_list":["post-195932","post","type-post","status-publish","format-standard","has-post-thumbnail","hentry","category-spor","tag-babelden","tag-galatasarayda","tag-golu","tag-ilk","tag-ligde","tag-ryan","tag-sezonun"],"jetpack_publicize_connections":[],"jetpack_featured_media_url":"https:\/\/i0.wp.com\/www.tvturk.com\/wp-content\/uploads\/2019\/08\/galatasarayda-ligde-sezonun-ilk-golu-ryan-babelden_2a3c144.jpg?fit=1000%2C589","jetpack_sharing_enabled":true,"jetpack_shortlink":"https:\/\/wp.me\/paKIfm-OYc","_links":{"self":[{"href":"http:\/\/www.tvturk.com\/index.php\/wp-json\/wp\/v2\/posts\/195932","targetHints":{"allow":["GET"]}}],"collection":[{"href":"http:\/\/www.tvturk.com\/index.php\/wp-json\/wp\/v2\/posts"}],"about":[{"href":"http:\/\/www.tvturk.com\/index.php\/wp-json\/wp\/v2\/types\/post"}],"author":[{"embeddable":true,"href":"http:\/\/www.tvturk.com\/index.php\/wp-json\/wp\/v2\/users\/1"}],"replies":[{"embeddable":true,"href":"http:\/\/www.tvturk.com\/index.php\/wp-json\/wp\/v2\/comments?post=195932"}],"version-history":[{"count":0,"href":"http:\/\/www.tvturk.com\/index.php\/wp-json\/wp\/v2\/posts\/195932\/revisions"}],"wp:featuredmedia":[{"embeddable":true,"href":"http:\/\/www.tvturk.com\/index.php\/wp-json\/wp\/v2\/media\/195933"}],"wp:attachment":[{"href":"http:\/\/www.tvturk.com\/index.php\/wp-json\/wp\/v2\/media?parent=195932"}],"wp:term":[{"taxonomy":"category","embeddable":true,"href":"http:\/\/www.tvturk.com\/index.php\/wp-json\/wp\/v2\/categories?post=195932"},{"taxonomy":"post_tag","embeddable":true,"href":"http:\/\/www.tvturk.com\/index.php\/wp-json\/wp\/v2\/tags?post=195932"}],"curies":[{"name":"wp","href":"https:\/\/api.w.org\/{rel}","templated":true}]}}