{"id":195934,"date":"2019-08-26T00:02:12","date_gmt":"2019-08-25T21:02:12","guid":{"rendered":"http:\/\/www.tvturk.com\/index.php\/galatasarayda-2-haftada-2-kirmizi-kart\/"},"modified":"2019-08-26T00:02:12","modified_gmt":"2019-08-25T21:02:12","slug":"galatasarayda-2-haftada-2-kirmizi-kart","status":"publish","type":"post","link":"http:\/\/www.tvturk.com\/index.php\/galatasarayda-2-haftada-2-kirmizi-kart\/","title":{"rendered":"Galatasaray\u2019da 2 haftada 2 k\u0131rm\u0131z\u0131 kart"},"content":{"rendered":"<p>Galatasaray\u2019da Konyaspor kar\u015f\u0131s\u0131nda orta saha oyuncusu Jean Michael Seri k\u0131rm\u0131z\u0131 kart g\u00f6rd\u00fc. Sar\u0131-k\u0131rm\u0131z\u0131l\u0131larda ligin ilk haftas\u0131nda da Marcao k\u0131rm\u0131z\u0131 kartla oyun d\u0131\u015f\u0131 kald\u0131.<\/p>\n<p>Ligin ikinci haftas\u0131nda evinde Konyaspor ile m\u00fccadele eden Galatasaray\u2019da orta saha oyuncusu Jean Micheal Seri, k\u0131rm\u0131z\u0131 kartla oyun d\u0131\u015f\u0131 kald\u0131. M\u00fcsabakan\u0131n 74. dakikas\u0131nda Seri\u2019nin orta sahada Konyasporlu futbolcu Jevtovic\u2019e m\u00fcdahalesine hakem Mete Kalkavan ilk olarak sar\u0131 kart g\u00f6sterdi. Daha sonra VAR\u2019\u0131n uyar\u0131s\u0131yla tekrar pozisyonu izleyen Kalkavan, Seri\u2019ye direkt k\u0131rm\u0131z\u0131 kart\u0131n\u0131 \u00e7\u0131kard\u0131.<\/p>\n<p>28 ya\u015f\u0131ndaki futbolcu gelecek Kayserispor deplasman\u0131nda tak\u0131m\u0131n\u0131 yaln\u0131z b\u0131rakacak.<\/p>\n<p>Galatasaray\u2019da ligin ilk haftas\u0131nda deplasmanda oynanan Denizlispor ma\u00e7\u0131nda da Marcao k\u0131rm\u0131z\u0131 kartla oyun d\u0131\u015f\u0131nda kalm\u0131\u015ft\u0131.<\/p>\n","protected":false},"excerpt":{"rendered":"<p>GALATASARAY\u2019DA KONYASPOR KAR\u015eISINDA ORTA SAHA OYUNCUSU JEAN M\u0130CHAEL SER\u0130 KIRMIZI KART G\u00d6RD\u00dc. SARI-KIRMIZILILARDA L\u0130G\u0130N \u0130LK HAFTASINDA DA MARCAO KIRMIZI KARTLA OYUN DI\u015eI KALDI.<\/p>\n","protected":false},"author":1,"featured_media":195935,"comment_status":"closed","ping_status":"open","sticky":false,"template":"","format":"standard","meta":{"jetpack_post_was_ever_published":false,"_jetpack_newsletter_access":"","_jetpack_dont_email_post_to_subs":false,"_jetpack_newsletter_tier_id":0,"_jetpack_memberships_contains_paywalled_content":false,"_jetpack_memberships_contains_paid_content":false,"footnotes":"","jetpack_publicize_message":"","jetpack_publicize_feature_enabled":true,"jetpack_social_post_already_shared":true,"jetpack_social_options":{"image_generator_settings":{"template":"highway","default_image_id":0,"font":"","enabled":false},"version":2}},"categories":[657],"tags":[7079,7032,2746,6955],"class_list":["post-195934","post","type-post","status-publish","format-standard","has-post-thumbnail","hentry","category-spor","tag-galatasarayda","tag-haftada","tag-kart","tag-kirmizi"],"jetpack_publicize_connections":[],"jetpack_featured_media_url":"https:\/\/i0.wp.com\/www.tvturk.com\/wp-content\/uploads\/2019\/08\/galatasarayda-2-haftada-2-kirmizi-kart_dfad1a5.jpg?fit=1000%2C874","jetpack_sharing_enabled":true,"jetpack_shortlink":"https:\/\/wp.me\/paKIfm-OYe","_links":{"self":[{"href":"http:\/\/www.tvturk.com\/index.php\/wp-json\/wp\/v2\/posts\/195934","targetHints":{"allow":["GET"]}}],"collection":[{"href":"http:\/\/www.tvturk.com\/index.php\/wp-json\/wp\/v2\/posts"}],"about":[{"href":"http:\/\/www.tvturk.com\/index.php\/wp-json\/wp\/v2\/types\/post"}],"author":[{"embeddable":true,"href":"http:\/\/www.tvturk.com\/index.php\/wp-json\/wp\/v2\/users\/1"}],"replies":[{"embeddable":true,"href":"http:\/\/www.tvturk.com\/index.php\/wp-json\/wp\/v2\/comments?post=195934"}],"version-history":[{"count":0,"href":"http:\/\/www.tvturk.com\/index.php\/wp-json\/wp\/v2\/posts\/195934\/revisions"}],"wp:featuredmedia":[{"embeddable":true,"href":"http:\/\/www.tvturk.com\/index.php\/wp-json\/wp\/v2\/media\/195935"}],"wp:attachment":[{"href":"http:\/\/www.tvturk.com\/index.php\/wp-json\/wp\/v2\/media?parent=195934"}],"wp:term":[{"taxonomy":"category","embeddable":true,"href":"http:\/\/www.tvturk.com\/index.php\/wp-json\/wp\/v2\/categories?post=195934"},{"taxonomy":"post_tag","embeddable":true,"href":"http:\/\/www.tvturk.com\/index.php\/wp-json\/wp\/v2\/tags?post=195934"}],"curies":[{"name":"wp","href":"https:\/\/api.w.org\/{rel}","templated":true}]}}