{"id":195942,"date":"2019-08-26T01:16:20","date_gmt":"2019-08-25T22:16:20","guid":{"rendered":"http:\/\/www.tvturk.com\/index.php\/yucel-ildiz-antalyaspor-gibi-zor-bir-takimi-yendigimiz-icin-tabi-ki-mutluyuz\/"},"modified":"2019-08-26T01:16:20","modified_gmt":"2019-08-25T22:16:20","slug":"yucel-ildiz-antalyaspor-gibi-zor-bir-takimi-yendigimiz-icin-tabi-ki-mutluyuz","status":"publish","type":"post","link":"http:\/\/www.tvturk.com\/index.php\/yucel-ildiz-antalyaspor-gibi-zor-bir-takimi-yendigimiz-icin-tabi-ki-mutluyuz\/","title":{"rendered":"Y\u00fccel \u0130ldiz: \u201cAntalyaspor gibi zor bir tak\u0131m\u0131 yendi\u011fimiz i\u00e7in tabi ki mutluyuz\u201d"},"content":{"rendered":"<p>Yukatel Denizlispor Teknik Direkt\u00f6r\u00fc Y\u00fccel \u0130ldiz, Antalyaspor galibiyetinin ard\u0131ndan, \u201c\u0130yi bir m\u00fcsabakayd\u0131. Bu haftay\u0131 da kay\u0131ps\u0131z ge\u00e7ti\u011fimiz i\u00e7in, Antalyaspor gibi zor bir tak\u0131m\u0131 yendi\u011fimiz i\u00e7in tabi ki mutluyuz\u201d dedi.<\/p>\n<p>S\u00fcper Lig\u2019in 2. haftas\u0131nda Yukatel Denizlispor, deplasmanda Antalyaspor\u2019u 2-0 ma\u011flup etti. Ma\u00e7 sonras\u0131 Denizlispor Y\u00fccel \u0130ldiz, bas\u0131n mensuplar\u0131na a\u00e7\u0131klamalarda bulundu.<\/p>\n<p>\u201cUzun y\u0131llar sonra lige \u00e7\u0131kt\u0131k\u201d<\/p>\n<p>Antalya\u2019ya zor bir m\u00fcsabakan\u0131n zor olaca\u011f\u0131n\u0131 bilerek geldiklerini ifade eden Y\u00fccel \u0130ldiz, Antalyaspor\u2019un ge\u00e7en sezondan bu yana istikrarl\u0131 bir gidi\u015fat s\u00fcrd\u00fc\u011f\u00fcn\u00fc kaydetti. Antalyaspor\u2019un sezona iyi ba\u015flad\u0131\u011f\u0131n\u0131 belirten \u0130ldiz, \u201cBiz de \u00f6nemli bir galibiyet alarak geldik. Uzun y\u0131llar sonra lige \u00e7\u0131kt\u0131k. Futbolda d\u00fcn yoktur, bug\u00fcn vard\u0131r. Bug\u00fcn de, \u00e7ok \u00f6nemli bir m\u00fcsabaka ger\u00e7ekle\u015ftirdik. Hakikaten her iki tak\u0131m\u0131n oyuncular\u0131n\u0131 kutluyorum. \u00c7ok s\u0131cak bir havada m\u00fcsabaka oynad\u0131k\u201d dedi.<\/p>\n<p>\u201c\u0130kinci yar\u0131da istediklerimizi yapt\u0131k\u201d<\/p>\n<p>\u0130lk yar\u0131da istedikleri gibi bir ba\u015far\u0131 sergileyemediklerini s\u00f6yleyen Teknik Direkt\u00f6r \u0130ldiz, \u015f\u00f6yle konu\u015ftu:<\/p>\n<p>\u201cGenel olarak \u00e7\u0131karken toplar\u0131 kapt\u0131rd\u0131k ve \u00f6nde top yapmam\u0131z gerekiyordu. Topu \u00f6nde tutmam\u0131z gerekiyordu. Gereksiz final paslar\u0131 att\u0131k ve  toplardan biraz atak yedik. Ama o d\u00f6nemi atlatt\u0131ktan sonra istediklerimizi yapmaya ba\u015flad\u0131k. Gol\u00fc de bulduk, dengeli girdik. \u0130kinci yar\u0131da ise genel olarak istediklerimizi yapt\u0131k.\u201d<\/p>\n<p>\u201cAnlaml\u0131 olmas\u0131yd\u0131\u201d<\/p>\n<p>\u0130ldiz, \u201c\u0130yi bir m\u00fcsabakayd\u0131. Bu haftay\u0131 da kay\u0131ps\u0131z ge\u00e7ti\u011fimiz i\u00e7in, Antalyaspor gibi zor bir tak\u0131m\u0131 yendi\u011fimiz i\u00e7in tabi ki mutluyuz. 3 puan ald\u0131\u011f\u0131m\u0131z i\u00e7in de mutluyuz. Bug\u00fcn\u00fcn en \u00f6nemli yan\u0131 3 puan, 1 puan de\u011fil. Ger\u00e7ekten sahaya gelen t\u00fcm sporseverlere te\u015fekk\u00fcr ediyorum. Ma\u00e7\u0131n has\u0131lat\u0131 \u00fcz\u00fcc\u00fc bir hadise ge\u00e7iren aileye ba\u011f\u0131\u015flanacak. G\u00fczel k\u0131z\u0131m\u0131z\u0131n e\u011fitimi i\u00e7in harcanacak. \u0130n\u015fallah \u00fclkemiz bir daha b\u00f6yle olaylar ya\u015famaz, in\u015fallah b\u00f6yle \u015feyleri g\u00fcndeme getirip konu\u015fmay\u0131z. Bence bu ma\u00e7\u0131n 3 puandan daha \u00f6te yani anlaml\u0131 olmas\u0131yd\u0131\u201d a\u00e7\u0131klamas\u0131nda bulundu.<\/p>\n","protected":false},"excerpt":{"rendered":"<p>ANTALYASPOR-DEN\u0130ZL\u0130SPOR MA\u00c7I SONRASI A\u00c7IKLAMADA BULUNAN DEN\u0130ZL\u0130SPOR TEKN\u0130K D\u0130REKT\u00d6R\u00dc Y\u00dcCEL \u0130LD\u0130Z, \u201c\u0130Y\u0130 B\u0130R M\u00dcSABAKAYDI. BU HAFTAYI DA KAYIPSIZ GE\u00c7T\u0130\u011e\u0130M\u0130Z \u0130\u00c7\u0130N, ANTALYASPOR G\u0130B\u0130 ZOR B\u0130R TAKIMI YEND\u0130\u011e\u0130M\u0130Z \u0130\u00c7\u0130N TAB\u0130 K\u0130 MUTLUYUZ\u201d DED\u0130.<\/p>\n","protected":false},"author":1,"featured_media":195943,"comment_status":"closed","ping_status":"open","sticky":false,"template":"","format":"standard","meta":{"jetpack_post_was_ever_published":false,"_jetpack_newsletter_access":"","_jetpack_dont_email_post_to_subs":false,"_jetpack_newsletter_tier_id":0,"_jetpack_memberships_contains_paywalled_content":false,"_jetpack_memberships_contains_paid_content":false,"footnotes":"","jetpack_publicize_message":"","jetpack_publicize_feature_enabled":true,"jetpack_social_post_already_shared":true,"jetpack_social_options":{"image_generator_settings":{"template":"highway","default_image_id":0,"font":"","enabled":false},"version":2}},"categories":[657],"tags":[5058,125,981,44,2548,8521,35155,1462,49199,387,9997],"class_list":["post-195942","post","type-post","status-publish","format-standard","has-post-thumbnail","hentry","category-spor","tag-antalyaspor","tag-bir","tag-gibi","tag-icin","tag-ildiz","tag-mutluyuz","tag-tabi","tag-takimi","tag-yendigimiz","tag-yucel","tag-zor"],"jetpack_publicize_connections":[],"jetpack_featured_media_url":"https:\/\/i0.wp.com\/www.tvturk.com\/wp-content\/uploads\/2019\/08\/yucel-ildiz-antalyaspor-gibi-zor-bir-takimi-yendigimiz-icin-tabi-ki-mutluyuz_59ad045.jpg?fit=1000%2C680","jetpack_sharing_enabled":true,"jetpack_shortlink":"https:\/\/wp.me\/paKIfm-OYm","_links":{"self":[{"href":"http:\/\/www.tvturk.com\/index.php\/wp-json\/wp\/v2\/posts\/195942","targetHints":{"allow":["GET"]}}],"collection":[{"href":"http:\/\/www.tvturk.com\/index.php\/wp-json\/wp\/v2\/posts"}],"about":[{"href":"http:\/\/www.tvturk.com\/index.php\/wp-json\/wp\/v2\/types\/post"}],"author":[{"embeddable":true,"href":"http:\/\/www.tvturk.com\/index.php\/wp-json\/wp\/v2\/users\/1"}],"replies":[{"embeddable":true,"href":"http:\/\/www.tvturk.com\/index.php\/wp-json\/wp\/v2\/comments?post=195942"}],"version-history":[{"count":0,"href":"http:\/\/www.tvturk.com\/index.php\/wp-json\/wp\/v2\/posts\/195942\/revisions"}],"wp:featuredmedia":[{"embeddable":true,"href":"http:\/\/www.tvturk.com\/index.php\/wp-json\/wp\/v2\/media\/195943"}],"wp:attachment":[{"href":"http:\/\/www.tvturk.com\/index.php\/wp-json\/wp\/v2\/media?parent=195942"}],"wp:term":[{"taxonomy":"category","embeddable":true,"href":"http:\/\/www.tvturk.com\/index.php\/wp-json\/wp\/v2\/categories?post=195942"},{"taxonomy":"post_tag","embeddable":true,"href":"http:\/\/www.tvturk.com\/index.php\/wp-json\/wp\/v2\/tags?post=195942"}],"curies":[{"name":"wp","href":"https:\/\/api.w.org\/{rel}","templated":true}]}}