{"id":195956,"date":"2019-08-26T09:16:09","date_gmt":"2019-08-26T06:16:09","guid":{"rendered":"http:\/\/www.tvturk.com\/index.php\/osmanli-subaylarinin-kullandigi-kemer-teknoloji-kullanilmadan-yeniden-uretiliyor\/"},"modified":"2019-08-26T09:16:09","modified_gmt":"2019-08-26T06:16:09","slug":"osmanli-subaylarinin-kullandigi-kemer-teknoloji-kullanilmadan-yeniden-uretiliyor","status":"publish","type":"post","link":"http:\/\/www.tvturk.com\/index.php\/osmanli-subaylarinin-kullandigi-kemer-teknoloji-kullanilmadan-yeniden-uretiliyor\/","title":{"rendered":"Osmanl\u0131 subaylar\u0131n\u0131n kulland\u0131\u011f\u0131 kemer teknoloji kullan\u0131lmadan yeniden \u00fcretiliyor"},"content":{"rendered":"<p>Ordulu deri ustas\u0131 \u015eekip Duran, Osmanl\u0131 d\u00f6neminde askerler taraf\u0131ndan kullan\u0131lan ve \u00fczerinde \u2018Asakir-i \u015eahane\u2019 yaz\u0131s\u0131 bulunan kemerin ayn\u0131s\u0131n\u0131 eski usullere uygun olarak teknolojik alet kullanmadan el i\u015f\u00e7ili\u011fi ile yeniden \u00fcretiyor.<\/p>\n<p>Ordulu 53 ya\u015f\u0131ndaki deri ustas\u0131 \u015eekip Duran, bir derici arkada\u015f\u0131n\u0131 ziyaret etti\u011fi esnada yerde bulunan art\u0131k deri par\u00e7as\u0131 ile kendine anahtarl\u0131k yapt\u0131. Hobi olarak ba\u015flad\u0131\u011f\u0131 i\u015fi geli\u015ftiren Duran, el i\u015f\u00e7ili\u011fini konu\u015fturup eski usullere g\u00f6re deriden e\u015fyalar \u00fcretmeye ba\u015flad\u0131. Eski ustalar\u0131n \u00e7al\u0131\u015fma ko\u015fullar\u0131na g\u00f6re deriye \u015fekil veren Duran, askerlik y\u0131llar\u0131nda g\u00f6rd\u00fc\u011f\u00fc \u00fczerinde Asakir-i \u015eahane yaz\u0131s\u0131 ve ay-y\u0131ld\u0131z bulunan, \u00c7anakkale\u2019de baz\u0131 askerler taraf\u0131ndan kullan\u0131lan kemer tokas\u0131n\u0131 g\u00f6r\u00fcnce duygulan\u0131p ayn\u0131s\u0131n\u0131 \u00fcretmeye karar verdi. Duran, b\u00fct\u00fcn i\u015f\u00e7ili\u011fi kendisine ait olan kemer ve tokas\u0131n\u0131 el i\u015f\u00e7ili\u011fi ile \u00fcretiyor.<\/p>\n<p>Asakir-i \u015eahane kemerinin yap\u0131m\u0131 3 g\u00fcn s\u00fcr\u00fcyor<\/p>\n<p>\u00dczerinde Asakir-i \u015eahane yaz\u0131s\u0131 ve ay-y\u0131ld\u0131z bulunan kemer tokas\u0131n\u0131 el i\u015f\u00e7ili\u011fi ile eski usullere g\u00f6re yapt\u0131\u011f\u0131n\u0131 belirten \u015eekip Duran, \u201c\u00c7anakkale\u2019deki askerlerimizin kulland\u0131\u011f\u0131, T\u00fcrk\u00e7esi \u2018\u015fahane asker\u2019 anlam\u0131na gelen bir kemeri g\u00fcndeme ta\u015f\u0131mak hedefim. 4 senedir bunun \u00fczerine \u00e7al\u0131\u015fmalar yap\u0131yorum. Her t\u00fcrl\u00fc a\u015famas\u0131nda da el i\u015f\u00e7ili\u011fini kendim uyguluyorum. Kemer tokalar\u0131n\u0131n b\u00fct\u00fcn kal\u0131ptan yap\u0131lmas\u0131, tokas\u0131ndaki eskitmeler, pirin\u00e7 \u00fczerindeki tesviyelerin yap\u0131lmas\u0131 kendime aittir. Deriyi de 4 milimlik ham deriden kullan\u0131yorum. Boyanmadan \u00f6nce ya\u011flan\u0131yor, belirli i\u015flemlerden ge\u00e7iyor. Kurumada kald\u0131ktan sonra di\u011fer i\u015flemler ve montaj\u0131 yap\u0131l\u0131yor. Yap\u0131m\u0131 yakla\u015f\u0131k 3 g\u00fcn s\u00fcr\u00fcyor\u201d dedi.<\/p>\n<p>Kemer tokas\u0131n\u0131 ilk olarak \u00c7anakkale\u2019nin Gelibolu il\u00e7esinde askerlik yapt\u0131\u011f\u0131 esnada yap\u0131lan kaz\u0131larda g\u00f6rd\u00fc\u011f\u00fcn\u00fc ifade eden Duran, \u201cOrada bir kaz\u0131 sonucunda bu tokan\u0131n \u00e7\u0131k\u0131\u015f an\u0131n\u0131 g\u00f6rm\u00fc\u015ft\u00fcm kaz\u0131 esnas\u0131nda. Bu beni etkilemi\u015fti ve askerli\u011fimi orada yapman\u0131n verdi\u011fi etki ile hepsi birle\u015fince deri i\u015fine de girdikten sonra bu askeri palaskan\u0131n tekrar g\u00fcn\u00fcm\u00fcze gelmesinde katk\u0131m olabilir mi diye i\u015fe ba\u015flad\u0131m 4 sene \u00f6nce ve sonras\u0131nda bu i\u015fe girdim\u201d \u015feklinde konu\u015ftu.<\/p>\n<p>\u201cHedefim gelecek nesillere ula\u015ft\u0131rarak, ecdad\u0131m\u0131z\u0131 yad etmek\u201d<\/p>\n<p>Asakir-i \u015eahane kemerini baz\u0131 kesimlere ula\u015ft\u0131rd\u0131\u011f\u0131n\u0131 ifade eden Duran, \u201cBunu devlet yetkililerinin de yard\u0131m\u0131yla g\u00fcndemde tutmak istiyorum. Bunun gelecek nesillere aktar\u0131lmas\u0131 ve ecdad\u0131m\u0131z\u0131n yad edilmesini istiyorum. Tek hedefim de budur\u201d dedi.<\/p>\n","protected":false},"excerpt":{"rendered":"<p>KEMER TOKALARININ D\u00d6N\u00dc\u015e\u00dcM\u00dc VE KEMER\u0130N SON HAL\u0130<\/p>\n","protected":false},"author":1,"featured_media":195957,"comment_status":"closed","ping_status":"open","sticky":false,"template":"","format":"standard","meta":{"jetpack_post_was_ever_published":false,"_jetpack_newsletter_access":"","_jetpack_dont_email_post_to_subs":false,"_jetpack_newsletter_tier_id":0,"_jetpack_memberships_contains_paywalled_content":false,"_jetpack_memberships_contains_paid_content":false,"footnotes":"","jetpack_publicize_message":"","jetpack_publicize_feature_enabled":true,"jetpack_social_post_already_shared":true,"jetpack_social_options":{"image_generator_settings":{"template":"highway","default_image_id":0,"font":"","enabled":false},"version":2}},"categories":[1],"tags":[5410,5867,11043,49203,49202,341,21396,720],"class_list":["post-195956","post","type-post","status-publish","format-standard","has-post-thumbnail","hentry","category-genel","tag-osmanli","tag-kemer","tag-kullandigi","tag-kullanilmadan","tag-subaylarinin","tag-teknoloji","tag-uretiliyor","tag-yeniden"],"jetpack_publicize_connections":[],"jetpack_featured_media_url":"https:\/\/i0.wp.com\/www.tvturk.com\/wp-content\/uploads\/2019\/08\/osmanli-subaylarinin-kullandigi-kemer-teknoloji-kullanilmadan-yeniden-uretiliyor_b37cd7d.jpg?fit=1000%2C662","jetpack_sharing_enabled":true,"jetpack_shortlink":"https:\/\/wp.me\/paKIfm-OYA","_links":{"self":[{"href":"http:\/\/www.tvturk.com\/index.php\/wp-json\/wp\/v2\/posts\/195956","targetHints":{"allow":["GET"]}}],"collection":[{"href":"http:\/\/www.tvturk.com\/index.php\/wp-json\/wp\/v2\/posts"}],"about":[{"href":"http:\/\/www.tvturk.com\/index.php\/wp-json\/wp\/v2\/types\/post"}],"author":[{"embeddable":true,"href":"http:\/\/www.tvturk.com\/index.php\/wp-json\/wp\/v2\/users\/1"}],"replies":[{"embeddable":true,"href":"http:\/\/www.tvturk.com\/index.php\/wp-json\/wp\/v2\/comments?post=195956"}],"version-history":[{"count":0,"href":"http:\/\/www.tvturk.com\/index.php\/wp-json\/wp\/v2\/posts\/195956\/revisions"}],"wp:featuredmedia":[{"embeddable":true,"href":"http:\/\/www.tvturk.com\/index.php\/wp-json\/wp\/v2\/media\/195957"}],"wp:attachment":[{"href":"http:\/\/www.tvturk.com\/index.php\/wp-json\/wp\/v2\/media?parent=195956"}],"wp:term":[{"taxonomy":"category","embeddable":true,"href":"http:\/\/www.tvturk.com\/index.php\/wp-json\/wp\/v2\/categories?post=195956"},{"taxonomy":"post_tag","embeddable":true,"href":"http:\/\/www.tvturk.com\/index.php\/wp-json\/wp\/v2\/tags?post=195956"}],"curies":[{"name":"wp","href":"https:\/\/api.w.org\/{rel}","templated":true}]}}