{"id":196044,"date":"2019-08-26T11:46:39","date_gmt":"2019-08-26T08:46:39","guid":{"rendered":"http:\/\/www.tvturk.com\/index.php\/akilli-belediyecilikte-mobil-zabita-donemi\/"},"modified":"2019-08-26T11:46:39","modified_gmt":"2019-08-26T08:46:39","slug":"akilli-belediyecilikte-mobil-zabita-donemi","status":"publish","type":"post","link":"http:\/\/www.tvturk.com\/index.php\/akilli-belediyecilikte-mobil-zabita-donemi\/","title":{"rendered":"Ak\u0131ll\u0131 belediyecilikte mobil zab\u0131ta d\u00f6nemi"},"content":{"rendered":"<p>\u0130neg\u00f6l Belediyesi\u2019nde mobil zab\u0131ta d\u00f6nemi ba\u015flad\u0131.<\/p>\n<p>Belediye Bilgi \u0130\u015flem M\u00fcd\u00fcrl\u00fc\u011f\u00fcn\u00fcn yapt\u0131\u011f\u0131 \u00e7al\u0131\u015fmalar ile Zab\u0131ta M\u00fcd\u00fcrl\u00fc\u011f\u00fc vatanda\u015f\u0131n talep ve \u015fik\u00e2yetlerine y\u00f6nelik mobil uygulama ortam\u0131na ge\u00e7mi\u015fti. \u015eimdi ise mobil denetim takip sistemi ile zab\u0131ta ekipleri sahada \u00e7ok daha g\u00fc\u00e7l\u00fc olacak.<\/p>\n<p>Bilgi \u0130\u015flem M\u00fcd\u00fcrl\u00fc\u011f\u00fc\u2019n\u00fcn analitik \u00e7al\u0131\u015fmalar\u0131 sayesinde \u201ci\u015f zek\u00e2s\u0131 ve raporlama\u201d uygulamalar\u0131 ile son bir y\u0131l i\u00e7erisinde mobil uygulamaya ge\u00e7irmi\u015f oldu\u011fu zab\u0131ta saha ekipleri taraf\u0131ndan toplam 8434 kalem i\u015f ve i\u015flem ger\u00e7ekle\u015ftirilmi\u015f oldu.  Ekipler, art\u0131k ofise gitmeden sadece b\u00f6lgelerde \u00e7al\u0131\u015f\u0131yor, denetim ve i\u015flemleri \u00e2n\u0131nda ve yerinde yap\u0131yor. Sahadaki h\u0131zl\u0131 \u00e7al\u0131\u015fmalar\u0131yla vatanda\u015f\u0131n memnuniyetini art\u0131ran zab\u0131ta ekipleri, tam donan\u0131ml\u0131 teknolojik cihazlar\u0131yla b\u00fct\u00fcn i\u015flemleri yerinde olarak yapabilecek.<\/p>\n<p>Konuyla ilgili a\u00e7\u0131klamada bulunan Belediye Ba\u015fkan\u0131 Alper Taban, \u201c2018 y\u0131l\u0131 itibari ile ba\u015flat\u0131lan pilot uygulamadan olumlu sonu\u00e7lar al\u0131narak vatanda\u015flar\u0131m\u0131z\u0131n her t\u00fcrl\u00fc s\u0131k\u0131nt\u0131lar\u0131n\u0131 dinleyen, \u00e7\u00f6zmek i\u00e7in gayret g\u00f6steren ve belediyemizi sokakta temsil eden zab\u0131ta personelimizi mobil teknoloji ile donatt\u0131k. Ofislerine gitmelerine gerek kalmaks\u0131z\u0131n her t\u00fcrl\u00fc talep ve \u015fikayetin h\u00e2ricinde yapm\u0131\u015f oldu\u011fumuz son geli\u015ftirmeler neticesinde sahadayken i\u015fyerlerini de mobil teknolojilerin getirdi\u011fi kolayl\u0131klar sayesinde denetleyebiliyorlar. Bu sayede uygunsuz hareket etmekte olan esnaflar\u0131m\u0131z\u0131 uyarabilecek ve yap\u0131lan b\u00fct\u00fcn i\u015f ve i\u015flemler merkez ofislere de \u00e2n\u0131nda bildirilmi\u015f olacaklar. Yenilik\u00e7i uygulamalar\u0131m\u0131z\u0131 her alanda vatanda\u015f\u0131m\u0131z\u0131n hizmetine sunaca\u011f\u0131z. Bilgi teknolojileri alan\u0131nda yapm\u0131\u015f oldu\u011fumuz \u00e7al\u0131\u015fmalar\u0131m\u0131z ile \u015fehrin huzuruna \u00e7ok daha fazla katk\u0131 verece\u011fiz\u201d a\u00e7\u0131klamas\u0131nda bulundu.<\/p>\n","protected":false},"excerpt":{"rendered":"<p>\u0130NEG\u00d6L BELED\u0130YES\u0130\u2019NDE MOB\u0130L ZABITA D\u00d6NEM\u0130 BA\u015eLADI.<\/p>\n","protected":false},"author":1,"featured_media":196045,"comment_status":"closed","ping_status":"open","sticky":false,"template":"","format":"standard","meta":{"jetpack_post_was_ever_published":false,"_jetpack_newsletter_access":"","_jetpack_dont_email_post_to_subs":false,"_jetpack_newsletter_tier_id":0,"_jetpack_memberships_contains_paywalled_content":false,"_jetpack_memberships_contains_paid_content":false,"footnotes":"","jetpack_publicize_message":"","jetpack_publicize_feature_enabled":true,"jetpack_social_post_already_shared":true,"jetpack_social_options":{"image_generator_settings":{"template":"highway","default_image_id":0,"font":"","enabled":false},"version":2}},"categories":[1],"tags":[407,11907,2088,2183,16454],"class_list":["post-196044","post","type-post","status-publish","format-standard","has-post-thumbnail","hentry","category-genel","tag-akilli","tag-belediyecilikte","tag-donemi","tag-mobil","tag-zabita"],"jetpack_publicize_connections":[],"jetpack_featured_media_url":"https:\/\/i0.wp.com\/www.tvturk.com\/wp-content\/uploads\/2019\/08\/akilli-belediyecilikte-mobil-zabita-donemi_d7db9af.jpg?fit=1000%2C666","jetpack_sharing_enabled":true,"jetpack_shortlink":"https:\/\/wp.me\/paKIfm-P00","_links":{"self":[{"href":"http:\/\/www.tvturk.com\/index.php\/wp-json\/wp\/v2\/posts\/196044","targetHints":{"allow":["GET"]}}],"collection":[{"href":"http:\/\/www.tvturk.com\/index.php\/wp-json\/wp\/v2\/posts"}],"about":[{"href":"http:\/\/www.tvturk.com\/index.php\/wp-json\/wp\/v2\/types\/post"}],"author":[{"embeddable":true,"href":"http:\/\/www.tvturk.com\/index.php\/wp-json\/wp\/v2\/users\/1"}],"replies":[{"embeddable":true,"href":"http:\/\/www.tvturk.com\/index.php\/wp-json\/wp\/v2\/comments?post=196044"}],"version-history":[{"count":0,"href":"http:\/\/www.tvturk.com\/index.php\/wp-json\/wp\/v2\/posts\/196044\/revisions"}],"wp:featuredmedia":[{"embeddable":true,"href":"http:\/\/www.tvturk.com\/index.php\/wp-json\/wp\/v2\/media\/196045"}],"wp:attachment":[{"href":"http:\/\/www.tvturk.com\/index.php\/wp-json\/wp\/v2\/media?parent=196044"}],"wp:term":[{"taxonomy":"category","embeddable":true,"href":"http:\/\/www.tvturk.com\/index.php\/wp-json\/wp\/v2\/categories?post=196044"},{"taxonomy":"post_tag","embeddable":true,"href":"http:\/\/www.tvturk.com\/index.php\/wp-json\/wp\/v2\/tags?post=196044"}],"curies":[{"name":"wp","href":"https:\/\/api.w.org\/{rel}","templated":true}]}}