{"id":196050,"date":"2019-08-26T11:47:01","date_gmt":"2019-08-26T08:47:01","guid":{"rendered":"http:\/\/www.tvturk.com\/index.php\/ziynet-saliden-kadin-cinayetlerine-pankartli-tepki\/"},"modified":"2019-08-26T11:47:01","modified_gmt":"2019-08-26T08:47:01","slug":"ziynet-saliden-kadin-cinayetlerine-pankartli-tepki","status":"publish","type":"post","link":"http:\/\/www.tvturk.com\/index.php\/ziynet-saliden-kadin-cinayetlerine-pankartli-tepki\/","title":{"rendered":"Ziynet Sali\u2019den kad\u0131n cinayetlerine pankartl\u0131 tepki"},"content":{"rendered":"<p>\u00dcnl\u00fc tatil merkezi \u00c7e\u015fme\u2019de sahneye \u00e7\u0131kan \u00fcnl\u00fc sanat\u00e7\u0131 Ziynet Sali, kad\u0131n cinayetlerine iki gen\u00e7 k\u0131z ile birlikte sahnede pankart a\u00e7arak tepki g\u00f6sterdi.<\/p>\n<p>Yaz konserleri kapsam\u0131nda \u00c7e\u015fme Amfi Tiyatro\u2019da hayranlar\u0131 ile bulu\u015fan Ziynet Sali, konseri s\u0131ras\u0131nda yapt\u0131\u011f\u0131 a\u00e7\u0131klama ile ge\u00e7ti\u011fimiz g\u00fcn babas\u0131n\u0131 kaybeden Sezen Aksu\u2019ya ba\u015fsa\u011fl\u0131\u011f\u0131 diledi. Son g\u00fcnlerde meydana gelen orman yang\u0131nlar\u0131na da tepkisiz kalmayan Sali, &#8220;Yak\u0131n ge\u00e7mi\u015fte a\u011fa\u00e7lar\u0131m\u0131z, ormanlar\u0131m\u0131z yand\u0131&#8221; dedi. Seyircilerin sessiz kalmas\u0131 \u00fczerine Sali, &#8220;Neden b\u00f6yle sessiz kal\u0131yoruz? Sessizli\u011fe mi g\u00f6m\u00fcld\u00fck? Sessizli\u011fe g\u00f6m\u00fclmememiz gerekir. Sesimizi \u00f6yle y\u00fckseltmemiz gerekiyor ki ne a\u011fa\u00e7lar\u0131m\u0131z kesilsin, ne kad\u0131nlar\u0131m\u0131z kesilsin, ne \u00e7ocuklar\u0131m\u0131z taciz edilsin, ne hayvanlar\u0131m\u0131z zarar g\u00f6rs\u00fcn. Sizin gibi dostlara ihtiyac\u0131m\u0131z var. Ele ele olup kenetlenmemiz gerekir&#8221; diye konu\u015ftu. Bunun \u00fczerine hayranlar\u0131 alk\u0131\u015flarla sanat\u00e7\u0131ya destek verdi.<\/p>\n<p>Pankartla kad\u0131n cinayetlerine tepki<\/p>\n<p>Sanat\u00e7\u0131lar\u0131n g\u00f6revinin sadece \u015fark\u0131 s\u00f6ylemek ve \u015fark\u0131lar\u0131n\u0131 payla\u015fmak olmamas\u0131 gerekti\u011fini d\u00fc\u015f\u00fcnd\u00fc\u011f\u00fcn\u00fc belirten Sali, sahneye pankartlarla \u00e7\u0131kan 2 gen\u00e7 k\u0131z hayran\u0131 ile birlikte b\u00fct\u00fcn T\u00fcrkiye\u2019yi yasa bo\u011fan Emine Bulut cinayetini protesto etti. &#8220;\u015eiddete Hay\u0131r! Kad\u0131n cinayetlerine son\u2019 Emine Bulut&#8221; yaz\u0131l\u0131 pankart\u0131 a\u00e7an Ziynet Sali, kad\u0131n cinayetlerine son verilmesi i\u00e7in erkeklere de g\u00f6rev d\u00fc\u015ft\u00fc\u011f\u00fcn\u00fc vurgulayarak, &#8220;\u00c7\u00fcnk\u00fc kurunun yan\u0131nda ya\u015f da yanar. Ya\u015f, siz oluyorsunuz&#8221; diye konu\u015ftu.<\/p>\n<p>\u00dcnl\u00fc \u015fark\u0131c\u0131, yakla\u015f\u0131k 2 saat boyunca \u015fark\u0131lar\u0131 ile hayranlar\u0131na keyifli anlar ya\u015fatt\u0131.<\/p>\n","protected":false},"excerpt":{"rendered":"<p>\u00c7E\u015eME&#8217;DE SAHNE ALAN Z\u0130YNET SAL\u0130, KADIN C\u0130NAYETLER\u0130NE PANKART A\u00c7ARAK TEPK\u0130 G\u00d6STERD\u0130.<\/p>\n","protected":false},"author":1,"featured_media":196051,"comment_status":"closed","ping_status":"open","sticky":false,"template":"","format":"standard","meta":{"jetpack_post_was_ever_published":false,"_jetpack_newsletter_access":"","_jetpack_dont_email_post_to_subs":false,"_jetpack_newsletter_tier_id":0,"_jetpack_memberships_contains_paywalled_content":false,"_jetpack_memberships_contains_paid_content":false,"footnotes":"","jetpack_publicize_message":"","jetpack_publicize_feature_enabled":true,"jetpack_social_post_already_shared":true,"jetpack_social_options":{"image_generator_settings":{"template":"highway","default_image_id":0,"font":"","enabled":false},"version":2}},"categories":[1],"tags":[37469,108,35038,49229,961,1159],"class_list":["post-196050","post","type-post","status-publish","format-standard","has-post-thumbnail","hentry","category-genel","tag-cinayetlerine","tag-kadin","tag-pankartli","tag-saliden","tag-tepki","tag-ziynet"],"jetpack_publicize_connections":[],"jetpack_featured_media_url":"https:\/\/i0.wp.com\/www.tvturk.com\/wp-content\/uploads\/2019\/08\/ziynet-saliden-kadin-cinayetlerine-pankartli-tepki_8040da2.jpg?fit=1000%2C752","jetpack_sharing_enabled":true,"jetpack_shortlink":"https:\/\/wp.me\/paKIfm-P06","_links":{"self":[{"href":"http:\/\/www.tvturk.com\/index.php\/wp-json\/wp\/v2\/posts\/196050","targetHints":{"allow":["GET"]}}],"collection":[{"href":"http:\/\/www.tvturk.com\/index.php\/wp-json\/wp\/v2\/posts"}],"about":[{"href":"http:\/\/www.tvturk.com\/index.php\/wp-json\/wp\/v2\/types\/post"}],"author":[{"embeddable":true,"href":"http:\/\/www.tvturk.com\/index.php\/wp-json\/wp\/v2\/users\/1"}],"replies":[{"embeddable":true,"href":"http:\/\/www.tvturk.com\/index.php\/wp-json\/wp\/v2\/comments?post=196050"}],"version-history":[{"count":0,"href":"http:\/\/www.tvturk.com\/index.php\/wp-json\/wp\/v2\/posts\/196050\/revisions"}],"wp:featuredmedia":[{"embeddable":true,"href":"http:\/\/www.tvturk.com\/index.php\/wp-json\/wp\/v2\/media\/196051"}],"wp:attachment":[{"href":"http:\/\/www.tvturk.com\/index.php\/wp-json\/wp\/v2\/media?parent=196050"}],"wp:term":[{"taxonomy":"category","embeddable":true,"href":"http:\/\/www.tvturk.com\/index.php\/wp-json\/wp\/v2\/categories?post=196050"},{"taxonomy":"post_tag","embeddable":true,"href":"http:\/\/www.tvturk.com\/index.php\/wp-json\/wp\/v2\/tags?post=196050"}],"curies":[{"name":"wp","href":"https:\/\/api.w.org\/{rel}","templated":true}]}}