{"id":196064,"date":"2019-08-26T12:02:06","date_gmt":"2019-08-26T09:02:06","guid":{"rendered":"http:\/\/www.tvturk.com\/index.php\/malazgirt-cumhurbaskani-erdogani-bekliyor\/"},"modified":"2019-08-26T12:02:06","modified_gmt":"2019-08-26T09:02:06","slug":"malazgirt-cumhurbaskani-erdogani-bekliyor","status":"publish","type":"post","link":"http:\/\/www.tvturk.com\/index.php\/malazgirt-cumhurbaskani-erdogani-bekliyor\/","title":{"rendered":"Malazgirt, Cumhurba\u015fkan\u0131 Erdo\u011fan\u2019\u0131 bekliyor"},"content":{"rendered":"<p>Mu\u015f\u2019un Malazgirt il\u00e7esinde Cumhurba\u015fkan\u0131 Recep Tayyip Erdo\u011fan\u2019\u0131n da kat\u0131laca\u011f\u0131 Malazgirt Zaferi\u2019nin y\u0131l d\u00f6n\u00fcm\u00fc t\u00f6reni ba\u015flad\u0131.<\/p>\n<p>Malazgirt T\u00f6ren Alan\u0131\u2019nda d\u00fczenlenecek t\u00f6ren \u00f6ncesi vatanda\u015flar \u00fcst aramas\u0131ndan ge\u00e7irilerek alana al\u0131nmaya ba\u015fland\u0131. Sayg\u0131 duru\u015fu ve \u0130stiklal Mar\u015f\u0131\u2019n\u0131n okunmas\u0131yla ba\u015flayan t\u00f6ren, mehteran g\u00f6sterisiyle devam etti. Cumhurba\u015fkan\u0131 Recep Tayyip Erdo\u011fan ba\u015fta olmak \u00fczere devletin \u00fcst kademesinin kat\u0131laca\u011f\u0131 t\u00f6ren, renkli g\u00f6r\u00fcnt\u00fcler olu\u015fturdu.<\/p>\n","protected":false},"excerpt":{"rendered":"<p>MU\u015e\u2019UN MALAZG\u0130RT \u0130L\u00c7ES\u0130NDE CUMHURBA\u015eKANI RECEP TAYY\u0130P ERDO\u011eAN\u2019IN DA KATILACA\u011eI MALAZG\u0130RT ZAFER\u0130\u2019N\u0130N YILD\u00d6N\u00dcM\u00dc T\u00d6REN\u0130 BA\u015eLADI.<\/p>\n","protected":false},"author":1,"featured_media":196065,"comment_status":"closed","ping_status":"open","sticky":false,"template":"","format":"standard","meta":{"jetpack_post_was_ever_published":false,"_jetpack_newsletter_access":"","_jetpack_dont_email_post_to_subs":false,"_jetpack_newsletter_tier_id":0,"_jetpack_memberships_contains_paywalled_content":false,"_jetpack_memberships_contains_paid_content":false,"footnotes":"","jetpack_publicize_message":"","jetpack_publicize_feature_enabled":true,"jetpack_social_post_already_shared":true,"jetpack_social_options":{"image_generator_settings":{"template":"highway","default_image_id":0,"font":"","enabled":false},"version":2}},"categories":[1],"tags":[4378,503,7689,12224],"class_list":["post-196064","post","type-post","status-publish","format-standard","has-post-thumbnail","hentry","category-genel","tag-bekliyor","tag-cumhurbaskani","tag-erdogani","tag-malazgirt"],"jetpack_publicize_connections":[],"jetpack_featured_media_url":"https:\/\/i0.wp.com\/www.tvturk.com\/wp-content\/uploads\/2019\/08\/malazgirt-cumhurbaskani-erdogani-bekliyor_2c21991.jpg?fit=1000%2C666","jetpack_sharing_enabled":true,"jetpack_shortlink":"https:\/\/wp.me\/paKIfm-P0k","_links":{"self":[{"href":"http:\/\/www.tvturk.com\/index.php\/wp-json\/wp\/v2\/posts\/196064","targetHints":{"allow":["GET"]}}],"collection":[{"href":"http:\/\/www.tvturk.com\/index.php\/wp-json\/wp\/v2\/posts"}],"about":[{"href":"http:\/\/www.tvturk.com\/index.php\/wp-json\/wp\/v2\/types\/post"}],"author":[{"embeddable":true,"href":"http:\/\/www.tvturk.com\/index.php\/wp-json\/wp\/v2\/users\/1"}],"replies":[{"embeddable":true,"href":"http:\/\/www.tvturk.com\/index.php\/wp-json\/wp\/v2\/comments?post=196064"}],"version-history":[{"count":0,"href":"http:\/\/www.tvturk.com\/index.php\/wp-json\/wp\/v2\/posts\/196064\/revisions"}],"wp:featuredmedia":[{"embeddable":true,"href":"http:\/\/www.tvturk.com\/index.php\/wp-json\/wp\/v2\/media\/196065"}],"wp:attachment":[{"href":"http:\/\/www.tvturk.com\/index.php\/wp-json\/wp\/v2\/media?parent=196064"}],"wp:term":[{"taxonomy":"category","embeddable":true,"href":"http:\/\/www.tvturk.com\/index.php\/wp-json\/wp\/v2\/categories?post=196064"},{"taxonomy":"post_tag","embeddable":true,"href":"http:\/\/www.tvturk.com\/index.php\/wp-json\/wp\/v2\/tags?post=196064"}],"curies":[{"name":"wp","href":"https:\/\/api.w.org\/{rel}","templated":true}]}}