{"id":196078,"date":"2019-08-26T12:31:54","date_gmt":"2019-08-26T09:31:54","guid":{"rendered":"http:\/\/www.tvturk.com\/index.php\/sivasta-anadolu-tarihini-degistirebilecek-gelisme\/"},"modified":"2019-08-26T12:31:54","modified_gmt":"2019-08-26T09:31:54","slug":"sivasta-anadolu-tarihini-degistirebilecek-gelisme","status":"publish","type":"post","link":"http:\/\/www.tvturk.com\/index.php\/sivasta-anadolu-tarihini-degistirebilecek-gelisme\/","title":{"rendered":"Sivas\u2019ta Anadolu tarihini de\u011fi\u015ftirebilecek geli\u015fme"},"content":{"rendered":"<p>Sivas\u2019\u0131n Do\u011fan\u015far il\u00e7esinde bir \u00e7oban taraf\u0131ndan bulunan bu\u011fday fosilinin milyonlarca y\u0131ll\u0131k oldu\u011fu tahmin ediliyor.<\/p>\n<p>Do\u011fan\u015far il\u00e7esi k\u0131rsal\u0131nda hayvanlar\u0131n\u0131 otlatan \u0130brahim Co\u015far, \u00fczerinde bu\u011fday tanelerine benzer \u015fekillerin oldu\u011fu bir kaya buldu. Co\u015far buldu\u011fu kayay\u0131 yan\u0131na al\u0131p, uzun y\u0131llar Do\u011fan\u015far\u2019da fosiller \u00fczerine ara\u015ft\u0131rma yapan Tarih \u00f6\u011fretmeni, ara\u015ft\u0131rmac\u0131 yazar Fikri Karaman\u2019a ula\u015ft\u0131rd\u0131. Karaman, ilgin\u00e7 kayan\u0131n bu\u011fday fosili oldu\u011funu tespit etti.<\/p>\n<p>Milyonlarca y\u0131ll\u0131k olabilir<\/p>\n<p>Karaman, fosilin milyonlarca y\u0131ll\u0131k olabilece\u011fini belirterek, \u201cDo\u011fan\u015far\u2019da zaman zaman bu ilgin\u00e7 durumlarla da kar\u015f\u0131la\u015f\u0131yoruz. Arkada\u015flar bulduklar\u0131 fosilleri veya belgeleri bize getiriyor. \u0130lk kez b\u00f6yle bir fosille kar\u015f\u0131la\u015f\u0131yorum. Elimde on binlerce bu\u011fday, mercimek ve benzeri tohumun fosili bulunmakta. Art\u0131k y\u00fcz bin y\u0131ll\u0131k m\u0131, milyon y\u0131ll\u0131k m\u0131 bilemiyorum. Ona bilim adamlar\u0131 karar versin. Bu ta\u015f\u0131 \u00e7oban arkada\u015f \u0130brahim Co\u015far Bey bulmu\u015f. Sonra Osman Y\u00fcr\u00fck ve \u00f6\u011frencim Ali K\u0131nc\u0131r vas\u0131tas\u0131 ile teslim ettiler. Bende kamuoyuyla payla\u015f\u0131yorum. B\u00f6yle bir fosili g\u00f6rd\u00fc\u011f\u00fcm i\u00e7in son derece mutluyum\u201d dedi.<\/p>\n<p>Anadolu\u2019nun bilinen tarihini de\u011fi\u015ftirebilir<\/p>\n<p>Bulunan fosil \u00fczerinde yap\u0131lacak bilimsel \u00e7al\u0131\u015fmalar sonras\u0131nda Anadolu\u2019nun bilinen tarihinin de\u011fi\u015febilece\u011fini kaydeden Karaman, \u201cBu fosilin tarihi anla\u015f\u0131ld\u0131\u011f\u0131 zaman Anadolu co\u011frafyas\u0131n\u0131n tarihi anla\u015f\u0131lacak. Ne kadar y\u0131l \u00f6nce bunun burada ziraat\u0131 yap\u0131ld\u0131\u011f\u0131 ve yabani olarak yeti\u015fece\u011fi anla\u015f\u0131lacakt\u0131r. Bu da hem T\u00fcrkiye tarihi a\u00e7\u0131s\u0131ndan hem de d\u00fcnya tarihi a\u00e7\u0131s\u0131ndan \u00f6nemli bir bilgi olacakt\u0131r\u201d \u015feklinde konu\u015ftu.<\/p>\n<p>Denizden 400 kilometre i\u00e7eride ve yakla\u015f\u0131k bin 300 rak\u0131mda olan Do\u011fan\u015far il\u00e7esinde ge\u00e7ti\u011fimiz d\u00f6nemlerde deniz canl\u0131lar\u0131na ait fosillere de rastlanm\u0131\u015ft\u0131.<\/p>\n","protected":false},"excerpt":{"rendered":"<p>S\u0130VAS\u2019IN DO\u011eAN\u015eAR \u0130L\u00c7ES\u0130NDE B\u0130R \u00c7OBAN TARAFINDAN BULUNAN BU\u011eDAY FOS\u0130L\u0130N\u0130N M\u0130LYONLARCA YILLIK OLDU\u011eU TAHM\u0130N ED\u0130L\u0130YOR.<\/p>\n","protected":false},"author":1,"featured_media":196079,"comment_status":"closed","ping_status":"open","sticky":false,"template":"","format":"standard","meta":{"jetpack_post_was_ever_published":false,"_jetpack_newsletter_access":"","_jetpack_dont_email_post_to_subs":false,"_jetpack_newsletter_tier_id":0,"_jetpack_memberships_contains_paywalled_content":false,"_jetpack_memberships_contains_paid_content":false,"footnotes":"","jetpack_publicize_message":"","jetpack_publicize_feature_enabled":true,"jetpack_social_post_already_shared":true,"jetpack_social_options":{"image_generator_settings":{"template":"highway","default_image_id":0,"font":"","enabled":false},"version":2}},"categories":[1],"tags":[1223,49236,5085,3765,12419],"class_list":["post-196078","post","type-post","status-publish","format-standard","has-post-thumbnail","hentry","category-genel","tag-anadolu","tag-degistirebilecek","tag-gelisme","tag-sivasta","tag-tarihini"],"jetpack_publicize_connections":[],"jetpack_featured_media_url":"https:\/\/i0.wp.com\/www.tvturk.com\/wp-content\/uploads\/2019\/08\/sivasta-anadolu-tarihini-degistirebilecek-gelisme_5959b19.jpg?fit=1000%2C666","jetpack_sharing_enabled":true,"jetpack_shortlink":"https:\/\/wp.me\/paKIfm-P0y","_links":{"self":[{"href":"http:\/\/www.tvturk.com\/index.php\/wp-json\/wp\/v2\/posts\/196078","targetHints":{"allow":["GET"]}}],"collection":[{"href":"http:\/\/www.tvturk.com\/index.php\/wp-json\/wp\/v2\/posts"}],"about":[{"href":"http:\/\/www.tvturk.com\/index.php\/wp-json\/wp\/v2\/types\/post"}],"author":[{"embeddable":true,"href":"http:\/\/www.tvturk.com\/index.php\/wp-json\/wp\/v2\/users\/1"}],"replies":[{"embeddable":true,"href":"http:\/\/www.tvturk.com\/index.php\/wp-json\/wp\/v2\/comments?post=196078"}],"version-history":[{"count":0,"href":"http:\/\/www.tvturk.com\/index.php\/wp-json\/wp\/v2\/posts\/196078\/revisions"}],"wp:featuredmedia":[{"embeddable":true,"href":"http:\/\/www.tvturk.com\/index.php\/wp-json\/wp\/v2\/media\/196079"}],"wp:attachment":[{"href":"http:\/\/www.tvturk.com\/index.php\/wp-json\/wp\/v2\/media?parent=196078"}],"wp:term":[{"taxonomy":"category","embeddable":true,"href":"http:\/\/www.tvturk.com\/index.php\/wp-json\/wp\/v2\/categories?post=196078"},{"taxonomy":"post_tag","embeddable":true,"href":"http:\/\/www.tvturk.com\/index.php\/wp-json\/wp\/v2\/tags?post=196078"}],"curies":[{"name":"wp","href":"https:\/\/api.w.org\/{rel}","templated":true}]}}