{"id":196084,"date":"2019-08-26T12:32:09","date_gmt":"2019-08-26T09:32:09","guid":{"rendered":"http:\/\/www.tvturk.com\/index.php\/bursa-karasinin-tadi-murselde-cikti\/"},"modified":"2019-08-26T12:32:09","modified_gmt":"2019-08-26T09:32:09","slug":"bursa-karasinin-tadi-murselde-cikti","status":"publish","type":"post","link":"http:\/\/www.tvturk.com\/index.php\/bursa-karasinin-tadi-murselde-cikti\/","title":{"rendered":"Bursa karas\u0131n\u0131n tad\u0131 M\u00fcrsel\u2019de \u00e7\u0131kt\u0131"},"content":{"rendered":"<p>Mudanya Belediyesi\u2019nin kara incir \u00fcretiminde \u00f6nemli bir yere sahip olan M\u00fcrsel Mahallesi\u2019nde d\u00fczenledi\u011fi 5. Kara \u0130ncir \u015eenli\u011fi b\u00fcy\u00fck ilgi g\u00f6rd\u00fc. \u201cEn kaliteli incir ve en lezzetli incir tatl\u0131s\u0131\u201d yar\u0131\u015fmalar\u0131n\u0131n ard\u0131ndan Gayda \u0130stanbul sahne ald\u0131.<\/p>\n<p>Mudanya Belediyesi taraf\u0131ndan \u00fcretimi art\u0131rmak ve \u00e7ift\u00e7iyi desteklemek maksad\u0131yla d\u00fczenlenen M\u00fcrsel Kara \u0130ncir \u015eenli\u011fi renkli g\u00f6r\u00fcnt\u00fclere sahne oldu. \u201cEn kaliteli incir ve en lezzetli incir tatl\u0131s\u0131\u201d yar\u0131\u015fmalar\u0131n\u0131n yan\u0131 s\u0131ra folklor g\u00f6sterilerinin yer ald\u0131\u011f\u0131 \u015fenlikte Gayda \u0130stanbul sahne ald\u0131.<\/p>\n<p>Mudanya Belediye Ba\u015fkan\u0131 Hayri T\u00fcrky\u0131lmaz, CHP Bursa Milletvekili Nurhayat Altaca Kay\u0131\u015fo\u011flu ile birlikte stantlar\u0131 tek tek ziyaret ederek \u00e7e\u015fitli hediyeler da\u011f\u0131tt\u0131. Hayri T\u00fcrky\u0131lmaz, Mudanya\u2019n\u0131n bereketli topraklar\u0131nda yeti\u015fen \u00fcr\u00fcnlerinin tan\u0131t\u0131m\u0131na katk\u0131 sa\u011flad\u0131klar\u0131n\u0131 belirtti. Mudanya\u2019n\u0131n \u00fc\u00e7 de\u011ferli karas\u0131n\u0131, \u00fcreticisini, k\u00f6yl\u00fcs\u00fcn\u00fc desteklemeyi s\u00fcrd\u00fcrd\u00fcklerini kaydeden Ba\u015fkan T\u00fcrky\u0131lmaz, \u201cGerek incir \u00fcreticisi, gerekse \u00fcz\u00fcm \u00fcreticisi asla endi\u015fe etmesin. Ellerinde kalan inciri ve \u00fcz\u00fcm\u00fc Mudanya Belediyesi t\u00fcccar\u0131n \u00fcst\u00fcne bir lira daha fazla vererek alacak ve Mudanyal\u0131 hem\u015ferilerine da\u011f\u0131tacak. Kazand\u0131\u011f\u0131m\u0131z\u0131, al\u0131n terimizi payla\u015faca\u011f\u0131z\u201d diye konu\u015ftu.<\/p>\n<p>\u201cEn kaliteli incir ve en lezzetli incir tatl\u0131s\u0131\u201d yar\u0131\u015fmas\u0131 \u015fenli\u011fin en fazla ilgi g\u00f6ren faaliyeti oldu. Dereceye giren yar\u0131\u015fmac\u0131lar j\u00fcri \u00fcyeleri taraf\u0131ndan \u00f6d\u00fcllendirildi. Etkinlikte Mudanya Bandosu da mini bir konser verdi. \u015eenli\u011fin finalinde sahneye \u00e7\u0131kan Gayda \u0130stanbul, verdi\u011fi konserle M\u00fcrsellilere keyifli bir g\u00fcn ya\u015fatt\u0131.<\/p>\n","protected":false},"excerpt":{"rendered":"<p>MUDANYA BELED\u0130YES\u0130\u2019N\u0130N KARA \u0130NC\u0130R \u00dcRET\u0130M\u0130NDE \u00d6NEML\u0130 B\u0130R YERE SAH\u0130P OLAN M\u00dcRSEL MAHALLES\u0130\u2019NDE D\u00dcZENLED\u0130\u011e\u0130 5. KARA \u0130NC\u0130R \u015eENL\u0130\u011e\u0130 B\u00dcY\u00dcK \u0130LG\u0130 G\u00d6RD\u00dc.<\/p>\n","protected":false},"author":1,"featured_media":196085,"comment_status":"closed","ping_status":"open","sticky":false,"template":"","format":"standard","meta":{"jetpack_post_was_ever_published":false,"_jetpack_newsletter_access":"","_jetpack_dont_email_post_to_subs":false,"_jetpack_newsletter_tier_id":0,"_jetpack_memberships_contains_paywalled_content":false,"_jetpack_memberships_contains_paid_content":false,"footnotes":"","jetpack_publicize_message":"","jetpack_publicize_feature_enabled":true,"jetpack_social_post_already_shared":true,"jetpack_social_options":{"image_generator_settings":{"template":"highway","default_image_id":0,"font":"","enabled":false},"version":2}},"categories":[1],"tags":[4479,1202,49237,49238,20736],"class_list":["post-196084","post","type-post","status-publish","format-standard","has-post-thumbnail","hentry","category-genel","tag-bursa","tag-cikti","tag-karasinin","tag-murselde","tag-tadi"],"jetpack_publicize_connections":[],"jetpack_featured_media_url":"https:\/\/i0.wp.com\/www.tvturk.com\/wp-content\/uploads\/2019\/08\/bursa-karasinin-tadi-murselde-cikti_b463472.jpg?fit=1000%2C681","jetpack_sharing_enabled":true,"jetpack_shortlink":"https:\/\/wp.me\/paKIfm-P0E","_links":{"self":[{"href":"http:\/\/www.tvturk.com\/index.php\/wp-json\/wp\/v2\/posts\/196084","targetHints":{"allow":["GET"]}}],"collection":[{"href":"http:\/\/www.tvturk.com\/index.php\/wp-json\/wp\/v2\/posts"}],"about":[{"href":"http:\/\/www.tvturk.com\/index.php\/wp-json\/wp\/v2\/types\/post"}],"author":[{"embeddable":true,"href":"http:\/\/www.tvturk.com\/index.php\/wp-json\/wp\/v2\/users\/1"}],"replies":[{"embeddable":true,"href":"http:\/\/www.tvturk.com\/index.php\/wp-json\/wp\/v2\/comments?post=196084"}],"version-history":[{"count":0,"href":"http:\/\/www.tvturk.com\/index.php\/wp-json\/wp\/v2\/posts\/196084\/revisions"}],"wp:featuredmedia":[{"embeddable":true,"href":"http:\/\/www.tvturk.com\/index.php\/wp-json\/wp\/v2\/media\/196085"}],"wp:attachment":[{"href":"http:\/\/www.tvturk.com\/index.php\/wp-json\/wp\/v2\/media?parent=196084"}],"wp:term":[{"taxonomy":"category","embeddable":true,"href":"http:\/\/www.tvturk.com\/index.php\/wp-json\/wp\/v2\/categories?post=196084"},{"taxonomy":"post_tag","embeddable":true,"href":"http:\/\/www.tvturk.com\/index.php\/wp-json\/wp\/v2\/tags?post=196084"}],"curies":[{"name":"wp","href":"https:\/\/api.w.org\/{rel}","templated":true}]}}