{"id":196100,"date":"2019-08-26T12:46:50","date_gmt":"2019-08-26T09:46:50","guid":{"rendered":"http:\/\/www.tvturk.com\/index.php\/turkiye-7-yasindaki-salim-icin-seferber-oldu\/"},"modified":"2019-08-26T12:46:50","modified_gmt":"2019-08-26T09:46:50","slug":"turkiye-7-yasindaki-salim-icin-seferber-oldu","status":"publish","type":"post","link":"http:\/\/www.tvturk.com\/index.php\/turkiye-7-yasindaki-salim-icin-seferber-oldu\/","title":{"rendered":"T\u00fcrkiye 7 ya\u015f\u0131ndaki Salim i\u00e7in seferber oldu"},"content":{"rendered":"<p>Nev\u015fehirli 7 ya\u015f\u0131ndaki l\u00f6semi hastas\u0131 Salim Denizhan i\u00e7in k\u00f6k h\u00fccre kampanyas\u0131 ba\u015flat\u0131ld\u0131. Minik Salim\u2019in yeniden sa\u011fl\u0131\u011f\u0131na kavu\u015fabilmesi i\u00e7in kan vermek isteyenler K\u0131z\u0131lay Kan Merkezine ba\u015fvurabilecek.<\/p>\n<p>7 ya\u015f\u0131ndaki l\u00f6semi hastas\u0131 Salim Denizhan, Kayseri Erciyes \u00dcniversitesi T\u0131p Fak\u00fcltesinde ya\u015fama tutunmaya \u00e7al\u0131\u015f\u0131yor. Minik Salim\u2019in t\u0131pk\u0131 ya\u015f\u0131tlar\u0131 gibi sa\u011fl\u0131kl\u0131 bir \u015fekilde ya\u015fam\u0131n\u0131 s\u00fcrd\u00fcrmesi i\u00e7in gerekli k\u00f6k h\u00fccrenin bulunmas\u0131 amac\u0131yla Nev\u015fehir\u2019de kampanya ba\u015flat\u0131ld\u0131. Kan ba\u011f\u0131\u015f\u0131nda bulunarak kampanyaya kat\u0131lmak isteyenler, Ticaret Borsas\u0131 kar\u015f\u0131s\u0131nda bulunan K\u0131z\u0131lay Kan Merkezine ba\u015fvurabilecekler. Nev\u015fehir\u2019de bug\u00fcne kadar 280 ki\u015finin kampanyaya kat\u0131ld\u0131\u011f\u0131 \u00f6\u011frenilirken, minik Salim\u2019in anneannesi Resmiye A\u011fa\u00e7delen g\u00f6zya\u015flar\u0131 i\u00e7inde yard\u0131m istedi.<\/p>\n<p>Kampanyaya destek i\u00e7in K\u0131z\u0131lay Kan Merkezine gelen vatanda\u015flar\u0131 kar\u015f\u0131layarak te\u015fekk\u00fcr eden Resmiye A\u011fa\u00e7delen,  \u201cHerkesten Allah raz\u0131 olsun. Duyguland\u0131m. Hi\u00e7bir \u015fey s\u00f6yleyemiyorum. \u0130n\u015fallah arad\u0131\u011f\u0131m\u0131z kan, doner biran \u00f6nce bulunur. Ne olur gelin kan verin. \u00c7ocu\u011fumuzu kurtaral\u0131m. B\u00f6yle ilgiyi, deste\u011fi beklemiyorduk. Ama \u00e7ok duyarl\u0131 insanlar\u0131m\u0131z var. Herkes ak\u0131n ak\u0131n geliyor. Daha da gelseler iyi olur. T\u00fcrkiye\u2019nin her yerinde bu kampanya ba\u015flat\u0131ld\u0131. Ne olur gelin kan verin, bug\u00fcn bize, yar\u0131n size. Kimse bizim ba\u015f\u0131m\u0131za gelmez diye d\u00fc\u015f\u00fcnmesin, herkes kan versin\u201d diye konu\u015ftu.<\/p>\n","protected":false},"excerpt":{"rendered":"<p>NEV\u015eEH\u0130RL\u0130 7 YA\u015eINDAK\u0130 L\u00d6SEM\u0130 HASTASI SAL\u0130M DEN\u0130ZHAN \u0130\u00c7\u0130N K\u00d6K H\u00dcCRE KAMPANYASI BA\u015eLATILDI. M\u0130N\u0130K SAL\u0130M\u2019\u0130N YEN\u0130DEN SA\u011eLI\u011eINA KAVU\u015eAB\u0130LMES\u0130 \u0130\u00c7\u0130N KAN VERMEK \u0130STEYENLER KIZILAY KAN MERKEZ\u0130\u2019NE BA\u015eVURAB\u0130LECEK.<\/p>\n","protected":false},"author":1,"featured_media":196101,"comment_status":"closed","ping_status":"open","sticky":false,"template":"","format":"standard","meta":{"jetpack_post_was_ever_published":false,"_jetpack_newsletter_access":"","_jetpack_dont_email_post_to_subs":false,"_jetpack_newsletter_tier_id":0,"_jetpack_memberships_contains_paywalled_content":false,"_jetpack_memberships_contains_paid_content":false,"footnotes":"","jetpack_publicize_message":"","jetpack_publicize_feature_enabled":true,"jetpack_social_post_already_shared":true,"jetpack_social_options":{"image_generator_settings":{"template":"highway","default_image_id":0,"font":"","enabled":false},"version":2}},"categories":[1],"tags":[44,77,4678,3577,453,1063],"class_list":["post-196100","post","type-post","status-publish","format-standard","has-post-thumbnail","hentry","category-genel","tag-icin","tag-oldu","tag-salim","tag-seferber","tag-turkiye","tag-yasindaki"],"jetpack_publicize_connections":[],"jetpack_featured_media_url":"https:\/\/i0.wp.com\/www.tvturk.com\/wp-content\/uploads\/2019\/08\/turkiye-7-yasindaki-salim-icin-seferber-oldu_35b9c6c.jpg?fit=1000%2C666","jetpack_sharing_enabled":true,"jetpack_shortlink":"https:\/\/wp.me\/paKIfm-P0U","_links":{"self":[{"href":"http:\/\/www.tvturk.com\/index.php\/wp-json\/wp\/v2\/posts\/196100","targetHints":{"allow":["GET"]}}],"collection":[{"href":"http:\/\/www.tvturk.com\/index.php\/wp-json\/wp\/v2\/posts"}],"about":[{"href":"http:\/\/www.tvturk.com\/index.php\/wp-json\/wp\/v2\/types\/post"}],"author":[{"embeddable":true,"href":"http:\/\/www.tvturk.com\/index.php\/wp-json\/wp\/v2\/users\/1"}],"replies":[{"embeddable":true,"href":"http:\/\/www.tvturk.com\/index.php\/wp-json\/wp\/v2\/comments?post=196100"}],"version-history":[{"count":0,"href":"http:\/\/www.tvturk.com\/index.php\/wp-json\/wp\/v2\/posts\/196100\/revisions"}],"wp:featuredmedia":[{"embeddable":true,"href":"http:\/\/www.tvturk.com\/index.php\/wp-json\/wp\/v2\/media\/196101"}],"wp:attachment":[{"href":"http:\/\/www.tvturk.com\/index.php\/wp-json\/wp\/v2\/media?parent=196100"}],"wp:term":[{"taxonomy":"category","embeddable":true,"href":"http:\/\/www.tvturk.com\/index.php\/wp-json\/wp\/v2\/categories?post=196100"},{"taxonomy":"post_tag","embeddable":true,"href":"http:\/\/www.tvturk.com\/index.php\/wp-json\/wp\/v2\/tags?post=196100"}],"curies":[{"name":"wp","href":"https:\/\/api.w.org\/{rel}","templated":true}]}}