{"id":196104,"date":"2019-08-26T12:47:24","date_gmt":"2019-08-26T09:47:24","guid":{"rendered":"http:\/\/www.tvturk.com\/index.php\/emmanuel-adebayor-kayseriye-geldi\/"},"modified":"2019-08-26T12:47:24","modified_gmt":"2019-08-26T09:47:24","slug":"emmanuel-adebayor-kayseriye-geldi","status":"publish","type":"post","link":"http:\/\/www.tvturk.com\/index.php\/emmanuel-adebayor-kayseriye-geldi\/","title":{"rendered":"Emmanuel Adebayor Kayseri\u2019ye geldi"},"content":{"rendered":"<p>\u0130stikbal Mobilya Kayserispor\u2019un prensipte anla\u015fmaya vard\u0131\u011f\u0131 Togolu futbolcu Emmanuel Adebayor, Kayseri\u2019ye geldi.<\/p>\n<p>Uzun s\u00fcredir forvet aray\u0131\u015flar\u0131n\u0131 s\u00fcrd\u00fcren \u0130M Kayserispor, son olarak Medipol Ba\u015fak\u015fehir formas\u0131 giyen Adebayor ile her konuda anla\u015fma sa\u011flad\u0131 ve oyuncuyu Kayseri\u2019ye getirdi. Saat 11.30\u2019da Erkilet Havaalan\u0131\u2019na inen Emmanuel Adebayor, y\u00f6neticiler ve taraftarlar taraf\u0131ndan kar\u015f\u0131land\u0131.<\/p>\n<p>Ba\u015far\u0131l\u0131 futbolcu, daha sonra \u00f6zel bir ara\u00e7 ile kalaca\u011f\u0131 otele ge\u00e7ti. Bug\u00fcn sa\u011fl\u0131k kontrol\u00fcnden ge\u00e7ecek olan tecr\u00fcbeli golc\u00fc, ard\u0131ndan resmi s\u00f6zle\u015fmeyi imzalayacak.<\/p>\n","protected":false},"excerpt":{"rendered":"<p>\u0130ST\u0130KBAL MOB\u0130LYA KAYSER\u0130SPOR PRENS\u0130PTE ANLA\u015eAMAYA VARDI\u011eI TONGOLU FUTBOLCUSU EMMANUEL ADEBAYOR \u00d6\u011eLE SAATLER\u0130NDE KAYSER\u0130\u2019YE GELD\u0130.<\/p>\n","protected":false},"author":1,"featured_media":196105,"comment_status":"closed","ping_status":"open","sticky":false,"template":"","format":"standard","meta":{"jetpack_post_was_ever_published":false,"_jetpack_newsletter_access":"","_jetpack_dont_email_post_to_subs":false,"_jetpack_newsletter_tier_id":0,"_jetpack_memberships_contains_paywalled_content":false,"_jetpack_memberships_contains_paid_content":false,"footnotes":"","jetpack_publicize_message":"","jetpack_publicize_feature_enabled":true,"jetpack_social_post_already_shared":true,"jetpack_social_options":{"image_generator_settings":{"template":"highway","default_image_id":0,"font":"","enabled":false},"version":2}},"categories":[657],"tags":[48970,44398,127,5979],"class_list":["post-196104","post","type-post","status-publish","format-standard","has-post-thumbnail","hentry","category-spor","tag-adebayor","tag-emmanuel","tag-geldi","tag-kayseriye"],"jetpack_publicize_connections":[],"jetpack_featured_media_url":"https:\/\/i0.wp.com\/www.tvturk.com\/wp-content\/uploads\/2019\/08\/emmanuel-adebayor-kayseriye-geldi_d092b63.jpg?fit=1000%2C847","jetpack_sharing_enabled":true,"jetpack_shortlink":"https:\/\/wp.me\/paKIfm-P0Y","_links":{"self":[{"href":"http:\/\/www.tvturk.com\/index.php\/wp-json\/wp\/v2\/posts\/196104","targetHints":{"allow":["GET"]}}],"collection":[{"href":"http:\/\/www.tvturk.com\/index.php\/wp-json\/wp\/v2\/posts"}],"about":[{"href":"http:\/\/www.tvturk.com\/index.php\/wp-json\/wp\/v2\/types\/post"}],"author":[{"embeddable":true,"href":"http:\/\/www.tvturk.com\/index.php\/wp-json\/wp\/v2\/users\/1"}],"replies":[{"embeddable":true,"href":"http:\/\/www.tvturk.com\/index.php\/wp-json\/wp\/v2\/comments?post=196104"}],"version-history":[{"count":0,"href":"http:\/\/www.tvturk.com\/index.php\/wp-json\/wp\/v2\/posts\/196104\/revisions"}],"wp:featuredmedia":[{"embeddable":true,"href":"http:\/\/www.tvturk.com\/index.php\/wp-json\/wp\/v2\/media\/196105"}],"wp:attachment":[{"href":"http:\/\/www.tvturk.com\/index.php\/wp-json\/wp\/v2\/media?parent=196104"}],"wp:term":[{"taxonomy":"category","embeddable":true,"href":"http:\/\/www.tvturk.com\/index.php\/wp-json\/wp\/v2\/categories?post=196104"},{"taxonomy":"post_tag","embeddable":true,"href":"http:\/\/www.tvturk.com\/index.php\/wp-json\/wp\/v2\/tags?post=196104"}],"curies":[{"name":"wp","href":"https:\/\/api.w.org\/{rel}","templated":true}]}}