{"id":196122,"date":"2019-08-26T13:32:28","date_gmt":"2019-08-26T10:32:28","guid":{"rendered":"http:\/\/www.tvturk.com\/index.php\/rizespordan-el-kabirin-tesislerde-unutuldugu-haberine-yalanlama\/"},"modified":"2019-08-26T13:32:28","modified_gmt":"2019-08-26T10:32:28","slug":"rizespordan-el-kabirin-tesislerde-unutuldugu-haberine-yalanlama","status":"publish","type":"post","link":"http:\/\/www.tvturk.com\/index.php\/rizespordan-el-kabirin-tesislerde-unutuldugu-haberine-yalanlama\/","title":{"rendered":"Rizespor\u2019dan El Kabir\u2019in tesislerde unutuldu\u011fu haberine yalanlama"},"content":{"rendered":"<p>\u00c7aykur Rizespor\u2019un d\u00fcn evinde oynad\u0131\u011f\u0131 Demir Gurup Sivasspor ma\u00e7\u0131na ili\u015fkin \u00e7\u0131kan \u2018El Kabir tesiste unutuldu\u2019 \u015feklindeki haberler hakk\u0131nda Bas\u0131n S\u00f6zc\u00fcs\u00fc Hasan Yavuz Bak\u0131r, bir a\u00e7\u0131klama yaparak haberin ger\u00e7e\u011fi yans\u0131tmad\u0131\u011f\u0131n\u0131 s\u00f6yledi.<\/p>\n<p>Yapt\u0131\u011f\u0131 a\u00e7\u0131klamada El Kabir\u2019in sakatlanmas\u0131ndan dolay\u0131 ligin ilk 2 haftas\u0131nda ald\u0131klar\u0131 6 puan\u0131n sevincinin eksik kald\u0131\u011f\u0131 dile getiren Bak\u0131r, \u201c\u00c7aykur Rizesporumuz\u2019un ligin ilk 2 haftas\u0131nda toplad\u0131\u011f\u0131 6 puan\u0131n \u00f6nemi b\u00fcy\u00fck. Lige bu \u015fekilde ba\u015flamak bizim ve tak\u0131m\u0131m\u0131z ad\u0131na mutluluk verici. Ama ald\u0131\u011f\u0131m\u0131z galibiyetlerin buruk sevincini ya\u015f\u0131yoruz. El Kabir\u2019in durumu bizleri \u00e7ok \u00fczd\u00fc. Tam haz\u0131r olmadan 2\u2019de 2 yapmak \u00e7ok de\u011ferli. Tak\u0131m\u0131m\u0131za \u00e7ok \u00f6nemli takviyeler yapt\u0131k fakat hala eksik noktalar\u0131m\u0131z var. Transferde olmazsa olmaz\u0131m\u0131z en do\u011fru tercihi bulabilmek. Rizespor\u2019da oynamak isteyen, sadece para kazanmak amac\u0131nda olmayan, duru\u015fuyla tak\u0131m\u0131na katk\u0131 sa\u011flayacak isimleri kadromuza katmaya devam edece\u011fiz. El Kabir\u2019e \u00e7ok \u00fcz\u00fcld\u00fck. Galibiyet sevincimiz eksik kald\u0131. Tak\u0131m\u0131m\u0131z i\u00e7in \u00e7ok \u00f6nemli bir oyuncu. Hem teknik \u00f6zellikleri hem de sava\u015f\u00e7\u0131 ruhu bizim i\u00e7in \u00e7ok katk\u0131 sa\u011flay\u0131c\u0131. Kabir maalesef \u015fanss\u0131z bir sakatl\u0131k ge\u00e7irdi. Uzun bir s\u00fcre aram\u0131zda olamayacak\u201d dedi.<\/p>\n<p>Futbolcunun tesislerde unutulmas\u0131 gibi bir \u015feyin s\u00f6z konusu olamayaca\u011f\u0131n\u0131, El Kabir\u2019in ma\u00e7 \u00f6ncesi tedavisinin uzun s\u00fcrece\u011finin anla\u015f\u0131lmas\u0131 \u00fczerine tak\u0131m otob\u00fcs\u00fcn\u00fcn hareket etti\u011fini dile getiren Bak\u0131r ya\u015fanan olay\u0131, \u201c\u00dcz\u00fcld\u00fc\u011f\u00fcm\u00fcz ba\u015fka bir nokta ise sakatland\u0131\u011f\u0131 g\u00fcn as\u0131ls\u0131z haberlerin \u00e7\u0131km\u0131\u015f olmas\u0131. Rizespor tesisleri ile stadyum aras\u0131 5 dakika s\u00fcrm\u00fcyor. Futbolcu unutuldu diye bir \u015fey olmaz. Futbolcunun ma\u00e7 \u00f6ncesi tedavisi vard\u0131. Tedavi uzayaca\u011f\u0131 anla\u015f\u0131l\u0131nca tak\u0131m gecikmesin diye stadyuma hareket etti ve bir y\u00f6neticimiz tesislerde kalarak El Kabir\u2019in stadyuma gidi\u015fine yard\u0131mc\u0131 oldu. Bas\u0131nda son zamanlarda duyumlar \u00fczerinden yap\u0131lan haber say\u0131lar\u0131ndaki art\u0131\u015f d\u00fc\u015f\u00fcnd\u00fcr\u00fcc\u00fc boyutlarda\u201d ifadeleriyle anlatt\u0131.<\/p>\n","protected":false},"excerpt":{"rendered":"<p>\u00c7AYKUR R\u0130ZESPOR BASIN S\u00d6ZC\u00dcS\u00dc HASAN YAVUZ BAKIR, \u2018EL KAB\u0130R TES\u0130STE UNUTULDU\u2019 \u015eEKL\u0130NDEK\u0130 HABERLER\u0130 YALANLADI<\/p>\n","protected":false},"author":1,"featured_media":196123,"comment_status":"closed","ping_status":"open","sticky":false,"template":"","format":"standard","meta":{"jetpack_post_was_ever_published":false,"_jetpack_newsletter_access":"","_jetpack_dont_email_post_to_subs":false,"_jetpack_newsletter_tier_id":0,"_jetpack_memberships_contains_paywalled_content":false,"_jetpack_memberships_contains_paid_content":false,"footnotes":"","jetpack_publicize_message":"","jetpack_publicize_feature_enabled":true,"jetpack_social_post_already_shared":true,"jetpack_social_options":{"image_generator_settings":{"template":"highway","default_image_id":0,"font":"","enabled":false},"version":2}},"categories":[657],"tags":[23405,49250,41009,49251,10958,10697],"class_list":["post-196122","post","type-post","status-publish","format-standard","has-post-thumbnail","hentry","category-spor","tag-haberine","tag-kabirin","tag-rizespordan","tag-tesislerde","tag-unutuldugu","tag-yalanlama"],"jetpack_publicize_connections":[],"jetpack_featured_media_url":"https:\/\/i0.wp.com\/www.tvturk.com\/wp-content\/uploads\/2019\/08\/rizespordan-el-kabirin-tesislerde-unutuldugu-haberine-yalanlama_7733ec2.jpg?fit=1000%2C795","jetpack_sharing_enabled":true,"jetpack_shortlink":"https:\/\/wp.me\/paKIfm-P1g","_links":{"self":[{"href":"http:\/\/www.tvturk.com\/index.php\/wp-json\/wp\/v2\/posts\/196122","targetHints":{"allow":["GET"]}}],"collection":[{"href":"http:\/\/www.tvturk.com\/index.php\/wp-json\/wp\/v2\/posts"}],"about":[{"href":"http:\/\/www.tvturk.com\/index.php\/wp-json\/wp\/v2\/types\/post"}],"author":[{"embeddable":true,"href":"http:\/\/www.tvturk.com\/index.php\/wp-json\/wp\/v2\/users\/1"}],"replies":[{"embeddable":true,"href":"http:\/\/www.tvturk.com\/index.php\/wp-json\/wp\/v2\/comments?post=196122"}],"version-history":[{"count":0,"href":"http:\/\/www.tvturk.com\/index.php\/wp-json\/wp\/v2\/posts\/196122\/revisions"}],"wp:featuredmedia":[{"embeddable":true,"href":"http:\/\/www.tvturk.com\/index.php\/wp-json\/wp\/v2\/media\/196123"}],"wp:attachment":[{"href":"http:\/\/www.tvturk.com\/index.php\/wp-json\/wp\/v2\/media?parent=196122"}],"wp:term":[{"taxonomy":"category","embeddable":true,"href":"http:\/\/www.tvturk.com\/index.php\/wp-json\/wp\/v2\/categories?post=196122"},{"taxonomy":"post_tag","embeddable":true,"href":"http:\/\/www.tvturk.com\/index.php\/wp-json\/wp\/v2\/tags?post=196122"}],"curies":[{"name":"wp","href":"https:\/\/api.w.org\/{rel}","templated":true}]}}